{"id":92482,"date":"2025-11-21T01:24:27","date_gmt":"2025-11-21T01:24:27","guid":{"rendered":"https:\/\/www.europesays.com\/no\/92482\/"},"modified":"2025-11-21T01:24:27","modified_gmt":"2025-11-21T01:24:27","slug":"gjekk-til-topps-i-konkurranse-sunnhordland-no","status":"publish","type":"post","link":"https:\/\/www.europesays.com\/no\/92482\/","title":{"rendered":"(+) Gjekk til topps i konkurranse &#8211; sunnhordland.no"},"content":{"rendered":"<ol>\n<li><a href=\"https:\/\/news.google.com\/rss\/articles\/CBMif0FVX3lxTE5LR2tiRmdSOTdkR0Z0N0Fod1hON0FGZTZLUl9LM1QwTlQwLWFLa1p1UXpQZnZLZTNuS0dMaUltV0IyNTg3SkJTRk1ZYjhVdmdtXzd6c0E5d1czTzFXZVJtNmI5bHBDb0tfOGl3cFZxMURXbHh1VVBwZE9BMVZTWDA?oc=5\" target=\"_blank\" rel=\"nofollow noopener\">(+) Gjekk til topps i konkurranse<\/a>&nbsp;&nbsp;sunnhordland.no<\/li>\n<li><a href=\"https:\/\/news.google.com\/rss\/articles\/CBMiggFBVV95cUxNS1BadGNpTktjekNYREJoWDE1bEtMZnJMNjFTZTlxeVM2MmJqVG9QZVR1bHVVUnBJc2tFQzktak9MVThJNmVJTC1IVFJmenJ2bWlvZ1BvLW9ZcTBlcnluSGFQRElPbHdtTWJfLUJOSndfWHN1NGJNR1JyaDdybVJ4d3VB?oc=5\" target=\"_blank\" rel=\"nofollow noopener\">Stordselskap til topps: \u2013 Utruleg stolt<\/a>&nbsp;&nbsp;stord24.no<\/li>\n<li><a href=\"https:\/\/news.google.com\/rss\/articles\/CBMilAFBVV95cUxQaVNlZTZRcVhsX0dXb2JKZWVfX2Zfb1hqUzRxbW9FV1ZZNktmUm9zemJzY25iVTVCVFgwdUpKZW0tNmhNU0NsMTB6a0NkYjFLMW5sR0pqN3U2N2NTdThtNnltY0trdjV0MU9XWjBfR0pNVkdzOFpNU1JRcTY0N05icGhpV3JEMHN2dTFZdFo4aC1QSmpC?oc=5\" target=\"_blank\" rel=\"nofollow noopener\">\u00d8konomistudio<\/a>&nbsp;&nbsp;Stavanger Aftenblad<\/li>\n<li><a href=\"https:\/\/news.google.com\/rss\/articles\/CBMiqgFBVV95cUxOQmdIMlNVTnNlcUd6cmU2enVjV3hHSkxfVmlZelRzd3VuLWNDSUpha016aGxFUjNkWm9JNHpUNW1xc1E5S3EtNGNjT0Z0aDI2Q0J4VE85UGlsRmlCNU5sdWxseW1KdUJXYldpSV9EYnhZODVaS0s0UTJidTZwbW15VV82V0VpOXpaRFJ0V3FXMWg4bXBXeTRIVjBEZmdBUk1hTVdydFU3Q3pfUQ?oc=5\" target=\"_blank\" rel=\"nofollow noopener\">N\u00e6ringsliv, Nordasfalt | Bod\u00f8-bedrift kan vinne prestisjepris: \u2013 Skaper verdier for hele regionen<\/a>&nbsp;&nbsp;Bod\u00f8 Nu<\/li>\n<li><a href=\"https:\/\/news.google.com\/rss\/articles\/CBMidkFVX3lxTE1tVnBRV2Yxb3Vlc3RNLVlIRUVWdFIxenh1Si1uTy1vNzc2TTJldVZMcmZ1blRrd0JhNG1EY1FfdjV1bVM2TnRsd211Smtqa2dCVXNpcXRzWEg4WUNEdW9qYjVyT3gtRktwcURrY0doRWhOQlJBTVE?oc=5\" target=\"_blank\" rel=\"nofollow noopener\">Heder til lokale gr\u00fcndere<\/a>&nbsp;&nbsp;RA Stavanger<\/li>\n<\/ol>\n","protected":false},"excerpt":{"rendered":"(+) Gjekk til topps i konkurranse&nbsp;&nbsp;sunnhordland.no Stordselskap til topps: \u2013 Utruleg stolt&nbsp;&nbsp;stord24.no \u00d8konomistudio&nbsp;&nbsp;Stavanger Aftenblad N\u00e6ringsliv, Nordasfalt | Bod\u00f8-bedrift&hellip;\n","protected":false},"author":2,"featured_media":92483,"comment_status":"","ping_status":"","sticky":false,"template":"","format":"standard","meta":{"footnotes":""},"categories":[10],"tags":[6019,444,20,21,24,25,15,12066,12065,22,23,62,13,30,28,29,14,16,26,27],"class_list":{"0":"post-92482","1":"post","2":"type-post","3":"status-publish","4":"format-standard","5":"has-post-thumbnail","7":"category-norge","8":"tag-aritech","9":"tag-bergen","10":"tag-breaking-news","11":"tag-breakingnews","12":"tag-featured-news","13":"tag-featurednews","14":"tag-headlines","15":"tag-hotel-norge","16":"tag-jan-richard-dyrseth","17":"tag-latest-news","18":"tag-latestnews","19":"tag-naeringsliv","20":"tag-news","21":"tag-no","22":"tag-norge","23":"tag-norway","24":"tag-nyheter","25":"tag-overskrifter","26":"tag-top-stories","27":"tag-topstories"},"share_on_mastodon":{"url":"https:\/\/pubeurope.com\/@no\/115585080595268776","error":""},"_links":{"self":[{"href":"https:\/\/www.europesays.com\/no\/wp-json\/wp\/v2\/posts\/92482","targetHints":{"allow":["GET"]}}],"collection":[{"href":"https:\/\/www.europesays.com\/no\/wp-json\/wp\/v2\/posts"}],"about":[{"href":"https:\/\/www.europesays.com\/no\/wp-json\/wp\/v2\/types\/post"}],"author":[{"embeddable":true,"href":"https:\/\/www.europesays.com\/no\/wp-json\/wp\/v2\/users\/2"}],"replies":[{"embeddable":true,"href":"https:\/\/www.europesays.com\/no\/wp-json\/wp\/v2\/comments?post=92482"}],"version-history":[{"count":0,"href":"https:\/\/www.europesays.com\/no\/wp-json\/wp\/v2\/posts\/92482\/revisions"}],"wp:featuredmedia":[{"embeddable":true,"href":"https:\/\/www.europesays.com\/no\/wp-json\/wp\/v2\/media\/92483"}],"wp:attachment":[{"href":"https:\/\/www.europesays.com\/no\/wp-json\/wp\/v2\/media?parent=92482"}],"wp:term":[{"taxonomy":"category","embeddable":true,"href":"https:\/\/www.europesays.com\/no\/wp-json\/wp\/v2\/categories?post=92482"},{"taxonomy":"post_tag","embeddable":true,"href":"https:\/\/www.europesays.com\/no\/wp-json\/wp\/v2\/tags?post=92482"}],"curies":[{"name":"wp","href":"https:\/\/api.w.org\/{rel}","templated":true}]}}