{"id":92484,"date":"2025-11-21T01:26:11","date_gmt":"2025-11-21T01:26:11","guid":{"rendered":"https:\/\/www.europesays.com\/no\/92484\/"},"modified":"2025-11-21T01:26:11","modified_gmt":"2025-11-21T01:26:11","slug":"kunne-ikke-bevege-meg","status":"publish","type":"post","link":"https:\/\/www.europesays.com\/no\/92484\/","title":{"rendered":"\u2013 Kunne ikke bevege meg"},"content":{"rendered":"\n<p class=\"_lead_o9xde_2 _lead_xtcu6_50 layout-component text-serif-m layout-normal text-serif-l layout-component layout-wide layout-padded _wide_17hqh_1 layout-padded\">Turnstjernen avsl\u00f8rer at hun fikk panikk etter inngrepet.<\/p>\n<p><img alt=\" Foto: VALERIE MACON \/ AFP \/ NTB\" class=\"_image_qp4xg_65 layout-component layout-wide\" data-fullscreen- data-track-element-type=\"Article image fullscreen\" data-track-name=\"ImageFullscreen\" fetchpriority=\"high\" decoding=\"sync\" loading=\"eager\" height=\"1836\" itemprop=\"image\"  src=\"https:\/\/www.europesays.com\/no\/wp-content\/uploads\/2025\/11\/169d54e0-e7b6-4fa6-92d5-85c4d47c3095\"  style=\"object-position:0% 0%\" width=\"2613\"\/> Foto: VALERIE MACON \/ AFP \/ NTB<\/p>\n<ul aria-hidden=\"true\" class=\"_images_18f0k_111\">\n<li><a class=\"_link_18f0k_116\" href=\"https:\/\/www.vg.no\/forfatter\/hege-varsi\" style=\"z-index:1\" title=\"Hege Varsi\" rel=\"nofollow noopener\" target=\"_blank\"><img alt=\"Bilde av Hege Varsi\" class=\"_image_18f0k_93\" fetchpriority=\"low\" loading=\"lazy\" decoding=\"async\" itemprop=\"image\"  src=\"https:\/\/www.europesays.com\/no\/wp-content\/uploads\/2025\/11\/1763688370_697_d48c09ee-ae08-4a71-8e5b-8db7c6b4f37d\"  width=\"480\"\/><\/a><\/li>\n<\/ul>\n<p> Oppdatert fredag 21. november kl. 02:07     <\/p>\n<p class=\"_paragraph_o9xde_4 _paragraph_xtcu6_10 layout-component text-serif-m layout-normal text-serif-m layout-padded\">Den amerikanske turnlegenden <a href=\"https:\/\/www.vg.no\/tag\/simone-biles?utm_source=vg-article&amp;utm_medium=auto-tagger&amp;utm_campaign=M7w77o\" class=\"_link_o9xde_39\" rel=\"nofollow noopener\" target=\"_blank\">Simone Biles<\/a> (28) har \u00e5pnet seg om brystoperasjonen hun gjennomgikk i juni.<\/p>\n<p class=\"_paragraph_o9xde_4 _paragraph_xtcu6_10 layout-component text-serif-m layout-normal text-serif-m layout-padded\">I en TikTok-video til sine 5,5 millioner f\u00f8lgere forteller hun at hun ble skremt av hvor vondt det gjorde.<\/p>\n<p class=\"_paragraph_o9xde_4 _paragraph_xtcu6_10 layout-component text-serif-m layout-normal text-serif-m layout-padded\">\u2013 Jeg fikk gjort brystene mine 16. juni. Dere l\u00f8y, dette gjorde s\u00e5 vondt. Jeg kunne ikke bevege meg selv, sier Biles if\u00f8lge <a href=\"https:\/\/www.dailymail.co.uk\/sport\/olympics\/article-15311123\/Simone-Biles-reveals-boob-job-freaked-results.html\" class=\"_link_o9xde_39\" rel=\"nofollow noopener\" target=\"_blank\">Daily Mail<\/a>.<\/p>\n<p class=\"_paragraph_o9xde_4 _paragraph_xtcu6_10 layout-component text-serif-m layout-normal text-serif-m layout-padded\">Hun forteller at hun tok to uker fri og at ektemannen Jonathan Owens m\u00e5tte hjelpe henne med alt.<\/p>\n<p class=\"_paragraph_o9xde_4 _paragraph_xtcu6_10 layout-component text-serif-m layout-normal text-serif-m layout-padded\">\u2013 Den aller f\u00f8rste dagen m\u00e5tte Jonathan fysisk l\u00f8fte meg opp av sengen og ta meg til toalettet, sier hun.<\/p>\n<p class=\"_paragraph_o9xde_4 _paragraph_xtcu6_10 layout-component text-serif-m layout-normal text-serif-m layout-padded\">Biles forteller at hun fikk lagt brystimplantatene under muskelen, og at hun tror at hennes muskul\u00f8se kropp gjorde at hun fikk mer smerter enn andre.<\/p>\n<p><img alt=\"Simone Biles slik vi er vant til \u00e5 se henne.   Foto: Igor Kralj\/PIXSELL \/ Pa Photos \/ NTB\" class=\"_image_qp4xg_65 layout-component layout-normal\" data-fullscreen- data-track-element-type=\"Article image fullscreen\" data-track-name=\"ImageFullscreen\" decoding=\"async\" loading=\"lazy\" height=\"2667\" itemprop=\"image\"  src=\"https:\/\/www.europesays.com\/no\/wp-content\/uploads\/2025\/11\/41119a38-e384-4ca3-a805-503412402c99\"  style=\"object-position:0% 0%\" width=\"4000\"\/>Simone Biles slik vi er vant til \u00e5 se henne.   Foto: Igor Kralj\/PIXSELL \/ Pa Photos \/ NTB<\/p>\n<p class=\"_paragraph_o9xde_4 _paragraph_xtcu6_10 layout-component text-serif-m layout-normal text-serif-m layout-padded\">Men det var ikke bare smertene som skremt henne. Hun fikk ogs\u00e5 panikk over hvordan brystene s\u00e5 ut rett etter operasjonen.<\/p>\n<p class=\"_paragraph_o9xde_4 _paragraph_xtcu6_10 layout-component text-serif-m layout-normal text-serif-m layout-padded\">\u2013 De var helt opp til halsen og jeg fikk panikk. Jeg snakket med legen min og sa \u00abta dem ut, de m\u00e5 v\u00e6re mindre, de ser ut som romvesener\u00bb. Men n\u00e5 er de perfekte, forteller hun.<\/p>\n<p class=\"_paragraph_o9xde_4 _paragraph_xtcu6_10 layout-component text-serif-m layout-normal text-serif-m layout-padded\">Biles vant gull i lag, mangekamp og hopp under OL i Paris i sommer og har antydet at hun kanskje ikke er ferdig med OL-karrieren f\u00f8r hjemme-OL i Los Angeles i 2028.<\/p>\n","protected":false},"excerpt":{"rendered":"Turnstjernen avsl\u00f8rer at hun fikk panikk etter inngrepet. Foto: VALERIE MACON \/ AFP \/ NTB Oppdatert fredag 21.&hellip;\n","protected":false},"author":2,"featured_media":92485,"comment_status":"","ping_status":"","sticky":false,"template":"","format":"standard","meta":{"footnotes":""},"categories":[59],"tags":[30,28,29,750,10971,83,82,46],"class_list":{"0":"post-92484","1":"post","2":"type-post","3":"status-publish","4":"format-standard","5":"has-post-thumbnail","7":"category-sport","8":"tag-no","9":"tag-norge","10":"tag-norway","11":"tag-ol-i-paris","12":"tag-simone-biles","13":"tag-sport","14":"tag-sports","15":"tag-vgai"},"share_on_mastodon":{"url":"https:\/\/pubeurope.com\/@no\/115585088570673561","error":""},"_links":{"self":[{"href":"https:\/\/www.europesays.com\/no\/wp-json\/wp\/v2\/posts\/92484","targetHints":{"allow":["GET"]}}],"collection":[{"href":"https:\/\/www.europesays.com\/no\/wp-json\/wp\/v2\/posts"}],"about":[{"href":"https:\/\/www.europesays.com\/no\/wp-json\/wp\/v2\/types\/post"}],"author":[{"embeddable":true,"href":"https:\/\/www.europesays.com\/no\/wp-json\/wp\/v2\/users\/2"}],"replies":[{"embeddable":true,"href":"https:\/\/www.europesays.com\/no\/wp-json\/wp\/v2\/comments?post=92484"}],"version-history":[{"count":0,"href":"https:\/\/www.europesays.com\/no\/wp-json\/wp\/v2\/posts\/92484\/revisions"}],"wp:featuredmedia":[{"embeddable":true,"href":"https:\/\/www.europesays.com\/no\/wp-json\/wp\/v2\/media\/92485"}],"wp:attachment":[{"href":"https:\/\/www.europesays.com\/no\/wp-json\/wp\/v2\/media?parent=92484"}],"wp:term":[{"taxonomy":"category","embeddable":true,"href":"https:\/\/www.europesays.com\/no\/wp-json\/wp\/v2\/categories?post=92484"},{"taxonomy":"post_tag","embeddable":true,"href":"https:\/\/www.europesays.com\/no\/wp-json\/wp\/v2\/tags?post=92484"}],"curies":[{"name":"wp","href":"https:\/\/api.w.org\/{rel}","templated":true}]}}