{"id":92496,"date":"2025-11-21T02:16:09","date_gmt":"2025-11-21T02:16:09","guid":{"rendered":"https:\/\/www.europesays.com\/no\/92496\/"},"modified":"2025-11-21T02:16:09","modified_gmt":"2025-11-21T02:16:09","slug":"frida-kahlo-setter-ny-rekord-for-kvinnelige-kunstnere","status":"publish","type":"post","link":"https:\/\/www.europesays.com\/no\/92496\/","title":{"rendered":"Frida Kahlo setter ny rekord for kvinnelige kunstnere"},"content":{"rendered":"\n<p class=\"_lead_o9xde_2 _lead_xtcu6_50 layout-component text-serif-m layout-normal text-serif-l layout-component layout-wide layout-padded _wide_17hqh_1 layout-padded\">Den meksikanske kunstneren Frida Kahlo satte rekord for kvinnelige kunstnere da et selvportrett ble solgt p\u00e5 auksjon for 54,7 millioner dollar.<\/p>\n<p><img alt=\"Frida Kahlos sovende selvportrett \u00abEl sue\u00f1o (La cama)\u00bb satte ny auksjonsrekord for verk av kvinnelige kunstnere da det gikk under hammeren i New York torsdag.  Foto: Kirsty Wigglesworth \/ AP \/ NTB\" class=\"_image_qp4xg_65 layout-component layout-wide\" data-fullscreen- data-track-element-type=\"Article image fullscreen\" data-track-name=\"ImageFullscreen\" fetchpriority=\"high\" decoding=\"sync\" loading=\"eager\" height=\"5760\" itemprop=\"image\"  src=\"https:\/\/www.europesays.com\/no\/wp-content\/uploads\/2025\/11\/2922e307-4dca-470c-b72a-8035d6130710\"  style=\"object-position:0% 0%\" width=\"8640\"\/>Frida Kahlos sovende selvportrett \u00abEl sue\u00f1o (La cama)\u00bb satte ny auksjonsrekord for verk av kvinnelige kunstnere da det gikk under hammeren i New York torsdag.  Foto: Kirsty Wigglesworth \/ AP \/ NTB<\/p>\n<ul aria-hidden=\"true\" class=\"_images_18f0k_111\">\n<li><a class=\"_link_18f0k_116\" href=\"https:\/\/www.vg.no\/forfatter\/ntb\" style=\"z-index:1\" title=\"NTB\" rel=\"nofollow noopener\" target=\"_blank\"><img alt=\"Bilde av NTB\" class=\"_image_18f0k_93\" fetchpriority=\"low\" loading=\"lazy\" decoding=\"async\" itemprop=\"image\"  src=\"https:\/\/www.europesays.com\/no\/wp-content\/uploads\/2025\/11\/1763691369_725_c33980b0-5d07-4027-84a1-813f90a7c8d6\"  width=\"480\"\/><\/a><\/li>\n<\/ul>\n<p> Oppdatert fredag 21. november kl. 02:46     <\/p>\n<p class=\"_paragraph_o9xde_4 _paragraph_xtcu6_10 layout-component text-serif-m layout-normal text-serif-m layout-padded\">Bildet \u00abEl sue\u00f1o (La cama)\u00bb \u2013 p\u00e5 norsk \u00abDr\u00f8mmen (Sengen) \u2013 gikk under hammeren i <a href=\"https:\/\/www.vg.no\/tag\/new-york?utm_source=vg-article&amp;utm_medium=auto-tagger&amp;utm_campaign=lngnKL\" class=\"_link_o9xde_39\" rel=\"nofollow noopener\" target=\"_blank\">New York<\/a> torsdag. Vinnerbudet tilsvarer 558 millioner norske kroner med dagens kurs.<\/p>\n<p class=\"_paragraph_o9xde_4 _paragraph_xtcu6_10 layout-component text-serif-m layout-normal text-serif-m layout-padded\">Den forrige rekorden tilh\u00f8rte Georgia O\u2019Keeffes \u00abJimson Weed\/White Flower No. 1\u00bb, som ble solgt av Sotheby&#8217;s for $44,4 millioner dollar i 2014. <\/p>\n<p class=\"_paragraph_o9xde_4 _paragraph_xtcu6_10 layout-component text-serif-m layout-normal text-serif-m layout-padded\">Kahlos dyreste bilde f\u00f8r torsdagens rekordsalg var p\u00e5 34,9 millioner dollar for \u00abDiego og jeg\u00bb i 2021. Bildet viser Kahlo og hennes kunstnerektemann Diego Rivera. Andre Kahlo-bilder skal ha oppn\u00e5dd enda h\u00f8yere priser ved private salg.<\/p>\n<p class=\"_paragraph_o9xde_4 _paragraph_xtcu6_10 layout-component text-serif-m layout-normal text-serif-m layout-padded\">\u00abEl sue\u00f1o (La cama)\u00bb skal v\u00e6re ett av f\u00e5 Kahlo-verks om er i privat eie utenfor hjemlandet Mexico. Der er verkene hennes beskyttet, og det er ulovlig \u00e5 selge dem til utlandet eller destruere dem. <\/p>\n<p class=\"_paragraph_o9xde_4 _paragraph_xtcu6_10 layout-component text-serif-m layout-normal text-serif-m layout-padded\">Bildet viser Kahlo sovende i en himmelseng som svever blant skyene. Kunstneren, som levde fra 1907 til 1954, sa en gang at hun aldri malte dr\u00f8mmer. Hun motsatte seg ogs\u00e5 \u00e5 bli omtalt som surrealist, som er inspirert av det ubevisste og ofte er dr\u00f8mmende.<\/p>\n<p class=\"_paragraph_o9xde_4 _paragraph_xtcu6_10 layout-component text-serif-m layout-normal text-serif-m layout-padded\">\u2013 Jeg malte min virkelighet, sa Kahlo.<\/p>\n","protected":false},"excerpt":{"rendered":"Den meksikanske kunstneren Frida Kahlo satte rekord for kvinnelige kunstnere da et selvportrett ble solgt p\u00e5 auksjon for&hellip;\n","protected":false},"author":2,"featured_media":92497,"comment_status":"","ping_status":"","sticky":false,"template":"","format":"standard","meta":{"footnotes":""},"categories":[58],"tags":[6999,71,635,97,30,28,29,72],"class_list":{"0":"post-92496","1":"post","2":"type-post","3":"status-publish","4":"format-standard","5":"has-post-thumbnail","7":"category-underholdning","8":"tag-auksjon","9":"tag-entertainment","10":"tag-kunst","11":"tag-new-york","12":"tag-no","13":"tag-norge","14":"tag-norway","15":"tag-underholdning"},"share_on_mastodon":{"url":"https:\/\/pubeurope.com\/@no\/115585285130415436","error":""},"_links":{"self":[{"href":"https:\/\/www.europesays.com\/no\/wp-json\/wp\/v2\/posts\/92496","targetHints":{"allow":["GET"]}}],"collection":[{"href":"https:\/\/www.europesays.com\/no\/wp-json\/wp\/v2\/posts"}],"about":[{"href":"https:\/\/www.europesays.com\/no\/wp-json\/wp\/v2\/types\/post"}],"author":[{"embeddable":true,"href":"https:\/\/www.europesays.com\/no\/wp-json\/wp\/v2\/users\/2"}],"replies":[{"embeddable":true,"href":"https:\/\/www.europesays.com\/no\/wp-json\/wp\/v2\/comments?post=92496"}],"version-history":[{"count":0,"href":"https:\/\/www.europesays.com\/no\/wp-json\/wp\/v2\/posts\/92496\/revisions"}],"wp:featuredmedia":[{"embeddable":true,"href":"https:\/\/www.europesays.com\/no\/wp-json\/wp\/v2\/media\/92497"}],"wp:attachment":[{"href":"https:\/\/www.europesays.com\/no\/wp-json\/wp\/v2\/media?parent=92496"}],"wp:term":[{"taxonomy":"category","embeddable":true,"href":"https:\/\/www.europesays.com\/no\/wp-json\/wp\/v2\/categories?post=92496"},{"taxonomy":"post_tag","embeddable":true,"href":"https:\/\/www.europesays.com\/no\/wp-json\/wp\/v2\/tags?post=92496"}],"curies":[{"name":"wp","href":"https:\/\/api.w.org\/{rel}","templated":true}]}}