{"id":92581,"date":"2025-11-21T06:19:10","date_gmt":"2025-11-21T06:19:10","guid":{"rendered":"https:\/\/www.europesays.com\/no\/92581\/"},"modified":"2025-11-21T06:19:10","modified_gmt":"2025-11-21T06:19:10","slug":"kristiansund-kultur-kvammen-dropper-storbyene-tar-juleturne-til-bygda","status":"publish","type":"post","link":"https:\/\/www.europesays.com\/no\/92581\/","title":{"rendered":"Kristiansund, Kultur | Kvammen dropper storbyene: Tar juleturn\u00e9 til bygda"},"content":{"rendered":"\n<p>2. desember tar Daniel Kvammen turen til Bjerkestrand grendehus n\u00e5r han igjen legger ut p\u00e5 juleturn\u00e9. M\u00e5let er \u00e5 skape den intime julestemningen han selv forbinder med bygda.<\/p>\n<p>\u2013 Endelig skal jeg p\u00e5 juleturn\u00e9 igjen. Vi gjentar fjor\u00e5rets braksuksess og arrangerer julekonsert fra bygd til bygd, skriver Kvammen p\u00e5 arrangementet sitt p\u00e5 Facebook.<\/p>\n<p>I innlegget beskriver han jula som ei sn\u00f8kledd bygd innerst i en dal, \u00abi enden av en fjord\u00bb, der roen ligger i b\u00e5de landskapet og menneskene som samles.<\/p>\n<p>\u2013 Der i enden av veien, der finnes jula. Det er et sted som heter hjemme. Hos familie og venner. Snille og gode, merkelige og rare, skriver han.<\/p>\n<p>Vil vekke liv i gamle hus<\/p>\n<p>Ogs\u00e5 denne gangen er det de sm\u00e5 stedene han vil l\u00f8fte fram. Kvammen forteller at han \u00f8nsker \u00e5 vekke liv i gamle grendehus og bes\u00f8ke lokalsamfunn som ofte havner utenfor de store turn\u00e9rutene.<\/p>\n<p>\u2013 N\u00e5r jeg f\u00f8rst skal spille opp til jul, s\u00e5 skal jeg virkelig gj\u00f8re det p\u00e5 bygda. Vi skal vekke gamle grendehus, og vi skal reise til alle de flotte sm\u00e5 stedene vi har i dette landet, skriver han.<\/p>\n<p>Han h\u00e5per publikum vil m\u00f8te opp og v\u00e6re med \u00e5 feire det han mener er selve kjernen i f\u00f8rjulstida.<\/p>\n<p>\u2013 Det aller viktigste er at vi skal feire det fineste vi har; hverandre, avslutter han.<\/p>\n<p>D\u00f8rene \u00e5pner klokken 18 p\u00e5 Bjerkestrand grendehus. Konserten starter klokken 19.<\/p>\n<p>  <a href=\"https:\/\/www.tk.no\/5-51-1617115\" class=\"related-teaser has-image default-story-teaser article--c-eRUmMG article--c-eRUmMG-jKCPdD-design-default\" rel=\"nofollow noopener\" target=\"_blank\"><\/p>\n<p>    <img decoding=\"async\" loading=\"lazy\"  src=\"https:\/\/www.europesays.com\/no\/wp-content\/uploads\/2025\/11\/DanielKvammen_1240.png\" alt=\"\" class=\"brick-c-cFOWSL\" style=\"\"\/><\/p>\n<p>\n            Les ogs\u00e5<\/p>\n<p>              Daniels (36) f\u00f8rste juleturn\u00e9: \u2013 Vi spiller i alle kirkene og krokene\n        <\/p>\n<p>  <\/a><\/p>\n<p>  <a href=\"https:\/\/www.tk.no\/5-51-1770083\" class=\"related-teaser has-image default-story-teaser article--c-eRUmMG article--c-eRUmMG-jKCPdD-design-default\" rel=\"nofollow noopener\" target=\"_blank\"><\/p>\n<p>    <img decoding=\"async\" loading=\"lazy\"  src=\"https:\/\/www.europesays.com\/no\/wp-content\/uploads\/2025\/11\/image_0EAE2DD5-9B96-42F0-B3B6-9BCE6A629EA1_1762870470.heic\" alt=\"\" class=\"brick-c-cFOWSL\" style=\"\"\/><\/p>\n<p>\n            Les ogs\u00e5<\/p>\n<p>              Ida (15) er solist, men vil helst slippe notene: \u2013 Ikke kult!\n        <\/p>\n<p>  <\/a><\/p>\n<p>  <a href=\"https:\/\/www.tk.no\/5-51-1767064\" class=\"related-teaser has-image default-story-teaser article--c-eRUmMG article--c-eRUmMG-jKCPdD-design-default\" rel=\"nofollow noopener\" target=\"_blank\"><\/p>\n<p>    <img decoding=\"async\" loading=\"lazy\"  src=\"https:\/\/www.europesays.com\/no\/wp-content\/uploads\/2025\/11\/20250617_152642.jpg\" alt=\"\" class=\"brick-c-cFOWSL\" style=\"\"\/><\/p>\n<p>\n            Les ogs\u00e5<\/p>\n<p>              Her er det plass til tre: \u2013 H\u00e5per de finner bedre l\u00f8sninger\n        <\/p>\n<p>  <\/a><\/p>\n","protected":false},"excerpt":{"rendered":"2. desember tar Daniel Kvammen turen til Bjerkestrand grendehus n\u00e5r han igjen legger ut p\u00e5 juleturn\u00e9. M\u00e5let er&hellip;\n","protected":false},"author":2,"featured_media":92582,"comment_status":"","ping_status":"","sticky":false,"template":"","format":"standard","meta":{"footnotes":""},"categories":[58],"tags":[36,71,155,298,410,221,30,28,29,1510,72],"class_list":{"0":"post-92581","1":"post","2":"type-post","3":"status-publish","4":"format-standard","5":"has-post-thumbnail","7":"category-underholdning","8":"tag-art","9":"tag-entertainment","10":"tag-konsert","11":"tag-kristiansund","12":"tag-kultur","13":"tag-musikk","14":"tag-no","15":"tag-norge","16":"tag-norway","17":"tag-story","18":"tag-underholdning"},"share_on_mastodon":{"url":"https:\/\/pubeurope.com\/@no\/115586240793023981","error":""},"_links":{"self":[{"href":"https:\/\/www.europesays.com\/no\/wp-json\/wp\/v2\/posts\/92581","targetHints":{"allow":["GET"]}}],"collection":[{"href":"https:\/\/www.europesays.com\/no\/wp-json\/wp\/v2\/posts"}],"about":[{"href":"https:\/\/www.europesays.com\/no\/wp-json\/wp\/v2\/types\/post"}],"author":[{"embeddable":true,"href":"https:\/\/www.europesays.com\/no\/wp-json\/wp\/v2\/users\/2"}],"replies":[{"embeddable":true,"href":"https:\/\/www.europesays.com\/no\/wp-json\/wp\/v2\/comments?post=92581"}],"version-history":[{"count":0,"href":"https:\/\/www.europesays.com\/no\/wp-json\/wp\/v2\/posts\/92581\/revisions"}],"wp:featuredmedia":[{"embeddable":true,"href":"https:\/\/www.europesays.com\/no\/wp-json\/wp\/v2\/media\/92582"}],"wp:attachment":[{"href":"https:\/\/www.europesays.com\/no\/wp-json\/wp\/v2\/media?parent=92581"}],"wp:term":[{"taxonomy":"category","embeddable":true,"href":"https:\/\/www.europesays.com\/no\/wp-json\/wp\/v2\/categories?post=92581"},{"taxonomy":"post_tag","embeddable":true,"href":"https:\/\/www.europesays.com\/no\/wp-json\/wp\/v2\/tags?post=92581"}],"curies":[{"name":"wp","href":"https:\/\/api.w.org\/{rel}","templated":true}]}}