{"id":92594,"date":"2025-11-21T06:38:14","date_gmt":"2025-11-21T06:38:14","guid":{"rendered":"https:\/\/www.europesays.com\/no\/92594\/"},"modified":"2025-11-21T06:38:14","modified_gmt":"2025-11-21T06:38:14","slug":"jernkvinnens-kostbare-planer-e24","status":"publish","type":"post","link":"https:\/\/www.europesays.com\/no\/92594\/","title":{"rendered":"\u00abJernkvinnens\u00bb kostbare planer \u2013 E24"},"content":{"rendered":"<p><img decoding=\"async\" class=\"image-asset hyperion-css-1srdqr0\" data-test-tag=\"image-asset\" src=\"https:\/\/www.europesays.com\/no\/wp-content\/uploads\/2025\/11\/62ae182f-5a54-4275-9c03-7c7747efb361\"  alt=\"Statsminister i Japan, Sanae Takaichi.\"  loading=\"eager\" fetchpriority=\"high\" style=\"aspect-ratio:1900 \/ 1267\"\/>Statsminister i Japan, Sanae Takaichi. Foto: Daisuke Suzuki \/ AP<\/p>\n<p class=\"extendedContent hyperion-css-1rezocc\" data-test-tag=\"lead-text\">Utfordringene st\u00e5r i k\u00f8 for Japans f\u00f8rste kvinnelige statsminister. <\/p>\n<p>Publisert: Publisert: <\/p>\n<p>For mindre enn 40 minutter siden<\/p>\n<p>Dette er en kommentar<\/p>\n<p> Kommentaren gir uttrykk for skribentens holdning.<\/p>\n<p class=\"hyperion-css-1lemvax\">Etter bare f\u00e5 uker i stolen som Japans nye statsminister, er forventningene til Sanae Takaichis \u00f8konomiske politikk, ogs\u00e5 kalt \u00abSanaenomics\u00bb, at det vil bli dyrt.<\/p>\n<p class=\"hyperion-css-1lemvax\">Det gj\u00f8r at rentene p\u00e5 japanske statsobligasjoner stiger betydelig. <\/p>\n<p class=\"hyperion-css-1lemvax\">Denne uken n\u00e5dde renten p\u00e5 statsobligasjoner med ti \u00e5rs l\u00f8petid det h\u00f8yeste niv\u00e5et siden finanskrisen i juni 2008, mens statsrentepapirer med 30 \u00e5rs l\u00f8petid nylig n\u00e5dde en ny toppnotering, if\u00f8lge <a aria-label=\"FT\" class=\"default_opinion hyperion-css-1rezu2g\" href=\"https:\/\/www.ft.com\/content\/d6f27be1-abad-4118-abb9-046fb932526b\" rel=\"noopener nofollow noreferrer\" data-test-tag=\"external-link\" target=\"_blank\">FT<\/a>. <\/p>\n<p><img decoding=\"async\" class=\"image-asset hyperion-css-1v4lisi\" data-test-tag=\"image-asset\" src=\"https:\/\/www.europesays.com\/no\/wp-content\/uploads\/2025\/11\/d2a80bd3-6dfe-488c-a157-8900e766a1bc\"  alt=\"Markedet venter p\u00e5 at statsminister Sanae Takaichi skal legge frem sine planer for Japans \u00f8konomi. Her tar hun seg en smak av persimon, eller kaki-frukt, i forbindelse med et bes\u00f8k p\u00e5 kontoret onsdag denne uken.\"  loading=\"eager\" fetchpriority=\"high\" style=\"aspect-ratio:1900 \/ 1261\"\/>Markedet venter p\u00e5 at statsminister Sanae Takaichi skal legge frem sine planer for Japans \u00f8konomi. Her tar hun seg en smak av persimon, eller kaki-frukt, i forbindelse med et bes\u00f8k p\u00e5 kontoret onsdag denne uken. Foto: STR \/ AFP \/ NTB<\/p>\n<p class=\"hyperion-css-1lemvax\">Sanae Takaichi ble i h\u00f8st ny statsminister i Japan og ble med det landets f\u00f8rste kvinnelige regjeringssjef. <\/p>\n<p class=\"hyperion-css-1lemvax\">For mange er dette en stor seier for kvinnene og likestillingen i et land som regnes som et av verdens mest patriarkiske demokratier. <\/p>\n<p class=\"hyperion-css-1lemvax\">Men det er ingen grunn til \u00e5 vente seg myke verdier i utformingen av politikken fremover. <\/p>\n<p class=\"hyperion-css-1lemvax\">Takaichi kj\u00f8rer motorsykkel, digger hard rock og har den originale jernkvinnen Margaret Thatcher som sitt politiske forbilde.<\/p>\n<p class=\"hyperion-css-1lemvax\">Takaichi leder regjeringspartiet Liberal Democratic Party (LDP), som trenger fornyet tillit hos velgerne og en ny kurs etter flere korrupsjonsskandaler, \u00f8kt geopolitisk uro, \u00f8kende politisk motstand fra ytre h\u00f8yre og ikke minst svakere \u00f8konomisk utvikling. <\/p>\n<p class=\"hyperion-css-1lemvax\"><strong>H\u00f8y inflasjon har bidratt til \u00f8kte levekostnader for den jevne japaner. De stigende prisene og f\u00f8lgene dette har p\u00e5 resten av \u00f8konomien i landet er av de st\u00f8rste utfordringene Takaichi st\u00e5r overfor.<\/strong><\/p>\n<p><img decoding=\"async\" class=\"image-asset hyperion-css-u06ts1\" data-test-tag=\"image-asset\" src=\"https:\/\/www.europesays.com\/no\/wp-content\/uploads\/2025\/11\/7cc8f9ab-580b-456f-91c4-748e3fbe1811\"  alt=\"Takaichi-snacks i en butikk i Tokyo i forbindelse med innsettelsen av den nye statsministeren.\"  loading=\"eager\" fetchpriority=\"high\" style=\"aspect-ratio:1900 \/ 1362\"\/>Takaichi-snacks i en butikk i Tokyo i forbindelse med innsettelsen av den nye statsministeren. Foto: Kim Kyung-Hoon \/ Reuters<\/p>\n<p class=\"hyperion-css-1lemvax\">Tidligere denne uken kom det ferske BNP-tall som viste at Japans \u00f8konomi fortsatte \u00e5 krympe. <\/p>\n<p class=\"hyperion-css-1lemvax\">BNP-tallene er tynget blant annet av nedgang i eksporten p\u00e5 grunn av usikkerheten rundt tollmurene til USAs president Donald Trump. Ogs\u00e5 svake boliginvesteringer tynger. <\/p>\n<p class=\"hyperion-css-1lemvax\">Inflasjonen er h\u00f8yere enn l\u00f8nnsveksten, og man frykter at l\u00f8nnsveksten vil avta mer hvis eksporten fortsetter ned.<\/p>\n<p class=\"hyperion-css-1lemvax\">Dette g\u00e5r hardt ut over privat konsum, som er en viktig motor i japansk \u00f8konomi.<\/p>\n<p class=\"hyperion-css-1lemvax\">Det er knyttet stor spenning til Takaichis nye pakke med oppskriften p\u00e5 hvordan hun og den nye regjeringen skal f\u00e5 fart p\u00e5 Japans \u00f8konomi. Pakken kan komme allerede denne uken. <\/p>\n<p class=\"hyperion-css-1lemvax\">Men det er alts\u00e5 ventet at mye m\u00e5 finansieres ved \u00e5 ta opp mer statsgjeld. Dette kan skape usikkerhet og store svingninger i det japanske obligasjonsmarkedet.<\/p>\n<p><img decoding=\"async\" class=\"image-asset hyperion-css-u9cjj0\" data-test-tag=\"image-asset\" src=\"https:\/\/www.europesays.com\/no\/wp-content\/uploads\/2025\/11\/18e5a360-a305-4ae8-907e-9256b61c8066\"  alt=\"USAs president Donald Trump og Sanae Takaichi m\u00f8ttes i Tokyo i slutten av oktober i \u00e5r. Trump hadde et godt forhold til Takaichis forgjenger Shinzo Abe. \"  loading=\"eager\" fetchpriority=\"high\" style=\"aspect-ratio:1847 \/ 1231\"\/>USAs president Donald Trump og Sanae Takaichi m\u00f8ttes i Tokyo i slutten av oktober i \u00e5r. Trump hadde et godt forhold til Takaichis forgjenger Shinzo Abe. Foto: Evelyn Hockstein \/ Reuters<\/p>\n<p class=\"hyperion-css-1lemvax\">Selv om hun selv trekker frem Thatcher som et forbilde, er det den \u00f8konomiske politikken til en av hennes forgjengere, Shinzo Abe, Takaichi ser ut til \u00e5 la seg inspirere av. <\/p>\n<p class=\"hyperion-css-1lemvax\">Abes politikk som fikk kallenavnet \u00abAbenomics\u00bb, sto for h\u00f8yt offentlig forbruk og lave renter, med hensikt \u00e5 stimulere til \u00f8konomisk vekst. <\/p>\n<p class=\"hyperion-css-1lemvax\">Mens Abenomics prioriterte en mer liberal pengepolitikk og en rekke kvantitative lettelser for \u00e5 f\u00e5 fart p\u00e5 \u00f8konomien, er Sanaenomics mer fokusert p\u00e5 \u00e5 stimulere til \u00f8konomisk vekst og \u00f8kt ettersp\u00f8rsel gjennom investeringer og en ekspansiv finanspolitikk.<\/p>\n<p class=\"hyperion-css-1lemvax\">I tillegg til h\u00f8y prisstigning, lav reall\u00f8nnsvekst og \u00f8kt geopolitisk uro, sliter ogs\u00e5 landet med lav befolkningsvekst og h\u00f8y gjeldsvekst. <\/p>\n<p class=\"hyperion-css-1lemvax\">Det skal mye til \u00e5 f\u00e5 til alt. Vil Takaichi kunne gj\u00f8re hverdagen lettere for den jevne japaneren? Og i s\u00e5 fall til hvilken pris? <\/p>\n<p class=\"hyperion-css-1lemvax\">Obligasjonsmarkedet tror i hvert fall at det blir dyrt.<\/p>\n","protected":false},"excerpt":{"rendered":"Statsminister i Japan, Sanae Takaichi. Foto: Daisuke Suzuki \/ AP Utfordringene st\u00e5r i k\u00f8 for Japans f\u00f8rste kvinnelige&hellip;\n","protected":false},"author":2,"featured_media":92595,"comment_status":"","ping_status":"","sticky":false,"template":"","format":"standard","meta":{"footnotes":""},"categories":[12],"tags":[20,21,24,25,15,22,23,13,30,28,29,14,16,26,27,42,43,44,45],"class_list":{"0":"post-92594","1":"post","2":"type-post","3":"status-publish","4":"format-standard","5":"has-post-thumbnail","7":"category-verden","8":"tag-breaking-news","9":"tag-breakingnews","10":"tag-featured-news","11":"tag-featurednews","12":"tag-headlines","13":"tag-latest-news","14":"tag-latestnews","15":"tag-news","16":"tag-no","17":"tag-norge","18":"tag-norway","19":"tag-nyheter","20":"tag-overskrifter","21":"tag-top-stories","22":"tag-topstories","23":"tag-verden","24":"tag-world","25":"tag-world-news","26":"tag-worldnews"},"share_on_mastodon":{"url":"https:\/\/pubeurope.com\/@no\/115586315679583572","error":""},"_links":{"self":[{"href":"https:\/\/www.europesays.com\/no\/wp-json\/wp\/v2\/posts\/92594","targetHints":{"allow":["GET"]}}],"collection":[{"href":"https:\/\/www.europesays.com\/no\/wp-json\/wp\/v2\/posts"}],"about":[{"href":"https:\/\/www.europesays.com\/no\/wp-json\/wp\/v2\/types\/post"}],"author":[{"embeddable":true,"href":"https:\/\/www.europesays.com\/no\/wp-json\/wp\/v2\/users\/2"}],"replies":[{"embeddable":true,"href":"https:\/\/www.europesays.com\/no\/wp-json\/wp\/v2\/comments?post=92594"}],"version-history":[{"count":0,"href":"https:\/\/www.europesays.com\/no\/wp-json\/wp\/v2\/posts\/92594\/revisions"}],"wp:featuredmedia":[{"embeddable":true,"href":"https:\/\/www.europesays.com\/no\/wp-json\/wp\/v2\/media\/92595"}],"wp:attachment":[{"href":"https:\/\/www.europesays.com\/no\/wp-json\/wp\/v2\/media?parent=92594"}],"wp:term":[{"taxonomy":"category","embeddable":true,"href":"https:\/\/www.europesays.com\/no\/wp-json\/wp\/v2\/categories?post=92594"},{"taxonomy":"post_tag","embeddable":true,"href":"https:\/\/www.europesays.com\/no\/wp-json\/wp\/v2\/tags?post=92594"}],"curies":[{"name":"wp","href":"https:\/\/api.w.org\/{rel}","templated":true}]}}