{"id":92600,"date":"2025-11-21T06:45:14","date_gmt":"2025-11-21T06:45:14","guid":{"rendered":"https:\/\/www.europesays.com\/no\/92600\/"},"modified":"2025-11-21T06:45:14","modified_gmt":"2025-11-21T06:45:14","slug":"paracetamol-under-graviditet-forarsaker-ikke-autisme-eller-adhd","status":"publish","type":"post","link":"https:\/\/www.europesays.com\/no\/92600\/","title":{"rendered":"Paracetamol under graviditet for\u00e5rsaker ikke autisme eller ADHD"},"content":{"rendered":"\n<p class=\"_lead_o9xde_2 _lead_xtcu6_50 layout-component text-serif-m layout-normal text-serif-l layout-component layout-wide layout-padded _wide_17hqh_1 layout-padded\">Norsk studie av 100 000 barn viser ingen \u00e5rsakssammenheng.<\/p>\n<p><img alt=\"Norsk forskning viser at det ikke er farlig \u00e5 ta paracetamol som gravid.  Foto: Frode Hansen \/ VG\" class=\"_image_qp4xg_65 layout-component layout-wide\" data-fullscreen- data-track-element-type=\"Article image fullscreen\" data-track-name=\"ImageFullscreen\" fetchpriority=\"high\" decoding=\"sync\" loading=\"eager\" height=\"3140\" itemprop=\"image\"  src=\"https:\/\/www.europesays.com\/no\/wp-content\/uploads\/2025\/11\/0b15de0f-7478-404e-a70a-d9721fe572cb\"  style=\"object-position:0% 0%\" width=\"4673\"\/>Norsk forskning viser at det ikke er farlig \u00e5 ta paracetamol som gravid.  Foto: Frode Hansen \/ VG<\/p>\n<ul aria-hidden=\"true\" class=\"_images_18f0k_111\">\n<li><a class=\"_link_18f0k_116\" href=\"https:\/\/www.vg.no\/forfatter\/intisaar-ali\" style=\"z-index:1\" title=\"Intisaar Ali\" rel=\"nofollow noopener\" target=\"_blank\"><img alt=\"Bilde av Intisaar Ali\" class=\"_image_18f0k_93\" fetchpriority=\"low\" loading=\"lazy\" decoding=\"async\" itemprop=\"image\"  src=\"https:\/\/www.europesays.com\/no\/wp-content\/uploads\/2025\/11\/1763707511_507_31e1a332-7865-4acc-a24e-ae6d6674f722\"  width=\"480\"\/><\/a><\/li>\n<\/ul>\n<p> Oppdatert fredag 21. november kl. 07:21     <\/p>\n<p class=\"_paragraph_o9xde_4 _paragraph_xtcu6_10 layout-component text-serif-m layout-normal text-serif-m layout-padded\">Paracetamol under graviditet for\u00e5rsaker ikke autisme eller ADHD hos barn. Det sl\u00e5r <a href=\"https:\/\/www.fhi.no\/nyheter\/2025\/paracetamol-under-graviditet-er-ikke-pavist-a-forarsake-autisme-eller-adhd-hos-barn\/\" class=\"_link_o9xde_39\" rel=\"nofollow noopener\" target=\"_blank\">Folkehelseinstituttet<\/a> fast etter omfattende forskning p\u00e5 over 100 000 norske barn.<\/p>\n<p class=\"_paragraph_o9xde_4 _paragraph_xtcu6_10 layout-component text-serif-m layout-normal text-serif-m layout-padded\">Debatten har rast i USA, hvor enkelte offentlige akt\u00f8rer har advart mot at paracetamol i svangerskapet kan v\u00e6re en \u00e5rsak til autisme.<\/p>\n<p class=\"_paragraph_o9xde_4 _paragraph_xtcu6_10 layout-component text-serif-m layout-normal text-serif-m layout-padded\">Usas president Donald Trump har tidligere uttalt seg om at bruken er d\u00e5rlig for gravide. <\/p>\n<p class=\"_paragraph_o9xde_4 _paragraph_xtcu6_10 layout-component text-serif-m layout-normal text-serif-m layout-padded\">\u2013 Det anbefales sterkt at kvinner begrenser bruken av Tylenol (paracetamol) under graviditet, med mindre det er helt medisinsk n\u00f8dvendig, sa president\u00a0<a href=\"https:\/\/www.vg.no\/tag\/donald-trump-2?utm_source=vg-article&amp;utm_medium=auto-tagger&amp;utm_campaign=8qepGA\" class=\"_link_o9xde_39\" rel=\"nofollow noopener\" target=\"_blank\">Donald Trump<\/a>\u00a0under en pressekonferanse i september. <\/p>\n<p><img alt=\"Foto: SAUL LOEB \/ AFP \/ NTB\" class=\"_image_qp4xg_65 layout-component layout-normal\" data-fullscreen- data-track-element-type=\"Article image fullscreen\" data-track-name=\"ImageFullscreen\" decoding=\"async\" loading=\"lazy\" height=\"509\" itemprop=\"image\"  src=\"https:\/\/www.europesays.com\/no\/wp-content\/uploads\/2025\/11\/33fbfa6f-1691-47a8-beca-16c28b843674\"  style=\"object-position:0% 0%\" width=\"746\"\/>Foto: SAUL LOEB \/ AFP \/ NTB<\/p>\n<p class=\"_paragraph_o9xde_4 _paragraph_xtcu6_10 layout-component text-serif-m layout-normal text-serif-m layout-padded\"><strong class=\"_strong_o9xde_25\">Men norske forskere har n\u00e5 sterk st\u00f8tte for at dette ikke stemmer.<\/strong><\/p>\n<p class=\"_paragraph_o9xde_4 _paragraph_xtcu6_10 layout-component text-serif-m layout-normal text-serif-m layout-padded\">\u2013 Det er sterk st\u00f8tte fra v\u00e5r forskning i MoBa for at kortvarig bruk av paracetamol i svangerskapet ikke er \u00e5rsak til utviklingsutfordringer hos barn, sier Alexandra Havdahl, faglig leder for mor, far og barn-unders\u00f8kelsen (MoBa) i FHI,\u00a0<a href=\"https:\/\/www.fhi.no\/nyheter\/2025\/paracetamol-under-graviditet-er-ikke-pavist-a-forarsake-autisme-eller-adhd-hos-barn\/\" class=\"_link_o9xde_39\" rel=\"nofollow noopener\" target=\"_blank\">if\u00f8lge Folkehelseinstituttet<\/a>.<\/p>\n<p class=\"_paragraph_o9xde_4 _paragraph_xtcu6_10 layout-component text-serif-m layout-normal text-serif-m layout-padded\">Forskerne brukte s\u00f8sken-sammenligninger for \u00e5 finne sannheten. Blant m\u00f8dre som brukte paracetamol i det ene svangerskapet og ikke i det andre, hadde barna like stor sannsynlighet for ADHD.<\/p>\n<p class=\"_paragraph_o9xde_4 _paragraph_xtcu6_10 layout-component text-serif-m layout-normal text-serif-m layout-padded\">\u2013 Disse funnene b\u00f8r kunne berolige gravide, sier seniorforsker Eivind Ystr\u00f8m ved FHI. Studiene tyder p\u00e5 at delte familiefaktorer som genetikk, livsstil eller helse forklarer sammenfallet \u2013 ikke paracetamol i seg selv.<\/p>\n<p class=\"_paragraph_o9xde_4 _paragraph_xtcu6_10 layout-component text-serif-m layout-normal text-serif-m layout-padded\">Funnene st\u00f8ttes av internasjonal forskning.<\/p>\n<p class=\"_paragraph_o9xde_4 _paragraph_xtcu6_10 layout-component text-serif-m layout-normal text-serif-m layout-padded\"> En systematisk gjennomgang publisert i det anerkjente medisinske tidsskriftet BMJ viser at paracetamol bruk ikke er en dokumentert \u00e5rsak til autisme eller ADHD.<\/p>\n<p>\u2013 B\u00f8r kunne berolige gravide<\/p>\n<p class=\"_paragraph_o9xde_4 _paragraph_xtcu6_10 layout-component text-serif-m layout-normal text-serif-m layout-padded\">Paracetamol er fortsatt f\u00f8rstevalget for gravide som trenger smertelindring eller febersenkende behandling.<\/p>\n<p class=\"_paragraph_o9xde_4 _paragraph_xtcu6_10 layout-component text-serif-m layout-normal text-serif-m layout-padded\">\u2013 Disse funnene b\u00f8r kunne berolige gravide, sier seniorforsker Eivind Ystr\u00f8m ved FHI. <\/p>\n<p class=\"_paragraph_o9xde_4 _paragraph_xtcu6_10 layout-component text-serif-m layout-normal text-serif-m layout-padded\"><strong class=\"_strong_o9xde_25\">Studiene tyder p\u00e5 at delte familiefaktorer som genetikk, livsstil eller helse forklarer sammenfallet, ikke paracetamol i seg selv.<\/strong><\/p>\n<p class=\"_paragraph_o9xde_4 _paragraph_xtcu6_10 layout-component text-serif-m layout-normal text-serif-m layout-padded\">Funnene st\u00f8ttes av internasjonal forskning.<\/p>\n<p class=\"_paragraph_o9xde_4 _paragraph_xtcu6_10 layout-component text-serif-m layout-normal text-serif-m layout-padded\"> En systematisk gjennomgang publisert i det anerkjente medisinske tidsskriftet BMJ viser at paracetamol bruk ikke er en dokumentert \u00e5rsak til autisme eller ADHD.<\/p>\n<p class=\"_paragraph_o9xde_4 _paragraph_xtcu6_10 layout-component text-serif-m layout-normal text-serif-m layout-padded\">Paracetamol er fortsatt f\u00f8rstevalget for gravide som trenger smertelindring eller febersenkende behandling.<\/p>\n<p>    <img decoding=\"async\" alt=\"Tips oss illustrasjon\" src=\"https:\/\/www.europesays.com\/no\/wp-content\/uploads\/2025\/10\/pssst-small.webp.webp\"\/>    <\/p>\n<p class=\"title-serif-s\">Har du tips?<\/p>\n<p class=\"text-sans-m\">Send oss informasjon, bilder eller video.<\/p>\n<p>  <a href=\"https:\/\/www.vg.no\/tips-oss\" rel=\"nofollow noopener\" target=\"_blank\"> Tips oss <\/a>      <\/p>\n","protected":false},"excerpt":{"rendered":"Norsk studie av 100 000 barn viser ingen \u00e5rsakssammenheng. Norsk forskning viser at det ikke er farlig \u00e5&hellip;\n","protected":false},"author":2,"featured_media":92601,"comment_status":"","ping_status":"","sticky":false,"template":"","format":"standard","meta":{"footnotes":""},"categories":[12],"tags":[31,20,21,24,25,15,22,23,13,30,28,29,14,16,26,27,42,43,44,45],"class_list":{"0":"post-92600","1":"post","2":"type-post","3":"status-publish","4":"format-standard","5":"has-post-thumbnail","7":"category-verden","8":"tag-breaking","9":"tag-breaking-news","10":"tag-breakingnews","11":"tag-featured-news","12":"tag-featurednews","13":"tag-headlines","14":"tag-latest-news","15":"tag-latestnews","16":"tag-news","17":"tag-no","18":"tag-norge","19":"tag-norway","20":"tag-nyheter","21":"tag-overskrifter","22":"tag-top-stories","23":"tag-topstories","24":"tag-verden","25":"tag-world","26":"tag-world-news","27":"tag-worldnews"},"share_on_mastodon":{"url":"https:\/\/pubeurope.com\/@no\/115586343190708726","error":""},"_links":{"self":[{"href":"https:\/\/www.europesays.com\/no\/wp-json\/wp\/v2\/posts\/92600","targetHints":{"allow":["GET"]}}],"collection":[{"href":"https:\/\/www.europesays.com\/no\/wp-json\/wp\/v2\/posts"}],"about":[{"href":"https:\/\/www.europesays.com\/no\/wp-json\/wp\/v2\/types\/post"}],"author":[{"embeddable":true,"href":"https:\/\/www.europesays.com\/no\/wp-json\/wp\/v2\/users\/2"}],"replies":[{"embeddable":true,"href":"https:\/\/www.europesays.com\/no\/wp-json\/wp\/v2\/comments?post=92600"}],"version-history":[{"count":0,"href":"https:\/\/www.europesays.com\/no\/wp-json\/wp\/v2\/posts\/92600\/revisions"}],"wp:featuredmedia":[{"embeddable":true,"href":"https:\/\/www.europesays.com\/no\/wp-json\/wp\/v2\/media\/92601"}],"wp:attachment":[{"href":"https:\/\/www.europesays.com\/no\/wp-json\/wp\/v2\/media?parent=92600"}],"wp:term":[{"taxonomy":"category","embeddable":true,"href":"https:\/\/www.europesays.com\/no\/wp-json\/wp\/v2\/categories?post=92600"},{"taxonomy":"post_tag","embeddable":true,"href":"https:\/\/www.europesays.com\/no\/wp-json\/wp\/v2\/tags?post=92600"}],"curies":[{"name":"wp","href":"https:\/\/api.w.org\/{rel}","templated":true}]}}