{"id":92611,"date":"2025-11-21T07:03:11","date_gmt":"2025-11-21T07:03:11","guid":{"rendered":"https:\/\/www.europesays.com\/no\/92611\/"},"modified":"2025-11-21T07:03:11","modified_gmt":"2025-11-21T07:03:11","slug":"svarer-jonna-sundling-stemmer-ikke","status":"publish","type":"post","link":"https:\/\/www.europesays.com\/no\/92611\/","title":{"rendered":"Svarer Jonna Sundling: &#8211; Stemmer ikke"},"content":{"rendered":"<p>BEITOST\u00d8LEN (Dagbladet): Klokka 11 fredag smeller langrennssesongen i gang. Det er flust av norske stjerner til start &#8211; tiln\u00e6rmet alle med samme m\u00e5l: OL i Italia i februar.<\/p>\n<p>Det er intet unntak for landslagsl\u00f8per Kristine Stav\u00e5s Skistad, som har holdt p\u00e5 i Konnerud i hele h\u00f8st og ikke v\u00e6rt en del av landslagssamlingene.<\/p>\n<p>    <a itemprop=\"url\" href=\"https:\/\/www.dagbladet.no\/sport\/aldri-skjedd-for-ubrukelig\/83877206\" rel=\"nofollow noopener\" target=\"_blank\"><\/p>\n<p>      <img loading=\"lazy\" decoding=\"async\" src=\"https:\/\/www.europesays.com\/no\/wp-content\/uploads\/2025\/11\/83877345.webp\" width=\"980\" height=\"441\" title=\"Aldri skjedd f\u00f8r: - Ubrukelig\" alt=\"\" class=\"lazyload\" style=\"--aspect-ratio-image: 2.22; \"\/><\/p>\n<p>        Aldri skjedd f\u00f8r: &#8211; Ubrukelig<\/p>\n<p>    <\/a><\/p>\n<p>N\u00e5 er hun revansjelysten etter s\u00f8lvmedalje p\u00e5 VM-sprinten i Trondheim og sjuendeplass p\u00e5 lagsprinten.\u00a0<\/p>\n<p>&#8211; Vi g\u00e5r alltid for gull, sier hun selvsikkert til Dagbladet.<\/p>\n<p>Selv om s\u00f8lv for mange i et mesterskap p\u00e5 hjemmebane er langt mer enn bra nok, var det VM-gullet Skistad siklet etter.\u00a0<\/p>\n<p>&#8211; Jeg klarer \u00e5 legge det litt bort, men det er klart, jeg har ikke glemt det! Det har man ikke, sier hun p\u00e5 sp\u00f8rsm\u00e5l om hvor ofte hun tenker p\u00e5 det.<\/p>\n<p>          <img loading=\"lazy\" decoding=\"async\" src=\"https:\/\/www.europesays.com\/no\/wp-content\/uploads\/2025\/11\/83880176.webp\" width=\"686\" height=\"460\" title=\"VM-FINALEN: Jonna Sundling var f\u00f8rst i m\u00e5l p\u00e5 sprinten i Trondheim. S\u00f8lvet tok Kristine Stav\u00e5s Skistad (sittende). Foto: Bj\u00f8rn Langsem \/ Dagbladet\" alt=\"\" class=\"\" style=\"--aspect-ratio-image: 1.49; \"\/><\/p>\n<p>\n          VM-FINALEN: Jonna Sundling var f\u00f8rst i m\u00e5l p\u00e5 sprinten i Trondheim. S\u00f8lvet tok Kristine Stav\u00e5s Skistad (sittende). Foto: Bj\u00f8rn Langsem \/ Dagbladet\n      <\/p>\n<p>&#8211; Det f\u00e5r v\u00e6re hennes mening\t<\/p>\n<p>Hun ble knust i sprintfinalen av svenske Jonna Sundling, som tok hele tre gull i Trondheim-VM. I august &#8211; nesten et halvt \u00e5r seinere &#8211; kom Sundling med <a href=\"https:\/\/www.dagbladet.no\/sport\/vanskelig-a-forsta\/83436495\" rel=\"nofollow noopener\" target=\"_blank\">ganske harde<\/a> p\u00e5stander om Skistads taktikk.<\/p>\n<p>Hun kalte den d\u00e5rlig.<\/p>\n<p> &#8211; Jeg husker at jeg tenkte at situasjonen var litt morsom, og at det m\u00e5 ha sett morsomt ut fra siden. Hovedkonkurrentens fokus ser ut til \u00e5 ligge p\u00e5 \u00e5 tilpasse seg etter meg, i stedet for \u00e5 fokusere p\u00e5 seg selv. Det gir meg en f\u00f8lelse av overtak, sa Sundling i\u00a0<a href=\"https:\/\/www.sverigesradio.se\/avsnitt\/jonna-sundling-sommarpratare-2025\" target=\"_blank\" rel=\"nofollow noopener\">Sommar i P1<\/a>. <\/p>\n<p>        FRUSTRERT: Dagen f\u00f8r langrenns\u00e5pningen p\u00e5 Beitost\u00f8len var ikke Johannes H\u00f8sflot Kl\u00e6bo forn\u00f8yd med forholdene. Video: S\u00f8r\u00f8 Olsen\/Schjesvold\/Skingen\/Dagbladet<\/p>\n<p> Sundling mente at Skistad \u00abblokkerte\u00bb henne da hun fors\u00f8kte \u00e5 ta seg forbi &#8211; b\u00e5de p\u00e5 venstre og h\u00f8yre side.<\/p>\n<p>&#8211; Det f\u00e5r v\u00e6re hennes mening, sier den norske sprintstjerna p\u00e5 et pressetreff p\u00e5 Beitost\u00f8len. Hun er storfavoritt p\u00e5 fredagens distanse.<\/p>\n<p>    Beitost\u00f8len, program<\/p>\n<p>Fredag:<\/p>\n<p>Sprint, klassisk teknikk, herrer og damer<\/p>\n<p>Kl 11: Kvalifisering<\/p>\n<p>Kl 13.05: Finaler<\/p>\n<p>L\u00f8rdag:<\/p>\n<p>Kl 10: 10 km, fri teknikk, damer<\/p>\n<p>Kl 11.45: 10 km, fri teknikk, herrer<\/p>\n<p class=\"font-weight-bold m-font-weight-bold\" data-lab-font_weight=\"font-weight-bold\">S\u00f8ndag:<\/p>\n<p>Kl 11.30: 10 km, fri teknikk, damer<\/p>\n<p>Kl 12.45: 10 km, fri teknikk, herrer<\/p>\n<p>      Vis mer<br \/>\n      Vis mindre<\/p>\n<p>Skistad: &#8211; Jeg var en gammel dame\t<\/p>\n<p>&#8211; Jeg f\u00f8ler at fra mitt st\u00e5sted, s\u00e5 stemmer ikke det. Jeg gjorde alt jeg kunne utifra alt som skjedde i fjor. Jeg var rett og slett ikke god nok for \u00e5 gj\u00f8re det bedre enn det jeg gjorde i sesongen i fjor, svarer hun p\u00e5 beskyldningene til Sundling.<\/p>\n<p>Like f\u00f8r sesongstart i fjor var det nemlig r\u00f8de varsellamper: Hun m\u00e5tte gjennom en mageoperasjon rett f\u00f8r konkurransene p\u00e5 Beitost\u00f8len for ett \u00e5r sida. Hun droppet blant annet Tour de Ski.<\/p>\n<p>        KLESVALG: Even Northug var s\u00e6rs lite imponert av Johannes H\u00f8sflot Kl\u00e6bos fors\u00f8k p\u00e5 \u00e5 holde seg varm.<\/p>\n<p class=\"italic m-italic\" data-lab-italic=\"italic\">&#8211; S\u00e5 det var ikke noe du angret p\u00e5 etter sprintfinalen?<\/p>\n<p>&#8211; Nei. Tatt i betraktning den situasjonen jeg var i &#8211; i fjor &#8230; ja, det er ganske sjukt. Det var det beste man fikk til. I fjor p\u00e5 denne tida her var jeg en gammel dame. S\u00e5 det er en mye bedre start i \u00e5r.<\/p>\n<p>          <img loading=\"lazy\" decoding=\"async\" src=\"https:\/\/www.europesays.com\/no\/wp-content\/uploads\/2025\/11\/83880188.webp\" width=\"980\" height=\"559\" title=\"Marit Bj\u00f8rgen er en del av trenerteamet p\u00e5 landslaget p\u00e5 kvinnesida med P\u00e5l Gunnar Mikkelsplass og hovedtrener Sjur Ole Svarstad. Foto: Bj\u00f8rn Langsem \/ Dagbladet\" alt=\"\" class=\"\" style=\"--aspect-ratio-image: 1.75; \"\/><\/p>\n<p>\n          Marit Bj\u00f8rgen er en del av trenerteamet p\u00e5 landslaget p\u00e5 kvinnesida med P\u00e5l Gunnar Mikkelsplass og hovedtrener Sjur Ole Svarstad. Foto: Bj\u00f8rn Langsem \/ Dagbladet\n      <\/p>\n<p>Bj\u00f8rgen: &#8211; Hun har kontroll\t<\/p>\n<p>Om formen til Skistad sier landslagstrener Marit Bj\u00f8rgen:<\/p>\n<p>&#8211; N\u00e5 skal det sies at jeg ikke har sett henne p\u00e5 trening, men det sies at hun har kontroll. S\u00e5 vi f\u00e5r stole p\u00e5 det, sier Bj\u00f8rgen til Dagbladet.<\/p>\n<p>Norsk Tipping har troa i hvert fall. 1,20 i odds f\u00e5r du p\u00e5 seier til Konnerud-l\u00f8peren.\u00a0Sprinten fra Beitost\u00f8len sendes p\u00e5 NRK 1 og i NRK TV-appen fra klokka 11.<\/p>\n","protected":false},"excerpt":{"rendered":"BEITOST\u00d8LEN (Dagbladet): Klokka 11 fredag smeller langrennssesongen i gang. Det er flust av norske stjerner til start &#8211;&hellip;\n","protected":false},"author":2,"featured_media":92612,"comment_status":"","ping_status":"","sticky":false,"template":"","format":"standard","meta":{"footnotes":""},"categories":[59],"tags":[795,794,398,30,28,29,83,82],"class_list":{"0":"post-92611","1":"post","2":"type-post","3":"status-publish","4":"format-standard","5":"has-post-thumbnail","7":"category-sport","8":"tag-jonna-sundling","9":"tag-kristine-stavas-skistad","10":"tag-langrenn","11":"tag-no","12":"tag-norge","13":"tag-norway","14":"tag-sport","15":"tag-sports"},"share_on_mastodon":{"url":"https:\/\/pubeurope.com\/@no\/115586413660589234","error":""},"_links":{"self":[{"href":"https:\/\/www.europesays.com\/no\/wp-json\/wp\/v2\/posts\/92611","targetHints":{"allow":["GET"]}}],"collection":[{"href":"https:\/\/www.europesays.com\/no\/wp-json\/wp\/v2\/posts"}],"about":[{"href":"https:\/\/www.europesays.com\/no\/wp-json\/wp\/v2\/types\/post"}],"author":[{"embeddable":true,"href":"https:\/\/www.europesays.com\/no\/wp-json\/wp\/v2\/users\/2"}],"replies":[{"embeddable":true,"href":"https:\/\/www.europesays.com\/no\/wp-json\/wp\/v2\/comments?post=92611"}],"version-history":[{"count":0,"href":"https:\/\/www.europesays.com\/no\/wp-json\/wp\/v2\/posts\/92611\/revisions"}],"wp:featuredmedia":[{"embeddable":true,"href":"https:\/\/www.europesays.com\/no\/wp-json\/wp\/v2\/media\/92612"}],"wp:attachment":[{"href":"https:\/\/www.europesays.com\/no\/wp-json\/wp\/v2\/media?parent=92611"}],"wp:term":[{"taxonomy":"category","embeddable":true,"href":"https:\/\/www.europesays.com\/no\/wp-json\/wp\/v2\/categories?post=92611"},{"taxonomy":"post_tag","embeddable":true,"href":"https:\/\/www.europesays.com\/no\/wp-json\/wp\/v2\/tags?post=92611"}],"curies":[{"name":"wp","href":"https:\/\/api.w.org\/{rel}","templated":true}]}}