{"id":92615,"date":"2025-11-21T07:09:12","date_gmt":"2025-11-21T07:09:12","guid":{"rendered":"https:\/\/www.europesays.com\/no\/92615\/"},"modified":"2025-11-21T07:09:12","modified_gmt":"2025-11-21T07:09:12","slug":"rema-dumper-priser-pa-flere-julevarer","status":"publish","type":"post","link":"https:\/\/www.europesays.com\/no\/92615\/","title":{"rendered":"Rema dumper priser p\u00e5 flere julevarer"},"content":{"rendered":"\n<ul class=\"_list_o9xde_3 _list_64s2r_85 _unordered_o9xde_106 text-sans-m\">\n<li class=\"_item_o9xde_30\">Rema 1000 \u00f8ker omfanget av prisdumpede julevarer som risgr\u00f8t, edamerost og ribbe.<\/li>\n<li class=\"_item_o9xde_30\">Kunder \u00f8nsker at flere sunne alternativer ogs\u00e5 skal settes ned i pris.<\/li>\n<li class=\"_item_o9xde_30\">Theresa Nguyen mener flest sukkerholdige varer f\u00e5r prisavslag.<\/li>\n<li class=\"_item_o9xde_30\">Remas direkt\u00f8r forsikrer at julehandel-tilbudene kommer kundene til gode.<\/li>\n<li class=\"_item_o9xde_30\">Ekspert Gisholt sier kjedene f\u00f8lger hverandre n\u00f8ye og h\u00e5per kundene handler mer av ogs\u00e5 andre produkter n\u00e5r de f\u00f8rst er i butikken.<\/li>\n<\/ul>\n<p>Vis mer <\/p>\n<p class=\"_paragraph_o9xde_4 _paragraph_xtcu6_10 layout-component text-serif-m layout-normal text-serif-m layout-padded\">Priskrigen p\u00e5 julevarer, som pepperkaker og marsipan, har f\u00e5tt de mest \u00abjulete\u00bb kundene til \u00e5 raide butikkhyllene for lengst. Nylig omtalte <a href=\"https:\/\/www.tv2.no\/nyheter\/innenriks\/elleville-priser-kun-seks-kroner\/18289592\/\" class=\"_link_o9xde_39\" rel=\"nofollow noopener\" target=\"_blank\">TV 2<\/a> en ny vending i f\u00f8rjulstevlingen \u2013 med et tungt priskappl\u00f8p p\u00e5 alkoholfritt \u00f8l.<\/p>\n<p class=\"_paragraph_o9xde_4 _paragraph_xtcu6_10 layout-component text-serif-m layout-normal text-serif-m layout-padded\">Og fredag fortsetter priskappl\u00f8pet med full kraft, n\u00e5r Rema dumper flere priser. <\/p>\n<p class=\"_paragraph_o9xde_4 _paragraph_xtcu6_10 layout-component text-serif-m layout-normal text-serif-m layout-padded\">Fra fredag er disse varene billigere:<\/p>\n<p>36 nye, nedsatte julevarer fra Rema 1000<\/p>\n<ul class=\"_list_o9xde_3 _list_xtcu6_9 _list_16v91_9 _unordered_o9xde_106 layout-component text-serif-m layout-normal text-sans-m layout-padded\">\n<li class=\"_item_o9xde_30\">Klementiner: kr 19,90 per kg.<\/li>\n<li class=\"_item_o9xde_30\">Grandiosa 4 x ost: fra 66,80 til 39,90<\/li>\n<li class=\"_item_o9xde_30\">Risgr\u00f8t Fjordland 460 g: fra 32,90 til 19,90<\/li>\n<li class=\"_item_o9xde_30\">Grandiosa 575 g: fra 59,90 til 39,90<\/li>\n<li class=\"_item_o9xde_30\">Meierism\u00f8r Tine 500 g: fra 59,90 til 44,90<\/li>\n<li class=\"_item_o9xde_30\">Tynnribbe m svor R: fra 129,90 til 99,00<\/li>\n<li class=\"_item_o9xde_30\">Gr\u00e4ddost Tine 38 %: fra 51,80 til 39,90<\/li>\n<li class=\"_item_o9xde_30\">Edamer vellagret 850 g Tine: fra 192,00 til 149,00<\/li>\n<li class=\"_item_o9xde_30\">Edamer 850 g Tine: 179,00 til 139,00<\/li>\n<li class=\"_item_o9xde_30\">Julenisse 100 g Freia: fra 54,90 til 29,90<\/li>\n<li class=\"_item_o9xde_30\">Risgr\u00f8t 970 g Fjordland: fra 51,90 til 29,90<\/li>\n<li class=\"_item_o9xde_30\">Twist 500 g Freia: fra 99,00 til 59,00<\/li>\n<li class=\"_item_o9xde_30\">Nonstop 150 g Freia: fra 48,90 til 29,90<\/li>\n<li class=\"_item_o9xde_30\">Risgr\u00f8t 800 g Geisha: fra 39,90 til 24,90<\/li>\n<li class=\"_item_o9xde_30\">Vossakorv 350 g: fra 39,90 til 24,90<\/li>\n<li class=\"_item_o9xde_30\">Kaffe Friele frokost kokemalt: fra 134,90 til 88,90<\/li>\n<li class=\"_item_o9xde_30\">Marsipanp\u00f8lser jul 5 pk. 110 g: fra 43,90 til 29,90<\/li>\n<li class=\"_item_o9xde_30\">Mokkab\u00f8nner Nidar 110 g: fra 72,90 til 49,90<\/li>\n<li class=\"_item_o9xde_30\">Vaniljestang stor: fra 34,90 til 24,90<\/li>\n<li class=\"_item_o9xde_30\">Marsipangris i eske jul 193 g: fra 89,90 til 64,90<\/li>\n<li class=\"_item_o9xde_30\">Q kremfl\u00f8te 0,3 l: fra 24,40 til 17,90<\/li>\n<li class=\"_item_o9xde_30\">Gode \u00d8nsker 410 g Freia: fra 199,00 til 149,00<\/li>\n<li class=\"_item_o9xde_30\">Nugatti 500 g: 39,90 til 29,90<\/li>\n<li class=\"_item_o9xde_30\">Sn\u00f8stenger 3-pk. 150 g: fra 59,90 til 44,90<\/li>\n<li class=\"_item_o9xde_30\">Kremtopper Nidar 140 g: fra 65,90 til 49,90<\/li>\n<li class=\"_item_o9xde_30\">Ribbe kj\u00f8ttrik 3,2 kg frys: fra 129,90 til 99,00<\/li>\n<li class=\"_item_o9xde_30\">Tynnribbe 3,5 kg: fra 129,00 til 99,00<\/li>\n<li class=\"_item_o9xde_30\">Pariseragurker 580 g Nora: fra 24,60 til 18,00<\/li>\n<li class=\"_item_o9xde_30\">Julebrunost 500 g Tine: fra 64,90 til 49,90<\/li>\n<li class=\"_item_o9xde_30\">Pepperkakedeig 950 g: fra 37,90 til 29,90<\/li>\n<li class=\"_item_o9xde_30\">Pepperkakehus byggesett 385 g: fra 49,90 til 39,90<\/li>\n<li class=\"_item_o9xde_30\">Ribbe m svor prima lavpris: fra 109,00 til 89,00<\/li>\n<li class=\"_item_o9xde_30\">Schpr\u00f8 Sjokopops R 140 g: fra 35,90 til 29,90<\/li>\n<li class=\"_item_o9xde_30\">Polly julen\u00f8tter 160 g:fra 37,90 til 31,90<\/li>\n<li class=\"_item_o9xde_30\">Sjokoskruer 200 g R: fra 45,90 til 39,90<\/li>\n<li class=\"_item_o9xde_30\">Lutefisk helside ca. 0.9\u20131,8 kg \u2013 julens klassiker: fra 219,00 til 199,00<\/li>\n<\/ul>\n<p class=\"_paragraph_o9xde_4 _paragraph_xtcu6_10 _paragraph_16v91_10 layout-component text-serif-m layout-normal text-sans-m layout-padded\">(Kilde: Rema 1000)<\/p>\n<p>Vis mer<\/p>\n<p class=\"_paragraph_o9xde_4 _paragraph_xtcu6_10 layout-component text-serif-m layout-normal text-serif-m layout-padded\">\u2013 Vi g\u00e5r foran i \u00e5rets julehandel og kutter prisene bredt, p\u00e5 det folk faktisk fyller handlevognen med til jul, sier Markeds- og salgsdirekt\u00f8r Pia Mellbye i Rema 1000.<\/p>\n<p class=\"_paragraph_o9xde_4 _paragraph_xtcu6_10 layout-component text-serif-m layout-normal text-serif-m layout-padded\">Extra f\u00f8lger etter, og bekrefter til VG at de matcher prisene.<\/p>\n<p class=\"_paragraph_o9xde_4 _paragraph_xtcu6_10 layout-component text-serif-m layout-normal text-serif-m layout-padded\">\u2013 Extra er den kjeden som har vunnet flest pristester den siste tiden, og f\u00f8lger selvsagt alle kutt, sier kommunikasjonsdirekt\u00f8r Harald Kristiansen i Coop Norge. <\/p>\n<p class=\"_paragraph_o9xde_4 _paragraph_xtcu6_10 layout-component text-serif-m layout-normal text-serif-m layout-padded\">Det samme gj\u00f8r Kiwi.<\/p>\n<p class=\"_paragraph_o9xde_4 _paragraph_xtcu6_10 layout-component text-serif-m layout-normal text-serif-m layout-padded\">\u2013 Vi skal selvsagt v\u00e6re billigst p\u00e5 alle varer, og setter ned prisen tilsvarende eller mer, n\u00e5r konkurrentene utfordrer oss. Vi har ogs\u00e5 kuttet prisene p\u00e5 gr\u00f8nnsaker, og holde disse til nytt\u00e5r, sier kommunikasjonsdirekt\u00f8r Kristine Aakvaag Arvin. <\/p>\n<p class=\"_paragraph_o9xde_4 _paragraph_xtcu6_10 layout-component text-serif-m layout-normal text-serif-m layout-padded\">Hjemleveringstjenesten Oda matcher ogs\u00e5 priskuttene.<\/p>\n<p class=\"_paragraph_o9xde_4 _paragraph_xtcu6_10 layout-component text-serif-m layout-normal text-serif-m layout-padded\">\u2013 Vi er opptatt av \u00e5 levere p\u00e5 pris, utvalg og ikke minst tid spart med hjemlevering, sier pressekontakt Thor Steinhovden. <\/p>\n<p class=\"_paragraph_o9xde_4 _paragraph_xtcu6_10 layout-component text-serif-m layout-normal layout-padded\"><strong class=\"_strong_o9xde_25\">Les ogs\u00e5:<\/strong> <a href=\"https:\/\/www.vg.no\/i\/5EPK2z\" data-track-element-type=\"Link\" data-track-id=\"link:5EPK2z\" class=\"_link_o9xde_39\" rel=\"nofollow noopener\" target=\"_blank\">Rekordstor handlekurv: Kiwi billigst i VGs matb\u00f8rs<\/a><\/p>\n<p>Savner kutt p\u00e5 gr\u00f8nt<\/p>\n<p class=\"_paragraph_o9xde_4 _paragraph_xtcu6_10 layout-component text-serif-m layout-normal text-serif-m layout-padded\">Kunder som VG m\u00f8tte p\u00e5 Rema og Kiwi p\u00e5 Ensj\u00f8 torsdag kveld \u2013 setter pris p\u00e5 billig risgr\u00f8t, pepperkaker, edamerost, marsipan og ribbe. <\/p>\n<p class=\"_paragraph_o9xde_4 _paragraph_xtcu6_10 layout-component text-serif-m layout-normal text-serif-m layout-padded\">Men det kunne godt ha v\u00e6rt et noe sunnere utvalg nedsatte varer, mener flere av dem VG m\u00f8tte. <\/p>\n<p class=\"_paragraph_o9xde_4 _paragraph_xtcu6_10 layout-component text-serif-m layout-normal text-serif-m layout-padded\">Ogs\u00e5 kunder som kom ut av butikken med fanget fullt av julemarsipan og sjokoladeplater til halv pris.<\/p>\n<p><img alt=\"USTOPPELIG? Denne anonyme herren viste frem et produkt som blir billigere fra og med i dag. Men prisdumpingen varer neppe evig.  Foto: Frank Ertesv\u00e5g \/ VG\" class=\"_image_qp4xg_65 layout-component layout-normal\" data-fullscreen- data-track-element-type=\"Article image fullscreen\" data-track-name=\"ImageFullscreen\" decoding=\"async\" loading=\"lazy\" height=\"5712\" itemprop=\"image\"  src=\"https:\/\/www.europesays.com\/no\/wp-content\/uploads\/2025\/11\/6663e136-0129-4734-ade3-a1c41d07a68c\"  style=\"object-position:0% 0%\" width=\"4284\"\/>USTOPPELIG? Denne anonyme herren viste frem et produkt som blir billigere fra og med i dag. Men prisdumpingen varer neppe evig.  Foto: Frank Ertesv\u00e5g \/ VG<\/p>\n<p class=\"_paragraph_o9xde_4 _paragraph_xtcu6_10 layout-component text-serif-m layout-normal text-serif-m layout-padded\">Ida (37) og datteren Sara (16) har planlagt \u00e5 kj\u00f8pe prisnedsatte sjokoladeplater og julemarsipan til helgen. De kommer ut av butikken med sv\u00e6rt synlige varer uten b\u00e6repose. Men:<\/p>\n<p class=\"_paragraph_o9xde_4 _paragraph_xtcu6_10 layout-component text-serif-m layout-normal text-serif-m layout-padded\">\u2013 Jeg tror det hadde v\u00e6rt bedre \u00e5 spre disse tilbudene utover hele \u00e5ret, eller senke prisene p\u00e5 alle varer, fremfor \u00e5 dumpe noe f\u00f8r jul. S\u00e6rlig p\u00e5 sunne varer og ting som ikke er ultraprosesserte, sier mamma Ida til VG. <\/p>\n<p class=\"_paragraph_o9xde_4 _paragraph_xtcu6_10 layout-component text-serif-m layout-normal text-serif-m layout-padded\">Hun og Sara er i en familie p\u00e5 fem. De kunne tenkt seg mer prisdumping ogs\u00e5 p\u00e5 frukt, gr\u00f8nt og sunne, rene matvarer.<\/p>\n<p><img alt=\"OFTE P\u00c5 GR\u00d8NLAND: Theresa Nguyen (30) kom i kjedebutikken p\u00e5 Ensj\u00f8 fordi de hadde avslag p\u00e5 frukt og gr\u00f8nt \u2013 og ikke p\u00e5 grunn av sjokolade-rabatten. Ofte handler hun utenfor kjedebutikkene p\u00e5 Gr\u00f8nland (i Oslo).  Foto: Frank Ertesv\u00e5g \/ VG\" class=\"_image_qp4xg_65 layout-component layout-normal\" data-fullscreen- data-track-element-type=\"Article image fullscreen\" data-track-name=\"ImageFullscreen\" decoding=\"async\" loading=\"lazy\" height=\"4896\" itemprop=\"image\"  src=\"https:\/\/www.europesays.com\/no\/wp-content\/uploads\/2025\/11\/5bb5bbdc-1871-4e73-896a-433631d0b84b\"  style=\"object-position:0% 0%\" width=\"4284\"\/>OFTE P\u00c5 GR\u00d8NLAND: Theresa Nguyen (30) kom i kjedebutikken p\u00e5 Ensj\u00f8 fordi de hadde avslag p\u00e5 frukt og gr\u00f8nt \u2013 og ikke p\u00e5 grunn av sjokolade-rabatten. Ofte handler hun utenfor kjedebutikkene p\u00e5 Gr\u00f8nland (i Oslo).  Foto: Frank Ertesv\u00e5g \/ VG<\/p>\n<p class=\"_paragraph_o9xde_4 _paragraph_xtcu6_10 layout-component text-serif-m layout-normal text-serif-m layout-padded\">Det er ogs\u00e5 hovedbudskapet til Theresa Nguyen (30). <\/p>\n<p class=\"_paragraph_o9xde_4 _paragraph_xtcu6_10 layout-component text-serif-m layout-normal text-serif-m layout-padded\">\u2013 Jeg synes det er litt mange sukkerholdige varer som er nedsatt i disse tider. Jeg jakter bevisst p\u00e5 frukt og gr\u00f8nt som er billig. Det blir ofte til at jeg finner det i butikker p\u00e5 Gr\u00f8nland her i byen \u2013 som er utenfor de store kjedene, sier Nguyen. <\/p>\n<p class=\"_paragraph_o9xde_4 _paragraph_xtcu6_10 layout-component text-serif-m layout-normal text-serif-m layout-padded\">Hun kommer b\u00e6rende p\u00e5 blomster \u2013 kj\u00f8pt til seg selv.<\/p>\n<p class=\"_paragraph_o9xde_4 _paragraph_xtcu6_10 layout-component text-serif-m layout-normal text-serif-m layout-padded\">Rett skal v\u00e6re rett: Hun havnet p\u00e5 Rema torsdag p\u00e5 grunn av 25 prosent bonus p\u00e5 noen frukt- og gr\u00f8ntvarer.<\/p>\n<p class=\"_paragraph_o9xde_4 _paragraph_xtcu6_10 layout-component text-serif-m layout-normal layout-padded\"><strong class=\"_strong_o9xde_25\">Les ogs\u00e5:<\/strong> <a href=\"https:\/\/www.vg.no\/i\/739v3W\" data-track-element-type=\"Link\" data-track-id=\"link:739v3W\" class=\"_link_o9xde_39\" rel=\"nofollow noopener\" target=\"_blank\">Pris\u00adkrigen p\u00e5 jule\u00advarer i gang<\/a><\/p>\n<p>Mener kundene vinner<\/p>\n<p class=\"_paragraph_o9xde_4 _paragraph_xtcu6_10 layout-component text-serif-m layout-normal text-serif-m layout-padded\">Pia Mellbye i Rema 1000 mener kundene vinner p\u00e5 konkurransen mellom dagligvarekjedene om de billigste julevarene.<\/p>\n<p><img alt=\"PIA OG PINNEKJ\u00d8TTET: Markeds- og salgsansvarlig Pia Mellbye i Rema 1000 \u2013 foran en pall med pinnekj\u00f8tt og et plastjuletre i butikken p\u00e5 Ensj\u00f8.  Foto: Frank Ertesv\u00e5g \/ VG\" class=\"_image_qp4xg_65 layout-component layout-normal\" data-fullscreen- data-track-element-type=\"Article image fullscreen\" data-track-name=\"ImageFullscreen\" decoding=\"async\" loading=\"lazy\" height=\"5712\" itemprop=\"image\"  src=\"https:\/\/www.europesays.com\/no\/wp-content\/uploads\/2025\/11\/cb1d84a1-e7db-4141-8987-c9381ddd08aa\"  style=\"object-position:0% 0%\" width=\"4284\"\/>PIA OG PINNEKJ\u00d8TTET: Markeds- og salgsansvarlig Pia Mellbye i Rema 1000 \u2013 foran en pall med pinnekj\u00f8tt og et plastjuletre i butikken p\u00e5 Ensj\u00f8.  Foto: Frank Ertesv\u00e5g \/ VG<\/p>\n<p class=\"_paragraph_o9xde_4 _paragraph_xtcu6_10 layout-component text-serif-m layout-normal text-serif-m layout-padded\"> \u2013 Noen reagerer kanskje p\u00e5 at noen f\u00e5 julevarer settes ned i pris i noen uker f\u00f8r jul \u2013 mens matprisene har \u00f8kt jevnt og trutt lenge?<\/p>\n<p class=\"_paragraph_o9xde_4 _paragraph_xtcu6_10 layout-component text-serif-m layout-normal text-serif-m layout-padded\">\u2013 Vi skal v\u00e6re billigst hele \u00e5ret, og er enig i at det er viktig at prisen er billig p\u00e5 hele handelen og ikke bare p\u00e5 enkeltprodukter. Derfor setter vi ogs\u00e5 prisen ned p\u00e5 et bredt utvalg varer. Men foran h\u00f8ytider som f.eks. b\u00e5de p\u00e5ske og jul s\u00e5 handler vi som kunder gjerne mer enn resten av \u00e5ret, og dermed s\u00e5 \u00f8ker ogs\u00e5 kampen om kundene ytterligere, svarer Remas salgsansvarlige.<\/p>\n<p class=\"_paragraph_o9xde_4 _paragraph_xtcu6_10 layout-component text-serif-m layout-normal text-serif-m layout-padded\">Siden mange handler veldig mye f\u00f8r jul, s\u00e5 mener Rema julevaredumpingen ogs\u00e5 kommer kundene til gode gjennom en billigere handlekurv totalt.<\/p>\n<p>\u2013 F\u00f8lger hverandre<\/p>\n<p class=\"_paragraph_o9xde_4 _paragraph_xtcu6_10 layout-component text-serif-m layout-normal text-serif-m layout-padded\">Veteran\u00f8konom og dagligvareekspert Odd Gisholt tror ikke priskappl\u00f8pet p\u00e5 julevarer er noe kjedene deltar p\u00e5 med liv og lyst.<\/p>\n<p><img decoding=\"async\" alt=\"Bilde av Odd Gisholt\" class=\"_image_ygndg_42\" height=\"54\" itemprop=\"image\" loading=\"lazy\"  src=\"https:\/\/www.europesays.com\/no\/wp-content\/uploads\/2025\/11\/39d8fd87-8367-462f-9080-ff0fdd3749fa\"  width=\"40\"\/><strong class=\"_name_ygndg_51 title-serif-xs\">Odd Gisholt<\/strong><\/p>\n<p class=\"_paragraph_o9xde_4 text-sans-m _description_ygndg_56\">Dagligvareekspert, sivil\u00f8konom, mange\u00e5rig ansvarlig for varehandel p\u00e5 BI<\/p>\n<p class=\"_paragraph_o9xde_4 _paragraph_xtcu6_10 layout-component text-serif-m layout-normal text-serif-m layout-padded\">\u2013 Dette er jo noe de tre store kjedene og alle underkjedene deres da egentlig ikke er noe glad for. Men de f\u00f8lger hverandre med argus\u00f8yne. Og s\u00e5 er det jo ofte en av dem som starter. Og s\u00e5 f\u00f8lger de andre p\u00e5, beskriver Gisholt.<\/p>\n<p class=\"_paragraph_o9xde_4 _paragraph_xtcu6_10 layout-component text-serif-m layout-normal text-serif-m layout-padded\">Han sier at den kraftige prisnedgangen p\u00e5 julevarer i ukene frem mot jul ikke er s\u00e6rlig innbringende for kjedene.<\/p>\n<p class=\"_paragraph_o9xde_4 _paragraph_xtcu6_10 layout-component text-serif-m layout-normal text-serif-m layout-padded\"><strong class=\"_strong_o9xde_25\">\u2013 Denne handelen i seg selv er jo ikke s\u00e5 bra for kjedene. For det er klart at marginene deres blir jo presset. Men de h\u00e5per jo p\u00e5 at n\u00e5r folk benytter alle de tilbudene p\u00e5 enkeltvarer som ribbe og sjokolade \u2013 s\u00e5 kj\u00f8per de vel andre ting ogs\u00e5.<\/strong><\/p>\n<p><img alt=\"PRISDUMPES: Risengrynsgr\u00f8t er en av de mest typiske julevarene som f\u00e5r lavere pris inn mot jul.  Foto: Frank Ertesv\u00e5g \/ VG\" class=\"_image_qp4xg_65 layout-component layout-normal\" data-fullscreen- data-track-element-type=\"Article image fullscreen\" data-track-name=\"ImageFullscreen\" decoding=\"async\" loading=\"lazy\" height=\"5712\" itemprop=\"image\"  src=\"https:\/\/www.europesays.com\/no\/wp-content\/uploads\/2025\/11\/c7ef2bb5-ac73-4058-b931-4a4bc51e7f2e\"  style=\"object-position:0% 0%\" width=\"4284\"\/>PRISDUMPES: Risengrynsgr\u00f8t er en av de mest typiske julevarene som f\u00e5r lavere pris inn mot jul.  Foto: Frank Ertesv\u00e5g \/ VG<\/p>\n<p class=\"_paragraph_o9xde_4 _paragraph_xtcu6_10 layout-component text-serif-m layout-normal text-serif-m layout-padded\">\u2013 Og de tar igjen lav pris p\u00e5 julevarer med prissettingen p\u00e5 andre varer?<\/p>\n<p class=\"_paragraph_o9xde_4 _paragraph_xtcu6_10 layout-component text-serif-m layout-normal text-serif-m layout-padded\">\u2013 De tar det nok igjen p\u00e5 andre ting. Hvis sjokoladen er billig, s\u00e5 kan det jo hende at det er andre viktige varer som prisen har g\u00e5tt litt opp p\u00e5, illustrerer Gisholt.<\/p>\n<p>Vil unng\u00e5 tomme hyller<\/p>\n<p class=\"_paragraph_o9xde_4 _paragraph_xtcu6_10 layout-component text-serif-m layout-normal text-serif-m layout-padded\">Mellbye i Rema 1000 fastholder at de presser hele varespekteret nedover prismessig s\u00e5 godt det lar seg gj\u00f8re.<\/p>\n<p class=\"_paragraph_o9xde_4 _paragraph_xtcu6_10 layout-component text-serif-m layout-normal text-serif-m layout-padded\">\u2013 Vi skal sikre at kundene f\u00e5r den billigste sluttsummen p\u00e5 hele handlekurven, og ikke bare p\u00e5 disse enkeltproduktene som det gjerne kuttes p\u00e5 rundt h\u00f8ytider. N\u00e5 g\u00e5r vi derfor foran for \u00e5 sikre brede kutt p\u00e5 alt fra ost til klementiner, sier hun.<\/p>\n<p class=\"_paragraph_o9xde_4 _paragraph_xtcu6_10 layout-component text-serif-m layout-normal text-serif-m layout-padded\">De kastet seg p\u00e5 julevare-karusellen tidlig i november, og har n\u00e5 over 90 varer med betydelig lavere pris enn vanlig.<\/p>\n<p class=\"_paragraph_o9xde_4 _paragraph_xtcu6_10 layout-component text-serif-m layout-normal text-serif-m layout-padded\">\u2013 Noen har opplevd at billige julevarer fort blir utsolgt. Klarer dere \u00e5 etterfylle?<\/p>\n<p class=\"_paragraph_o9xde_4 _paragraph_xtcu6_10 layout-component text-serif-m layout-normal text-serif-m layout-padded\">\u2013 Vi har planlagt julen veldig godt, har godt med varer og har stor tro p\u00e5 at vi skal ha billige varer helt frem til jul, svarer Mellbye.<\/p>\n<p class=\"_paragraph_o9xde_4 _paragraph_xtcu6_10 layout-component text-serif-m layout-normal text-serif-m layout-padded\">\u2013 Det blir ikke tomme hyller?<\/p>\n<p class=\"_paragraph_o9xde_4 _paragraph_xtcu6_10 layout-component text-serif-m layout-normal text-serif-m layout-padded\">\u2013 Man kan jo aldri garantere noe, men vi har velfylte butikker og masse varer p\u00e5 lager, og er godt rigget for tidenes julehandel, sier salgsdirekt\u00f8ren.<\/p>\n","protected":false},"excerpt":{"rendered":"Rema 1000 \u00f8ker omfanget av prisdumpede julevarer som risgr\u00f8t, edamerost og ribbe. Kunder \u00f8nsker at flere sunne alternativer&hellip;\n","protected":false},"author":2,"featured_media":92616,"comment_status":"","ping_status":"","sticky":false,"template":"","format":"standard","meta":{"footnotes":""},"categories":[5],"tags":[20,21,24,25,15,19,7852,9242,22,23,17,18,1229,13,30,28,29,14,16,7636,26,27,1995],"class_list":{"0":"post-92615","1":"post","2":"type-post","3":"status-publish","4":"format-standard","5":"has-post-thumbnail","7":"category-overskrifter","8":"tag-breaking-news","9":"tag-breakingnews","10":"tag-featured-news","11":"tag-featurednews","12":"tag-headlines","13":"tag-hovedoppslag","14":"tag-julehandel","15":"tag-julemat","16":"tag-latest-news","17":"tag-latestnews","18":"tag-main-news","19":"tag-mainnews","20":"tag-matpriser","21":"tag-news","22":"tag-no","23":"tag-norge","24":"tag-norway","25":"tag-nyheter","26":"tag-overskrifter","27":"tag-priskrig","28":"tag-top-stories","29":"tag-topstories","30":"tag-vghelseoglivet"},"share_on_mastodon":{"url":"https:\/\/pubeurope.com\/@no\/115586437463817253","error":""},"_links":{"self":[{"href":"https:\/\/www.europesays.com\/no\/wp-json\/wp\/v2\/posts\/92615","targetHints":{"allow":["GET"]}}],"collection":[{"href":"https:\/\/www.europesays.com\/no\/wp-json\/wp\/v2\/posts"}],"about":[{"href":"https:\/\/www.europesays.com\/no\/wp-json\/wp\/v2\/types\/post"}],"author":[{"embeddable":true,"href":"https:\/\/www.europesays.com\/no\/wp-json\/wp\/v2\/users\/2"}],"replies":[{"embeddable":true,"href":"https:\/\/www.europesays.com\/no\/wp-json\/wp\/v2\/comments?post=92615"}],"version-history":[{"count":0,"href":"https:\/\/www.europesays.com\/no\/wp-json\/wp\/v2\/posts\/92615\/revisions"}],"wp:featuredmedia":[{"embeddable":true,"href":"https:\/\/www.europesays.com\/no\/wp-json\/wp\/v2\/media\/92616"}],"wp:attachment":[{"href":"https:\/\/www.europesays.com\/no\/wp-json\/wp\/v2\/media?parent=92615"}],"wp:term":[{"taxonomy":"category","embeddable":true,"href":"https:\/\/www.europesays.com\/no\/wp-json\/wp\/v2\/categories?post=92615"},{"taxonomy":"post_tag","embeddable":true,"href":"https:\/\/www.europesays.com\/no\/wp-json\/wp\/v2\/tags?post=92615"}],"curies":[{"name":"wp","href":"https:\/\/api.w.org\/{rel}","templated":true}]}}