{"id":92625,"date":"2025-11-21T07:17:15","date_gmt":"2025-11-21T07:17:15","guid":{"rendered":"https:\/\/www.europesays.com\/no\/92625\/"},"modified":"2025-11-21T07:17:15","modified_gmt":"2025-11-21T07:17:15","slug":"andrew-mountbatten-windsor-favorittbarnet-ble-beskyttet","status":"publish","type":"post","link":"https:\/\/www.europesays.com\/no\/92625\/","title":{"rendered":"Andrew Mountbatten Windsor: &#8211; Favorittbarnet ble beskyttet"},"content":{"rendered":"<p class=\"kicker \" style=\"\">Andrew Mountbatten-Windsor<\/p>\n<p>  Andrew mistet prinsetittelen og hjemmet sitt. Ekspert laster mamma Elizabeth for s\u00f8nnens fall.\u00a0<\/p>\n<p>\n    FAVORITTEN: Dronning Elizabeth var firebarnsmor, for Chalres, Anne, Andrew og Edward. Andrew skal ha v\u00e6rt favoritten, og hun tilga alle hans krumspring, noe som kan ha \u00e5pnet for alvorlige utskeielser i voksen alder. Foto: NTB\n  <\/p>\n<p>Den britisk-amerikanske journalisten og forfatteren Tina Brown mener det er avd\u00f8de dronning Elizabeth II sin skyld at s\u00f8nnen Andrew endte opp slik han gjorde.<\/p>\n<p class=\"font-weight-bold m-font-weight-bold\" data-lab-font_weight=\"font-weight-bold\">Brown, som tidligere har gitt ut to b\u00f8ker om Storbritannias kongelige familie, er krystallklar i sin kritikk av den avd\u00f8de dronningen:<\/p>\n<p>        OVERRASKER: Influenser Robert \u00abNorwayRob\u00bb Scott dukker opp som deltaker i Netflix-suksessen \u00abSquid Game: The Challenge\u00bb. Video: Kine Falch \/ Netflix<\/p>\n<p>&#8211; Fakta er at hun har mye \u00e5 svare for n\u00e5r det kommer til Andrew. Det er sannheten. Fordi dronningen gjorde det mulig for Andrew, p\u00e5 en veldig uheldig m\u00e5te, sier Brown i New York Times sin podkast <a href=\"https:\/\/archive.is\/o\/6EWrE\/https:\/\/podcasts.apple.com\/us\/podcast\/the-interview-tina-brown-on-epstein-the-\u00fcber-rich\/id1200361736\" rel=\"nofollow noopener\" target=\"_blank\">\u00abThe Interview\u00bb<\/a>, gjengitt av nettavisa <a href=\"https:\/\/www.thedailybeast.com\/andrews-despicable-behavior-was-enabled-at-the-highest-level\/\" rel=\"nofollow noopener\" target=\"_blank\">The Daily Beast.<\/a><\/p>\n<p>          <img loading=\"lazy\" decoding=\"async\" src=\"https:\/\/www.europesays.com\/no\/wp-content\/uploads\/2025\/11\/1763709430_580_83858691.webp\" width=\"686\" height=\"666\" title=\"ANERKJENT: Tina Brown var sjefredakt\u00f8r for New Yorker og Vanity Fair f\u00f8r hun var med p\u00e5 \u00e5 starte The Daily Beast i 2008. Avisen omtaler henne som en \u00ablegendarisk journlist\u00bb. Foto: George Napolitano \/ UPI \/ Shutterstock \/ NTB\" alt=\"\" class=\"\" style=\"--aspect-ratio-image: 1.03; \"\/><\/p>\n<p>\n          ANERKJENT: Tina Brown var sjefredakt\u00f8r for New Yorker og Vanity Fair f\u00f8r hun var med p\u00e5 \u00e5 starte The Daily Beast i 2008. Avisen omtaler henne som en \u00ablegendarisk journlist\u00bb. Foto: George Napolitano \/ UPI \/ Shutterstock \/ NTB\n      <\/p>\n<p>Mener hun beskyttet favorittbarnet\t<\/p>\n<p>Andrew <a href=\"https:\/\/www.seher.no\/kjendis\/mister-prinsetittelen-kroken-pa-dora\/83791540\" rel=\"nofollow noopener\" target=\"_blank\">mistet nylig prinsetittelen<\/a> p\u00e5 grunn av sin tilknytning til den d\u00f8mte seksualforbryteren Jeffrey Epstein og anklager om seksuelle overgrep fra Virginia Giuffre, det mest kjente Epstein-offeret.<\/p>\n<p>    <a itemprop=\"url\" href=\"https:\/\/www.seher.no\/kjendis\/enormt-fall\/83798251\" rel=\"nofollow noopener\" target=\"_blank\"><\/p>\n<p>      <img loading=\"lazy\" decoding=\"async\" src=\"https:\/\/www.europesays.com\/no\/wp-content\/uploads\/2025\/11\/1763709430_334_83760079.webp\" width=\"147\" height=\"98\" title=\"- Drastisk beslutning\" alt=\"\" class=\"lazyload\" style=\"--aspect-ratio-image: 1.50; \"\/><\/p>\n<p>        &#8211; Drastisk beslutning<\/p>\n<p>    <\/a><\/p>\n<p>Han vil n\u00e5 bli kjent som Andrew Mountbatten Windsor, skriver <a href=\"https:\/\/www.bbc.com\/news\/live\/cnveqgj957dt\" rel=\"nofollow noopener\" target=\"_blank\">BBC.<\/a>\u00a0<\/p>\n<p>Han ble ogs\u00e5 kastet ut av boligen sin Royal Lodge, hvor han har bodd i over 20 \u00e5r.<\/p>\n<p>          <img loading=\"lazy\" decoding=\"async\" src=\"https:\/\/www.europesays.com\/no\/wp-content\/uploads\/2025\/11\/1763709431_215_83859547.webp\" width=\"686\" height=\"549\" title=\"KASTET UT: I slutten av oktober tok Buckingham Palace grep, og eks-prins Andrew ble kastet ut av Royal Lodge. Foto: REUTERS\/Stringer \/ NTB\" alt=\"\" class=\"\" style=\"--aspect-ratio-image: 1.25; \"\/><\/p>\n<p>\n          KASTET UT: I slutten av oktober tok Buckingham Palace grep, og eks-prins Andrew ble kastet ut av Royal Lodge. Foto: REUTERS\/Stringer \/ NTB\n      <\/p>\n<p>Brown mener dronningen beskyttet Andrew fordi han var favorittbarnet hennes.<\/p>\n<p class=\"font-weight-bold m-font-weight-bold\" data-lab-font_weight=\"font-weight-bold\">&#8211; Hun var den som beskyttet ham, men dessverre gjorde det ham verre, hevder Brown i podkasten.<\/p>\n<p>        NY START: Etter \u00abJakten p\u00e5 kj\u00e6rligheten\u00bb har bonden Cornelia en ny mann i kikkerten. Reporter: Sanne Holt. Video: TV 2\/ R\u00f8d L\u00f8per <\/p>\n<p>Brown p\u00e5peker at det er vanskelig \u00e5 kritisere dronningen, og at mener at mange ikke t\u00f8r \u00e5 knytte henne til den kontroversielle s\u00f8nnen.\u00a0<\/p>\n<p>&#8211; Dronningen var der i 70 \u00e5r, ikke sant? Hagiografien rundt dronningen er intens. Jeg mener &#8230; Man f\u00e5r aldri lov til \u00e5 kritisere dronningen, sier Brown.<\/p>\n<p>          <img loading=\"lazy\" decoding=\"async\" src=\"https:\/\/www.europesays.com\/no\/wp-content\/uploads\/2025\/11\/1763709431_967_82021052.webp\" width=\"980\" height=\"559\" title=\"DRONNING I 70 \u00c5R: Dronning Elizabeth var monark i Storbritannia i 70 \u00e5r. Hun ble 96 \u00e5r, og d\u00f8de i 2022. Foto: Scott Heppell \/ AP \/ NTB\" alt=\"\" class=\"\" style=\"--aspect-ratio-image: 1.75; \"\/><\/p>\n<p>\n          DRONNING I 70 \u00c5R: Dronning Elizabeth var monark i Storbritannia i 70 \u00e5r. Hun ble 96 \u00e5r, og d\u00f8de i 2022. Foto: Scott Heppell \/ AP \/ NTB\n      <\/p>\n<p>E-postene\t<\/p>\n<p>Artikler om nye e-poster kunne forrige uke stille seg i en lang rekke overskrifter om Andrew den siste tiden. Onsdag ble\u00a0<a href=\"https:\/\/www.seher.no\/kjendis\/e-poster-jeg-orker-ikke-mer\/83843971\" rel=\"nofollow noopener\" target=\"_blank\">e-postutvekslinger <\/a>mellom eks-prinsen og Epstein offentliggjort av Representantenes hus&#8217; tilsynskomit\u00e9 i USA.\u00a0<\/p>\n<p>    <a itemprop=\"url\" href=\"https:\/\/www.seher.no\/kongelig\/fant-sexleketoy-pa-slottet\/83805262\" rel=\"nofollow noopener\" target=\"_blank\"><\/p>\n<p>      <img loading=\"lazy\" decoding=\"async\" src=\"https:\/\/www.europesays.com\/no\/wp-content\/uploads\/2025\/11\/1763709431_661_83805272.webp\" width=\"147\" height=\"98\" title=\"Fant sexleket\u00f8y p\u00e5 slottet\" alt=\"\" class=\"lazyload\" style=\"--aspect-ratio-image: 1.50; \"\/><\/p>\n<p>        Fant sexleket\u00f8y p\u00e5 slottet<\/p>\n<p>    <\/a><\/p>\n<p>E-postene fra mars 2011 viser at Epstein og Andrew skal ha diskutert p\u00e5stander knyttet til Epstein, som Andrew ikke \u00f8nsket \u00e5 bli knyttet til.<\/p>\n<p class=\"font-weight-bold m-font-weight-bold\" data-lab-font_weight=\"font-weight-bold\">\u00abVennligst s\u00f8rg for at hver uttalelse eller juridiske brev tydelig sier at jeg IKKE er involvert og at jeg visste og vet INGENTING om noen av disse anklagene. Jeg orker ikke mer av dette for min del\u00bb, skrev Andrew\u00a0til\u00a0Epstein, if\u00f8lge epostene.<\/p>\n<p>          <img loading=\"lazy\" decoding=\"async\" src=\"https:\/\/www.europesays.com\/no\/wp-content\/uploads\/2025\/11\/1763709432_163_83809928.webp\" width=\"686\" height=\"577\" title=\"SKANDALE-BILDET: Eks-prins Andrew med armen rundt 17 \u00e5r gamle Virginia Giuffre. Bak st\u00e5r Ghislaine Maxwell, som i 2022 ble d\u00f8mt til 20 \u00e5rs fengsel for menneskehandel og prostitusjon. Foto: AFP \/ NTB\" alt=\"\" class=\"\" style=\"--aspect-ratio-image: 1.19; \"\/><\/p>\n<p>\n          SKANDALE-BILDET: Eks-prins Andrew med armen rundt 17 \u00e5r gamle Virginia Giuffre. Bak st\u00e5r Ghislaine Maxwell, som i 2022 ble d\u00f8mt til 20 \u00e5rs fengsel for menneskehandel og prostitusjon. Foto: AFP \/ NTB\n      <\/p>\n<p>Det kom ogs\u00e5 frem at Epstein hevdet Andrew hadde tatt et bilde med Virginia Giuffre.<\/p>\n<p>        FESTLIG LAG: Det spares ikke p\u00e5 kruttet n\u00e5r Stein Erik Hagen skal feire kj\u00e6rligheten med sin utk\u00e5rede, Bendik Skinningsrud. Video: H\u00e5vard Bj\u00f8rnerem \/ Andreas Fadum<\/p>\n<p>Det var i en e-post til en journalist i juli 2011 at Epstein skal ha skrevet at Giuffre \u00aber en total l\u00f8gner\u00bb, men han innr\u00f8mmet samtidig:<\/p>\n<p>    <a itemprop=\"url\" href=\"https:\/\/www.seher.no\/kjendis\/vurderer-navneendring\/83835082\" rel=\"nofollow noopener\" target=\"_blank\"><\/p>\n<p>      <img loading=\"lazy\" decoding=\"async\" src=\"https:\/\/www.europesays.com\/no\/wp-content\/uploads\/2025\/11\/1763709434_545_83834837.webp\" width=\"980\" height=\"441\" title=\"Vurderer navneendring\" alt=\"\" class=\"lazyload\" style=\"--aspect-ratio-image: 2.22; \"\/><\/p>\n<p>        Vurderer navneendring<\/p>\n<p>    <\/a><\/p>\n<p>\u00abJa, hun var p\u00e5 flyet mitt, og ja, hun fikk tatt bilde med Andrew &#8211; som mange av mine ansatte ogs\u00e5 har\u00bb.<\/p>\n<p> Andrew har tidligere uttalt at han ikke husker \u00e5 ha m\u00f8tt Giuffre. Han har hele tiden avvist anklagene mot ham.<\/p>\n<p>    Kort fortalt:<\/p>\n<p>I 2008 ble Jeffrey Epstein\u00a0d\u00f8mt for\u00a0\u00e5 ha kj\u00f8pt seksuelle tjenester av mindre\u00e5rige jenter.<\/p>\n<p>Nesten ti \u00e5r senere ble Epstein siktet for menneskehandel, der flere av ofrene var mindre\u00e5rige jenter. Samme \u00e5r d\u00f8de han i fengsel, 66 \u00e5r gammel.\u00a0<\/p>\n<p>En av de mest omtalte sakene omhandler prins eks-Andrew.\u00a0<\/p>\n<p>I et rettsdokument fra desember 2014 fortalte Virginia Giuffre at hun ble sendt av Epstein til den britiske prinsen tre ganger mens hun var 17 \u00e5r gammel.\u00a0<\/p>\n<p>Senere saks\u00f8kte hun Andrew og anklaget ham for seksuelle overgrep, noe han benektet. Giuffre inngikk senere forlik med Andrew, som hele tiden har avvist anklagene mot seg.<\/p>\n<p>I april i \u00e5r tok hun sitt eget liv, 41 \u00e5r gammel. Et halvt \u00e5r senere ble boken hennes,\u00a0\u00abNobody\u2019s Girl: A Memoir of Surviving and Fighting for Justice\u00bb, gitt ut.\u00a0\u00a0<\/p>\n<p class=\"lab-bodytext-line\"><a href=\"https:\/\/www.seher.no\/kjendis\/orgie-med-prins-andrew\/83751820\" rel=\"nofollow noopener\" target=\"_blank\">I boken fremkom det nye, sterke p\u00e5stander, ogs\u00e5 om Andrew.<\/a><\/p>\n<p>      Vis mer<br \/>\n      Vis mindre<\/p>\n","protected":false},"excerpt":{"rendered":"Andrew Mountbatten-Windsor Andrew mistet prinsetittelen og hjemmet sitt. Ekspert laster mamma Elizabeth for s\u00f8nnens fall.\u00a0 FAVORITTEN: Dronning Elizabeth&hellip;\n","protected":false},"author":2,"featured_media":92626,"comment_status":"","ping_status":"","sticky":false,"template":"","format":"standard","meta":{"footnotes":""},"categories":[59],"tags":[10361,1893,3681,1649,3994,76,30,28,29,83,82],"class_list":{"0":"post-92625","1":"post","2":"type-post","3":"status-publish","4":"format-standard","5":"has-post-thumbnail","7":"category-sport","8":"tag-andrew-mountbatten-windsor","9":"tag-det-britiske-kongehuset","10":"tag-dronning-elizabeth","11":"tag-jeffrey-epstein","12":"tag-kong-charles","13":"tag-kongelig","14":"tag-no","15":"tag-norge","16":"tag-norway","17":"tag-sport","18":"tag-sports"},"share_on_mastodon":{"url":"https:\/\/pubeurope.com\/@no\/115586468790512167","error":""},"_links":{"self":[{"href":"https:\/\/www.europesays.com\/no\/wp-json\/wp\/v2\/posts\/92625","targetHints":{"allow":["GET"]}}],"collection":[{"href":"https:\/\/www.europesays.com\/no\/wp-json\/wp\/v2\/posts"}],"about":[{"href":"https:\/\/www.europesays.com\/no\/wp-json\/wp\/v2\/types\/post"}],"author":[{"embeddable":true,"href":"https:\/\/www.europesays.com\/no\/wp-json\/wp\/v2\/users\/2"}],"replies":[{"embeddable":true,"href":"https:\/\/www.europesays.com\/no\/wp-json\/wp\/v2\/comments?post=92625"}],"version-history":[{"count":0,"href":"https:\/\/www.europesays.com\/no\/wp-json\/wp\/v2\/posts\/92625\/revisions"}],"wp:featuredmedia":[{"embeddable":true,"href":"https:\/\/www.europesays.com\/no\/wp-json\/wp\/v2\/media\/92626"}],"wp:attachment":[{"href":"https:\/\/www.europesays.com\/no\/wp-json\/wp\/v2\/media?parent=92625"}],"wp:term":[{"taxonomy":"category","embeddable":true,"href":"https:\/\/www.europesays.com\/no\/wp-json\/wp\/v2\/categories?post=92625"},{"taxonomy":"post_tag","embeddable":true,"href":"https:\/\/www.europesays.com\/no\/wp-json\/wp\/v2\/tags?post=92625"}],"curies":[{"name":"wp","href":"https:\/\/api.w.org\/{rel}","templated":true}]}}