{"id":92634,"date":"2025-11-21T07:27:12","date_gmt":"2025-11-21T07:27:12","guid":{"rendered":"https:\/\/www.europesays.com\/no\/92634\/"},"modified":"2025-11-21T07:27:12","modified_gmt":"2025-11-21T07:27:12","slug":"fra-visual-merchandiser-til-internasjonal-motestylist","status":"publish","type":"post","link":"https:\/\/www.europesays.com\/no\/92634\/","title":{"rendered":"Fra visual merchandiser til internasjonal motestylist."},"content":{"rendered":"<p class=\"kicker \" style=\"\">Interi\u00f8r<\/p>\n<p>        Foto: Fanny R\u00e5dvik\n    <\/p>\n<p>    Stylisten Hanna MW og hennes forlovede Jimmy Kamhieh Loutfi har innredet et personlig hjem, der inntrykk fra deres mange reiser har inspirert stilen.<\/p>\n<p>P\u00e5 kort tid gikk Hanna MW, eller Hanna Marzouki Widlund som hun heter, fra \u00e5 v\u00e6re visual merchandiser i en klesbutikk til \u00e5 bli en ettertraktet motestylist med oppdrag over hele verden.\u00a0<\/p>\n<p>Den samme metoden, \u00e5 mikse og matche og bruke kontraster, materialm\u00f8ter og visuell historiefortelling, som hun bruker i sitt arbeid, har hun og forloveden Jimmy Kamhieh Loutfi anvendt n\u00e5r de har innredet sin treromsleilighet i Atlas-omr\u00e5det i Vasastan.\u00a0<\/p>\n<p>                <img decoding=\"async\" src=\"https:\/\/www.europesays.com\/no\/wp-content\/uploads\/2025\/11\/917650.webp\" width=\"480\" height=\"639\" title=\"I stua sitter man komfortabelt i den sebram\u00f8nstrete lenestolen fra DUSTY DECO. Det myke teppet er fra TINTED OBJECTS, og bordet i valbj\u00f8rk er designet av Caroline Sandstr\u00f6m Blasiak. P\u00e5 veggen henger en Mir\u00f3-plakat som ble funnet i Palma, og p\u00e5 sidebordet st\u00e5r Hannas favorittilbeh\u00f8r, en vase med b\u00f8lgende form.\" alt=\"\" loading=\"lazy\" style=\"\"\/><\/p>\n<p>\n            I stua sitter man komfortabelt i den sebram\u00f8nstrete lenestolen fra DUSTY DECO. Det myke teppet er fra TINTED OBJECTS, og bordet i valbj\u00f8rk er designet av Caroline Sandstr\u00f6m Blasiak. P\u00e5 veggen henger en Mir\u00f3-plakat som ble funnet i Palma, og p\u00e5 sidebordet st\u00e5r Hannas favorittilbeh\u00f8r, en vase med b\u00f8lgende form.<br \/>\n            Foto: Fanny R\u00e5dvik\n        <\/p>\n<p>Bli med hjem til\u00a0Hanna MWInspirert av reiser<\/p>\n<p>Jimmy jobber som smykkedesigner og er grunnlegger av merket Louis Abel, og akkurat som Hanna liker han det personlige og kunstneriske n\u00e5r det gjelder interi\u00f8r. Grunnen til at de for to \u00e5r siden havnet i akkurat denne leiligheten er at omr\u00e5det er rolig, til tross for at det ligger sentralt, med bare noen minutters gange fra Sankt Eriksplan.\u00a0<\/p>\n<p>\u2013 Vi flyttet hit fra Bor\u00e5s, og i denne frodige blindveien kan vi kjenne p\u00e5 den sm\u00e5byroen vi er vant til, samtidig som vi kan nyte storbyen n\u00e5r vi vil.<\/p>\n<p>Det er ikke bare Stockholms bypuls paret kontinuerlig deltar i; de er ogs\u00e5 stadig p\u00e5 reisefot, spesielt Hanna. Og det er positivt, for de finner mye av inspirasjonen til jobb og interi\u00f8r n\u00e5r de bes\u00f8ker nye steder. Leiligheten er som en bok som forteller deres felles historie og oppsummerer de reisene og eventyrene de har opplevd gjennom sine tretten \u00e5r sammen.<\/p>\n<p><a href=\"https:\/\/www.elle.no\/borddekking-fest-omer-gilony\/omer-gilony-den-27-ar-gamle-designstjerna-som-gjor-borddekking-til-kunst\/913092\" target=\"_blank\" rel=\"nofollow noopener\">Les ogs\u00e5:\u00a0Omer Gilony: Den 27 \u00e5r gamle designstjerna som gj\u00f8r borddekking til kunst.<\/a><\/p>\n<p>For eksempel har de forelsket seg i Joan Mir\u00f3s kunstverk under sine mange reiser til Frankrike og Spania. B\u00e5de hans kunst og hans m\u00e5te \u00e5 kombinere farger og former p\u00e5 en leken m\u00e5te gjenspeiles derfor i flere omr\u00e5der i parets hjem. Man kan blant annet se det i kombinasjonen av m\u00f8bler, noen store og buede, andre nette og elegante, samt de vakre, virvlende m\u00f8nstrene som finnes overalt i leiligheten.<\/p>\n<p>                <img decoding=\"async\" src=\"https:\/\/www.europesays.com\/no\/wp-content\/uploads\/2025\/11\/917906.webp\" width=\"480\" height=\"639\" title=\"Lenestolen av Pierre Jeanneret var et dr\u00f8mmekj\u00f8p, n\u00e5 st\u00e5r den i den koselige stua under en plakat av favoritten Mir\u00f3.\" alt=\"\" loading=\"lazy\" style=\"\"\/><\/p>\n<p>\n            Lenestolen av Pierre Jeanneret var et dr\u00f8mmekj\u00f8p, n\u00e5 st\u00e5r den i den koselige stua under en plakat av favoritten Mir\u00f3.<br \/>\n            Foto: Fanny R\u00e5dvik\n        <\/p>\n<p>\u2013 Kj\u00f8kkenet oppsummerer virkelig min innredningsstil<\/p>\n<p>Det er ikke bare kunst og design de har blitt inspirert av n\u00e5r de har v\u00e6rt p\u00e5 reisefot; Hanna nevner blant annet en pakke med sukker hun fant i Italia som en stor inspirasjonskilde.<\/p>\n<p>                <img decoding=\"async\" src=\"https:\/\/www.europesays.com\/no\/wp-content\/uploads\/2025\/11\/917659.webp\" width=\"480\" height=\"639\" title=\"P\u00e5 en reise til Italia fant Hanna en pakke med sukker i rosa og lysebl\u00e5tt, og hun ble fascinert av fargekombinasjonen. N\u00e5 gjenfinnes pakken i m\u00f8tet mellom det r\u00f8de i spisestua og det rosa kj\u00f8kkenet fra HELSING\u00d6, samt den lysebl\u00e5 Murano-lampen fra LAMPADA.\" alt=\"\" loading=\"lazy\" style=\"\"\/><\/p>\n<p>\n            P\u00e5 en reise til Italia fant Hanna en pakke med sukker i rosa og lysebl\u00e5tt, og hun ble fascinert av fargekombinasjonen. N\u00e5 gjenfinnes pakken i m\u00f8tet mellom det r\u00f8de i spisestua og det rosa kj\u00f8kkenet fra HELSING\u00d6, samt den lysebl\u00e5 Murano-lampen fra LAMPADA.<br \/>\n            Foto: Fanny R\u00e5dvik\n        <\/p>\n<p>\u2013 Den var gammelrosa med lysebl\u00e5 tekst, og jeg synes det er en s\u00e5 utrolig fin kombinasjon. Sammen med m\u00f8rker\u00f8dt er de n\u00e5 mine favorittfarger.\u00a0Dette blir tydelig n\u00e5r man bes\u00f8ker den sjarmerende leiligheten, spesielt n\u00e5r man trer inn i det rosa kj\u00f8kkenet og ser ut p\u00e5 det bl\u00e5malte taket i stua.<\/p>\n<p>                <img decoding=\"async\" src=\"https:\/\/www.europesays.com\/no\/wp-content\/uploads\/2025\/11\/917646.webp\" width=\"480\" height=\"639\" title=\"Ved \u00e5 blande rosamalte kj\u00f8kkenskap i Shaker-stil med en komfyr og ventilator i rustfritt st\u00e5l, har paret oppn\u00e5dd en blanding av italiensk og landlig stil som de liker godt. Vasen er fra ZARA HOME.\" alt=\"\" loading=\"lazy\" style=\"\"\/><\/p>\n<p>\n            Ved \u00e5 blande rosamalte kj\u00f8kkenskap i Shaker-stil med en komfyr og ventilator i rustfritt st\u00e5l, har paret oppn\u00e5dd en blanding av italiensk og landlig stil som de liker godt. Vasen er fra ZARA HOME.<br \/>\n            Foto: Fanny R\u00e5dvik\n        <\/p>\n<p>\u2013 Jeg elsker b\u00e5de klassisk stil, det landlige og moderne italiensk design, aller helst i kombinasjon! Det kan man se i kj\u00f8kkenet v\u00e5rt, hvor de landlige kj\u00f8kkenskapene med h\u00e5ndmalte knotter st\u00e5r ved siden av en komfyr og ventilator i rustfritt st\u00e5l og en benkeplate i naturstein. Kj\u00f8kkenet oppsummerer virkelig min innredningsstil, sier Hanna.<\/p>\n<p><a href=\"https:\/\/www.elle.no\/amelie-pichard-onsker-rotet-velkommen-hjem\/909113\" target=\"_blank\" rel=\"nofollow noopener\">Les ogs\u00e5:\u00a0Am\u00e9lie Pichard \u00f8nsker rotet velkommen hjem.<\/a><\/p>\n<p>\u2013 Jeg liker \u00e5 blande, alt skal ikke v\u00e6re i samme stil eller fargeskala<\/p>\n<p>                <img decoding=\"async\" src=\"https:\/\/www.europesays.com\/no\/wp-content\/uploads\/2025\/11\/917652.webp\" width=\"480\" height=\"639\" title=\"\u2013 Kj\u00f8kkenet oppsummerer virkelig min innredningsstil\" alt=\"\" loading=\"lazy\" style=\"\"\/><\/p>\n<p>            Foto: Fanny R\u00e5dvik\n        <\/p>\n<p>\u2013 Jeg liker \u00e5 blande, alt skal ikke v\u00e6re i samme stil eller fargeskala. Hos oss mikser vi vintage med nytt, farger og former med en rolig base, og klassiske designm\u00f8bler med tilbeh\u00f8r som tar plass.<\/p>\n<p>                <img decoding=\"async\" src=\"https:\/\/www.europesays.com\/no\/wp-content\/uploads\/2025\/11\/917657.webp\" width=\"480\" height=\"639\" title=\"I spisestua har det massive trebordet fra GUSTAF WESTMAN samme dype r\u00f8dfarge som motivet p\u00e5 plakaten over sidebordet. Lampeskjermen p\u00e5 gulvlampen fra SVENSKT TENN har ogs\u00e5 en herlig m\u00f8rker\u00f8d nyanse.\" alt=\"\" loading=\"lazy\" style=\"\"\/><\/p>\n<p>\n            I spisestua har det massive trebordet fra GUSTAF WESTMAN samme dype r\u00f8dfarge som motivet p\u00e5 plakaten over sidebordet. Lampeskjermen p\u00e5 gulvlampen fra SVENSKT TENN har ogs\u00e5 en herlig m\u00f8rker\u00f8d nyanse.<br \/>\n            Foto: Fanny R\u00e5dvik\n        <\/p>\n<p>H\u00e5pet til Hanna og Jimmy er at gjestene deres skal f\u00f8le at det er tydelig hvem de har kommet hjem til; at hjemmet skal v\u00e6re personlig og, akkurat som kl\u00e6rne deres, fortelle hvem de er.<\/p>\n<p>                <img decoding=\"async\" src=\"https:\/\/www.europesays.com\/no\/wp-content\/uploads\/2025\/11\/917895.webp\" width=\"480\" height=\"639\" title=\"I den gr\u00f8nnmalte gangen henger en skisse av Matisse og en illustrasjon av Mir\u00f3 over en ALTO-krakk som ble produsert i begrenset opplag for NORDISKA GALLERIET. Vasen er fra ZARA HOME.\" alt=\"\" loading=\"lazy\" style=\"\"\/><\/p>\n<p>\n            I den gr\u00f8nnmalte gangen henger en skisse av Matisse og en illustrasjon av Mir\u00f3 over en ALTO-krakk som ble produsert i begrenset opplag for NORDISKA GALLERIET. Vasen er fra ZARA HOME.<br \/>\n            Foto: Fanny R\u00e5dvik\n        <\/p>\n<p>Det er tydelig at det er to nysgjerrige estetikere som ikke har blitt rammet av noen innredningsangst, som har skapt sitt dr\u00f8mmehjem her. Boligen f\u00f8les b\u00e5de kjent og velkommen, men samtidig personlig og unik.<\/p>\n<p><a href=\"https:\/\/www.elle.no\/dette-hjemmet-byr-pa-landlig-idyll-midt-i-paris\/895242\" target=\"_blank\" rel=\"nofollow noopener\">Les ogs\u00e5:\u00a0Dette hjemmet byr p\u00e5 landlig idyll midt i Paris.<\/a><\/p>\n<p>                <img decoding=\"async\" src=\"https:\/\/www.europesays.com\/no\/wp-content\/uploads\/2025\/11\/917926.webp\" width=\"480\" height=\"159\" title=\"\u2013 Kj\u00f8kkenet oppsummerer virkelig min innredningsstil\" alt=\"\" loading=\"lazy\" style=\"\"\/><\/p>\n","protected":false},"excerpt":{"rendered":"Interi\u00f8r Foto: Fanny R\u00e5dvik Stylisten Hanna MW og hennes forlovede Jimmy Kamhieh Loutfi har innredet et personlig hjem,&hellip;\n","protected":false},"author":2,"featured_media":92635,"comment_status":"","ping_status":"","sticky":false,"template":"","format":"standard","meta":{"footnotes":""},"categories":[57],"tags":[30,28,29,65,63,64,66,70,69,67,68],"class_list":{"0":"post-92634","1":"post","2":"type-post","3":"status-publish","4":"format-standard","5":"has-post-thumbnail","7":"category-vitenskap-og-teknologi","8":"tag-no","9":"tag-norge","10":"tag-norway","11":"tag-science","12":"tag-science-and-technology","13":"tag-scienceandtechnology","14":"tag-technology","15":"tag-teknologi","16":"tag-vitenskap","17":"tag-vitenskap-og-teknologi","18":"tag-vitenskapteknologi"},"share_on_mastodon":{"url":"https:\/\/pubeurope.com\/@no\/115586508154058992","error":""},"_links":{"self":[{"href":"https:\/\/www.europesays.com\/no\/wp-json\/wp\/v2\/posts\/92634","targetHints":{"allow":["GET"]}}],"collection":[{"href":"https:\/\/www.europesays.com\/no\/wp-json\/wp\/v2\/posts"}],"about":[{"href":"https:\/\/www.europesays.com\/no\/wp-json\/wp\/v2\/types\/post"}],"author":[{"embeddable":true,"href":"https:\/\/www.europesays.com\/no\/wp-json\/wp\/v2\/users\/2"}],"replies":[{"embeddable":true,"href":"https:\/\/www.europesays.com\/no\/wp-json\/wp\/v2\/comments?post=92634"}],"version-history":[{"count":0,"href":"https:\/\/www.europesays.com\/no\/wp-json\/wp\/v2\/posts\/92634\/revisions"}],"wp:featuredmedia":[{"embeddable":true,"href":"https:\/\/www.europesays.com\/no\/wp-json\/wp\/v2\/media\/92635"}],"wp:attachment":[{"href":"https:\/\/www.europesays.com\/no\/wp-json\/wp\/v2\/media?parent=92634"}],"wp:term":[{"taxonomy":"category","embeddable":true,"href":"https:\/\/www.europesays.com\/no\/wp-json\/wp\/v2\/categories?post=92634"},{"taxonomy":"post_tag","embeddable":true,"href":"https:\/\/www.europesays.com\/no\/wp-json\/wp\/v2\/tags?post=92634"}],"curies":[{"name":"wp","href":"https:\/\/api.w.org\/{rel}","templated":true}]}}