{"id":92649,"date":"2025-11-21T07:40:49","date_gmt":"2025-11-21T07:40:49","guid":{"rendered":"https:\/\/www.europesays.com\/no\/92649\/"},"modified":"2025-11-21T07:40:49","modified_gmt":"2025-11-21T07:40:49","slug":"fra-ungpikeidol-til-idol-for-unge-kvinner","status":"publish","type":"post","link":"https:\/\/www.europesays.com\/no\/92649\/","title":{"rendered":"Fra ungpikeidol til idol for unge kvinner"},"content":{"rendered":"<p>&#8211; Jeg dreper hvis<br \/>\njeg m\u00e5. <\/p>\n<p>Ingrid Bj\u00f8rnov ser ut vinduet, der sensommersol speiler seg<br \/>\ni drivhuset og linerla hopper jamf\u00f8ttes p\u00e5 skiferhellene. Men det er ikke<br \/>\nsm\u00e5fuglen Ingrid sikter til. Det er ikke den som kan f\u00e5 en av Norges<br \/>\nmest elskede artister til \u00e5 drepe<\/p>\n<p>F\u00f8rst, la oss reise tilbake til 1960-tallet. Hos familien Bj\u00f8rnov p\u00e5 Oppsal ble middagen servert klokken halv fire. Ikke fem over, og ikke fem p\u00e5 halv. <\/p>\n<p>\u2013 Jeg m\u00e5tte g\u00e5 med lue til det var fire grader ute, sier Ingrid med en latter. <\/p>\n<p>\u2013 Vi fikk sykle til skolen n\u00e5r det var isfritt til porten, s\u00e5 vi holdt p\u00e5 med ishakke og kokende vann. Det var jo ikke skadelig p\u00e5 noe vis. Kanskje bare litt mange regler? <\/p>\n<p>Hun var to \u00e5r da en lyslugget jente flyttet inn ved siden av. Hun het Benedicte Adrian. <\/p>\n<p>\u2013 Jeg husker ikke noe liv uten Benedicte, forteller Ingrid med varme. <\/p>\n<p>\u2013 Hun er bonuss\u00f8steren min, og vi fant hverandre i sandkassen lenge f\u00f8r vi begynte \u00e5 spille. Hos dem var det helt andre regler. En gang spiste de julemiddag p\u00e5 f\u00f8rste juledag, og de kunne starte gaveutdelingen klokken ett om natten.<\/p>\n<p>    <a itemprop=\"url\" href=\"https:\/\/www.kk.no\/underholdning\/hun-kom-inn-i-livet-mitt-da-jeg-var-atte-ar\/83794734\" rel=\"nofollow noopener\" target=\"_blank\"><\/p>\n<p>      <img loading=\"lazy\" decoding=\"async\" src=\"https:\/\/www.europesays.com\/no\/wp-content\/uploads\/2025\/11\/83795467.webp\" width=\"980\" height=\"441\" title=\"- Hun kom inn i livet mitt da jeg var \u00e5tte \u00e5r\" alt=\"\" class=\"lazyload\" style=\"--aspect-ratio-image: 2.22; \"\/><\/p>\n<p>        &#8211; Hun kom inn i livet mitt da jeg var \u00e5tte \u00e5r<\/p>\n<p>    <\/a><\/p>\n<p>Ingrids mor var musikkl\u00e6rer, og l\u00e6rte datteren gamle slagere som \u00abEr du gla\u2019 i meg enn\u00e5, Karl Johan\u00bb og \u00abEn herre med bart\u00bb. Derfra var ikke veien lang til musikalsk barnehage med Benedicte. <\/p>\n<p>\u2013 Et fantastisk kommunalt tilbud. Vi l\u00e6rte jo noter f\u00f8r vi l\u00e6rte \u00e5 lese. <\/p>\n<p class=\"italic m-italic\" data-lab-italic=\"italic\">\u2013 Akkurat som i ABBA-sangen?<\/p>\n<p>\u2013 Hva da? <\/p>\n<p class=\"italic m-italic\" data-lab-italic=\"italic\">\u2013 \u00abMother says I was a dancer before I could walk?\u00bb<\/p>\n<p>\u2013 Haha. Nemlig. Og de m\u00f8drene, de er jo alltid like n\u00f8ytrale!<\/p>\n<p>          <img loading=\"lazy\" decoding=\"async\" src=\"https:\/\/www.europesays.com\/no\/wp-content\/uploads\/2025\/11\/83818593.webp\" width=\"686\" height=\"1029\" title=\"VENDEPUNKT: Ingrids niese ble f\u00f8dt med Downs syndrom: \u2013 Hun er h\u00f8yt fungerende,&#10;har jobb og bor i et flott bofellesskap. Men&#10;foreldrene har st\u00e5tt p\u00e5 veldig. Jeg har&#10;engasjert meg i at oppf\u00f8lgingen varierer&#10;veldig avhengig av hvor du bor i landet. Jeg&#10;startet lavterskelaksjonen \u00abDagsverk for&#10;Down\u00bb i 2008, og i dag er vi en stiftelse som&#10;har samlet inn n\u00e6rmere to millioner. FOTO: Astrid Waller\" alt=\"\" class=\"\" style=\"--aspect-ratio-image: 0.67; \"\/><\/p>\n<p>\n          VENDEPUNKT: Ingrids niese ble f\u00f8dt med Downs syndrom: \u2013 Hun er h\u00f8yt fungerende,<br \/>\nhar jobb og bor i et flott bofellesskap. Men<br \/>\nforeldrene har st\u00e5tt p\u00e5 veldig. Jeg har<br \/>\nengasjert meg i at oppf\u00f8lgingen varierer<br \/>\nveldig avhengig av hvor du bor i landet. Jeg<br \/>\nstartet lavterskelaksjonen \u00abDagsverk for<br \/>\nDown\u00bb i 2008, og i dag er vi en stiftelse som<br \/>\nhar samlet inn n\u00e6rmere to millioner. FOTO: Astrid Waller\n      <\/p>\n<p>    <a itemprop=\"url\" href=\"https:\/\/www.kk.no\/underholdning\/hun-virket-avslappet-og-lykkelig\/83813407\" rel=\"nofollow noopener\" target=\"_blank\"><\/p>\n<p>      <img loading=\"lazy\" decoding=\"async\" src=\"https:\/\/www.europesays.com\/no\/wp-content\/uploads\/2025\/11\/83816444.webp\" width=\"147\" height=\"98\" title=\"Tar steg tilbake til sitt gamle liv\" alt=\"\" class=\"lazyload\" style=\"--aspect-ratio-image: 1.50; \"\/><\/p>\n<p>        Tar steg tilbake til sitt gamle liv<\/p>\n<p>    <\/a><\/p>\n<p>Slaktet\t<\/p>\n<p>ABBAs \u00abWaterloo\u00bb-seier i Eurovision Song Contest inspirerte 12 \u00e5r gamle Ingrid og Benedicte til \u00e5 starte duo, og snart spilte de p\u00e5 skolerevy og sommer\u00adavslutninger. Men for \u00e5 bli popstjerner trengte de et gjennombrudd. Jentene spilte inn en kassett med ABBAs \u00abSummer Night City\u00bb, tostemt og med keyboard, og sendte til radioprogrammet \u00abEtter skoletid\u00bb. S\u00e5 kom telefonen fra NRK, og siden fra et\u00a0plateselskap.<\/p>\n<p>\u2013 Vi l\u00f8ftet jo knapt en finger. Sendte bare inn en kassett fordi moren til Benedicte sa at de etterlyste jenter, for det var bare gutteband. <\/p>\n<p>\u2013 Moren hennes jobbet i NRK? <\/p>\n<p>\u2013 Nei. Hun er tannlege. Hun hadde bare h\u00f8rt det p\u00e5\u00a0radioen. <\/p>\n<p>Ingrid humrer. <\/p>\n<p>\u2013 Sett utenifra var det jo et rotterace \u00e5 kaste seg ut i\u00a0pop-bransjen. Den gang var det bare \u00e9n tv-kanal, og det er vanskelig \u00e5 si om vi hadde sl\u00e5tt igjennom som 16-\u00e5ringer i dag. <\/p>\n<p>          <img loading=\"lazy\" decoding=\"async\" src=\"https:\/\/www.europesays.com\/no\/wp-content\/uploads\/2025\/11\/83818599.webp\" width=\"686\" height=\"1043\" title=\"SOM S\u00d8STRE: \u2013 Jeg husker ikke&#10;noe liv uten Benedicte, sier Ingrid.&#10;Her er hun og&#10;Benedicte Adrian&#10;fotografert da de&#10;vant den norske&#10;finalen i Melodi&#10;Grand Prix med&#10;l\u00e5ten \u00abLenge leve&#10;livet\u00bb i 1984. FOTO: Erik Thorberg\/NTB\" alt=\"\" class=\"\" style=\"--aspect-ratio-image: 0.66; \"\/><\/p>\n<p>\n          SOM S\u00d8STRE: \u2013 Jeg husker ikke<br \/>\nnoe liv uten Benedicte, sier Ingrid.<br \/>\nHer er hun og<br \/>\nBenedicte Adrian<br \/>\nfotografert da de<br \/>\nvant den norske<br \/>\nfinalen i Melodi<br \/>\nGrand Prix med<br \/>\nl\u00e5ten \u00abLenge leve<br \/>\nlivet\u00bb i 1984. FOTO: Erik Thorberg\/NTB\n      <\/p>\n<p>Dollie de Luxe prydet snart idolblader, ble lansert i\u00a0Japan og var Norges bidrag i Eurovision. Da ABBA-gutta skrev \u00abChess\u00bb, ble de inspirert og satte like godt opp en egen musikal p\u00e5 West End i London og fikk nesten legenden Andrew Lloyd Webber til \u00e5 produsere. Men bare nesten.<\/p>\n<p>Ingrid forteller om millionsatsingen i 1992 \u2013\u00a0i\u00a0verdens trangeste n\u00e5l\u00f8ye. Musikalen om hekseprosessene hadde Norsk Hydro p\u00e5 sponsorlaget, og manager Ole S\u00f8rli pantsatte hjemmet sitt for \u00e5\u00a0realisere dr\u00f8mmen.<\/p>\n<p>S\u00e5 kom dommen. <\/p>\n<p>          <img loading=\"lazy\" decoding=\"async\" src=\"https:\/\/www.europesays.com\/no\/wp-content\/uploads\/2025\/11\/83818602.webp\" width=\"686\" height=\"1009\" title=\"HEXEFERD: Dette bildet ble&#10;tatt i juni i 1992,&#10;da Dollie de Luxe&#10;annonserte at&#10;de skulle sette&#10;opp musikalen&#10;\u00abWitch Witch\u00bb p\u00e5&#10;Picadilly Theatre&#10;i London samme h\u00f8st. FOTO: Martin Cleaver \/ NTB\" alt=\"\" class=\"\" style=\"--aspect-ratio-image: 0.68; \"\/><\/p>\n<p>\n          HEXEFERD: Dette bildet ble<br \/>\ntatt i juni i 1992,<br \/>\nda Dollie de Luxe<br \/>\nannonserte at<br \/>\nde skulle sette<br \/>\nopp musikalen<br \/>\n\u00abWitch Witch\u00bb p\u00e5<br \/>\nPicadilly Theatre<br \/>\ni London samme h\u00f8st. FOTO: Martin Cleaver \/ NTB\n      <\/p>\n<p>\u00abWhich Witch\u00bb ble slaktet av britisk presse, og etter 76 forestillinger sto de med en gjeld p\u00e5 12 millioner \u2013\u00a0et mareritt som for Ingrids del varte helt frem til 2003. <\/p>\n<p>\u2013 Den ene dagen ble vi geniforklart, den neste sablet ned. Vi hadde gjeld til opp over \u00f8rene, og var solidarisk ansvarlige. Jeg hadde tvangstrekk av l\u00f8nna i\u00a0elleve \u00e5r og gjemte penger i\u00a0fryseren, s\u00e5 namsmannen ikke skulle ta det som skattevesenet skulle ha. <\/p>\n<p>\u2013 Gjorde du? <\/p>\n<p>\u2013 Ja, kontanter. De kom p\u00e5 hjemmebes\u00f8k, og jeg har st\u00e5tt og forklart hva forskjellige musikk\u00adinstrumenter brukes til, for de kan ikke ta det som gj\u00f8r at du har en jobb. Men heldigvis lette de ikke i\u00a0fryseren! <\/p>\n<p>Hun tar en runde med langnebbet kanne og vanner gr\u00f8nnplantene: <\/p>\n<p>\u2013 Det \u00e5 pr\u00f8ve \u00e5 komme seg p\u00e5 beina igjen har absolutt sine sider. I etterp\u00e5klokskapens lys burde vi g\u00e5tt til skifteretten f\u00f8r, men vi ville s\u00e5 gjerne gj\u00f8re opp for oss. I\u00a0tre \u00e5r pr\u00f8vde vi \u00e5 betjene gjelden. Rentene var jo enorme \u2013 12 millioner ble fort til 16, som s\u00e5 ble til 20. Ikke f\u00f8r det andre soloshowet mitt, som tok helt av, kvittet jeg meg med den siste gjelden.<\/p>\n<p>    <a itemprop=\"url\" href=\"https:\/\/www.kk.no\/livet\/han-trenger-ikke-a-vaere-en-del-av-mitt-liv\/83731280\" rel=\"nofollow noopener\" target=\"_blank\"><\/p>\n<p>      <img loading=\"lazy\" decoding=\"async\" src=\"https:\/\/www.europesays.com\/no\/wp-content\/uploads\/2025\/11\/1763710829_201_83731310.webp\" width=\"980\" height=\"441\" title=\"- Han trenger ikke \u00e5 v\u00e6re en del av mitt liv\" alt=\"\" class=\"lazyload\" style=\"--aspect-ratio-image: 2.22; \"\/><\/p>\n<p>        &#8211; Han trenger ikke \u00e5 v\u00e6re en del av mitt liv<\/p>\n<p>    <\/a><\/p>\n<p>&#8211; Kunne blitt hoarder\t<\/p>\n<p>Utenfor breker sauene Anne Kari, Inger og Kirsten, som har som sommerjobb \u00e5 holde gresset nede. Det kommer godt med. En gang kj\u00f8rte Ingrid over ledningen til gressklipperen og kortsluttet maskinen. En\u00a0annen gang fylte hun bensin p\u00e5 oljetanken. <\/p>\n<p>\u2013 Heldigvis g\u00e5r Terje med et helt verksted i\u00a0snekkervesten, og sier hvordan jeg skal gj\u00f8re ting. <\/p>\n<p>Terje var lydtekniker p\u00e5 \u00abWhich Witch\u00bb-turneene. Bryllupet sto p\u00e5 Ingierstrand, og sin f\u00f8rste krangel hadde de over en kj\u00f8pmannsdisk de skulle montere. <\/p>\n<p>\u2013 Det var s\u00e5 tidlig i forholdet at jeg fortsatt mente jeg var praktisk, men jeg m\u00e5tte legge meg flat. Terje har en gigantisk praktisk side, som jeg er svak for. Men han trenger jo ikke bruksanvisning, og det er ganske provoserende.<\/p>\n<p class=\"italic m-italic\" data-lab-italic=\"italic\">\u2013 Det var ikke det praktiske du falt for?<\/p>\n<p>\u2013 Nei, det var nok smella. Han kan sette meg p\u00e5 plass \u2013 p\u00e5 en morsom m\u00e5te. Han p\u00e5st\u00e5r for eksempel at jeg ikke st\u00e5r opp f\u00f8r jeg f\u00e5r applaus. Men han har begynt \u00e5\u00a0h\u00f8re litt d\u00e5rlig og gjetter resten. Det var han som fant opp Skepsis-tanken. <\/p>\n<p class=\"italic m-italic\" data-lab-italic=\"italic\">\u2013 ?<\/p>\n<p>\u2013Det er en tank som alle burde f\u00e5 n\u00e5r de fyller 50, for da er du fylt til randen med d\u00e5rlig erfaring: Du m\u00e5 ikke reise uspesifisert. Du m\u00e5 ikke kj\u00f8pe f\u00f8r du har solgt. Da kan du putte skepsisen i tanken, og s\u00e5 kommer det menn i\u00a0kjeledress og t\u00f8mmer den regelmessig. <\/p>\n<p>          <img loading=\"lazy\" decoding=\"async\" src=\"https:\/\/www.europesays.com\/no\/wp-content\/uploads\/2025\/11\/83818601.webp\" width=\"686\" height=\"1029\" title=\"GODT HYRT: Etter f\u00f8flekkreften har Ingrid&#10;solingsforbud p\u00e5 livstid og sm\u00f8rer&#10;seg med solfaktor 50 uavhengig&#10;av \u00e5rstid. \u2013 M\u00e5let er \u00e5 v\u00e6re&#10;hudlegens bleikeste pasient. FOTO: Astrid Waller\" alt=\"\" class=\"\" style=\"--aspect-ratio-image: 0.67; \"\/><\/p>\n<p>\n          GODT HYRT: Etter f\u00f8flekkreften har Ingrid<br \/>\nsolingsforbud p\u00e5 livstid og sm\u00f8rer<br \/>\nseg med solfaktor 50 uavhengig<br \/>\nav \u00e5rstid. \u2013 M\u00e5let er \u00e5 v\u00e6re<br \/>\nhudlegens bleikeste pasient. FOTO: Astrid Waller\n      <\/p>\n<p>    <a itemprop=\"url\" href=\"https:\/\/www.kk.no\/livet\/det-var-ekstase-hver-kveld-1\/83301590\" rel=\"nofollow noopener\" target=\"_blank\"><\/p>\n<p>      <img loading=\"lazy\" decoding=\"async\" src=\"https:\/\/www.europesays.com\/no\/wp-content\/uploads\/2025\/11\/83308131.webp\" width=\"147\" height=\"98\" title=\"- Det var ekstase hver kveld\" alt=\"\" class=\"lazyload\" style=\"--aspect-ratio-image: 1.50; \"\/><\/p>\n<p>        &#8211; Det var ekstase hver kveld<\/p>\n<p>    <\/a><\/p>\n<p>&#8211; Grenser til \u00e5 v\u00e6re besatt\t<\/p>\n<p>G\u00e5rden i Tomter i Indre \u00d8stfold kj\u00f8pte de i 2007. N\u00e5r du leser dette, er eiendommen sannsynligvis solgt. 11 m\u00e5l, potet\u00e5ker, drivhus og driftsbygninger. <\/p>\n<p>\u2013 Vi har jo f\u00e5tt kn\u00e6r. <\/p>\n<p>\u2013 Kn\u00e6r? <\/p>\n<p>\u2013 Ja. Og lange armer. Det er mye \u00e5 holde styr p\u00e5. Da vi flyttet hit, ble Terje bevernylonmannen. Han har br\u00f8ytet, snekret, felt tr\u00e6r og kj\u00f8rt traktor. Det er rart n\u00e5r en epoke er over, men hvis vi venter ti \u00e5r til, m\u00e5 vi hentes ut med kran. Jeg ser p\u00e5 s\u00e5nne \u00abhoarder\u00bb-programmer p\u00e5 tv, og det kunne blitt oss, i hvert fall meg. Akkurat n\u00e5 er vi to mennesker p\u00e5 360 kvadrat, og det er p\u00e5 tide med noe mindre.<\/p>\n<p>P\u00e5 bordet st\u00e5r Ingrids d\u00e5pstallerken med et tent kubbelys. P\u00e5 veggene henger kunst, og i arbeidsv\u00e6relset st\u00e5r flygel, et trampeorgel og stabler med manus. Ingrid viser h\u00e5ndskrevne kommentarer:<\/p>\n<p>\u2013 Jeg skriver helt til jeg g\u00e5r inn p\u00e5 scenen og kan grense til \u00e5 v\u00e6re besatt av \u00e5 jobbe. Terje mener at jeg m\u00e5 ta pauser, og vifter med et eller annet foran nesa mi: \u00abSkal vi bile?\u00bb Vi bilte mye da jeg var syk.<\/p>\n<p class=\"italic m-italic\" data-lab-italic=\"italic\">Intervjuet fortsetter under faktaboksen.<\/p>\n<p>    Ingrid Bj\u00f8rnov (61)<\/p>\n<p>Sanger, l\u00e5tskriver og pianist<br \/>\n<br \/>Startet som \u00e9n av to i duoen<br \/>\nDollie de Luxe. Har siden hatt<br \/>\nen lang karriere i radio og tv<br \/>\n\u2013 og som soloartist p\u00e5 scenen.<br \/>\n<br \/>Gift med Terje Holli.<br \/>\n<br \/>Har bodd i Tomter i \u00d8stfold<br \/>\nde siste 18 \u00e5rene, men er n\u00e5<br \/>\np\u00e5 flyttefot.<br \/>\n<br \/>Aktuell med forestillingen<br \/>\n\u00abIngrid Bj\u00f8rnov tar det Piano\u00bb,<br \/>\nsom har premiere p\u00e5 Chat<br \/>\nNoir i januar.<\/p>\n<p>      Vis mer<br \/>\n      Vis mindre<\/p>\n<p>    <a itemprop=\"url\" href=\"https:\/\/www.kk.no\/livet\/jeg-har-vaert-gift-med-alle-kjaerestene-mine\/83699311\" rel=\"nofollow noopener\" target=\"_blank\"><\/p>\n<p>      <img loading=\"lazy\" decoding=\"async\" src=\"https:\/\/www.europesays.com\/no\/wp-content\/uploads\/2025\/11\/1763710832_876_83699319.webp\" width=\"147\" height=\"98\" title=\"\u2013 Jeg har v\u00e6rt gift med alle kj\u00e6restene mine\" alt=\"\" class=\"lazyload\" style=\"--aspect-ratio-image: 1.50; \"\/><\/p>\n<p>        \u2013 Jeg har v\u00e6rt gift med alle kj\u00e6restene mine<\/p>\n<p>    <\/a><\/p>\n<p>Livet etter kreften\t<\/p>\n<p>Diagnosen i 2017 kom som et sjokk: f\u00f8flekkreft med spredning til lymfesystemet. Etter en del kirurgi ventet immunbehandlinger p\u00e5 den lokale poliklinikken. F\u00f8rst hver 14. dag, siden hver m\u00e5ned. Hun er glad hun\u00a0har sluppet cellegift, og i dag har pausen fra siste behandling vart i fem \u00e5r. <\/p>\n<p>\u2013 Jeg har v\u00e6rt \u00e5pen om dette for \u00e5 signalisere at det kan g\u00e5 bra ogs\u00e5. Det er mange veier ut av kreft i dag. Det er s\u00e5 lett \u00e5 ty til \u00abDoktor Internett\u00bb, og man tror jo man skal d\u00f8, for det var s\u00e5nn det var f\u00f8r. De fleste har opplevd \u00e5 miste noen.<\/p>\n<p>\u2013 Hvordan m\u00f8tte du selv de tankene? <\/p>\n<p>\u2013 Nei, jeg tenkte jo at \u00abda skal jeg vel d\u00f8, da\u00bb.<\/p>\n<p>Hun ser strengt p\u00e5 journalistblokka.<\/p>\n<p>\u2013 Og dette er ikke overskriften! Jeg hadde en f\u00f8lelse av at dette ble min skjebne. Jeg tenkte: \u00abOk, er det dette som skal ta meg?\u00bb Men kreftbehandling er ikke som den var for 20 \u00e5r siden. Kreft trenger ikke \u00e5 bli det du tror. Og det tror jeg er det mest meningsfulle jeg noen gang har brukt ansiktet mitt til. <\/p>\n<p>Hun holder opp en pose grove vafler: <\/p>\n<p>\u2013 Men du, hva hvis jeg freser opp en s\u00e5nn? <\/p>\n<p>Ingrid lager r\u00f8re p\u00e5 kj\u00f8kken\u00f8ya, og romsterer med hodet inn i kj\u00f8leskapet. Hun vifter en boks med lodden mugg: <\/p>\n<p>\u2013 Lyst p\u00e5 r\u00f8mme, eller? <\/p>\n<p>Et syltet\u00f8yglass viser seg \u00e5 ha samme gr\u00f8nne kant. <\/p>\n<p>\u2013 Vi er p\u00e5 flyttefot, s\u00e5 det er litt p\u00e5 halv tolv. Jeg tenkte mitt da boligstylisten ryddet bort alt, s\u00e5nn at det skulle se fint ut, som om det ikke bodde folk her. Vi har jo hatt julaftener med 19 til bords og store hagefester med hunder, voksne og barn. <\/p>\n<p>    <a itemprop=\"url\" href=\"https:\/\/www.kk.no\/livet\/etter-skilsmissen-sendte-emma-54-en-messenger-melding-som-endret-alt\/83685696\" rel=\"nofollow noopener\" target=\"_blank\"><\/p>\n<p>      <img loading=\"lazy\" decoding=\"async\" src=\"https:\/\/www.europesays.com\/no\/wp-content\/uploads\/2025\/11\/1763710834_98_83685779.webp\" width=\"980\" height=\"441\" title=\"Etter skilsmissen sendte Emma (54) en Messenger-melding som endret alt\" alt=\"\" class=\"lazyload\" style=\"--aspect-ratio-image: 2.22; \"\/><\/p>\n<p>        Etter skilsmissen sendte Emma (54) en Messenger-melding som endret alt<\/p>\n<p>    <\/a><\/p>\n<p>&#8211; Stolt i barnl\u00f8se st\u00f8vler\t<\/p>\n<p>Da de var i 30-\u00e5rene, fikk venner rundt dem barn. Ogs\u00e5 Ingrid og Terje snakket om det. Men n\u00e5r ville lysten egentlig komme? <\/p>\n<p>\u2013 Jeg venter fortsatt p\u00e5 at jeg skal f\u00e5 lyst p\u00e5 barn, sier Ingrid med tonefallet til den som har svart p\u00e5 det f\u00f8r. <\/p>\n<p>\u2013 Vi ble mye spurt om det i 30-\u00e5rene, og til slutt f\u00e5r du lyst til \u00e5 si at du ikke kan f\u00e5 barn. I en viss periode blir du sett p\u00e5 som litt rar om du ikke har barn, men jeg st\u00e5r stoltere i mine barnl\u00f8se st\u00f8vler n\u00e5 enn f\u00f8r. Og alle trenger en barnl\u00f8s tante p\u00e5 landet. <\/p>\n<p>Hun sleiver opp r\u00f8re. <\/p>\n<p>\u2013 Men vi trodde nok at vi skulle f\u00e5 lyst p\u00e5 barn. Og hvis vi hadde hatt barn, s\u00e5 kanskje jeg ville hatt litt mer schwung over vaffelstekingen! <\/p>\n<p>          <img loading=\"lazy\" decoding=\"async\" src=\"https:\/\/www.europesays.com\/no\/wp-content\/uploads\/2025\/11\/83818598.webp\" width=\"686\" height=\"1029\" title=\"SUPERTANTE: Ingrid Bj\u00f8rnov mener alle b\u00f8r ha en barnl\u00f8s tante p\u00e5 landet, som kan ta seg av dem n\u00e5r de trenger det. FOTO: Astrid Waller\" alt=\"\" class=\"\" style=\"--aspect-ratio-image: 0.67; \"\/><\/p>\n<p>\n          SUPERTANTE: Ingrid Bj\u00f8rnov mener alle b\u00f8r ha en barnl\u00f8s tante p\u00e5 landet, som kan ta seg av dem n\u00e5r de trenger det. FOTO: Astrid Waller\n      <\/p>\n<p>    <a itemprop=\"url\" href=\"https:\/\/www.kk.no\/livet\/verdens-vakreste-gutt-er-dod\/77447929\" rel=\"nofollow noopener\" target=\"_blank\"><\/p>\n<p>      <img loading=\"lazy\" decoding=\"async\" src=\"https:\/\/www.europesays.com\/no\/wp-content\/uploads\/2025\/11\/1763710836_511_77449949.webp\" width=\"147\" height=\"98\" title=\"\u00abVerdens vakreste gutt\u00bb er d\u00f8d\" alt=\"\" class=\"lazyload\" style=\"--aspect-ratio-image: 1.50; \"\/><\/p>\n<p>         \u00abVerdens vakreste gutt\u00bb er d\u00f8d<\/p>\n<p>    <\/a><\/p>\n<p>&#8211; Galopperende blakke\t<\/p>\n<p>Manager Ole S\u00f8rli var god p\u00e5 PR. En gang monterte han skjult kamera bak garderobespeilet, og brukte opptaket av at jentene skiftet og tok p-piller i en musikkvideo. S\u00e5nt skapte overskrifter i et uskyldsrent Norge som enn\u00e5 ikke hadde sett p\u00e5gripelsen av Arne Treholt. Da Dollie br\u00f8t med S\u00f8rli etter London-floppen, saks\u00f8ke han dem. Hvordan var det \u00e5 m\u00f8te en samarbeidspartner som de hadde delt s\u00e5 mye med i retten?<\/p>\n<p>\u2013 Det var helt skrekkelig, men forholdet var utkj\u00f8rt, og vi var galopperende blakke. I tillegg var jo Benedicte og jeg blitt mye mer kranglete. Vi var greiere da vi var 15. Saken endte heldigvis i forlik. <\/p>\n<p>S\u00f8rli d\u00f8de i 2009. Ingrid roser hans oppfinnsomhet og entrepren\u00f8r\u00e5nd: <\/p>\n<p>\u2013 Han fortsatte \u00e5 tro p\u00e5 oss ogs\u00e5 da vi solgte mindre. Du kan ikke bare f\u00e5 det positive ut av s\u00e5nne store personligheter. Nei, jeg har lyst til \u00e5 hedre Oles minne. Ingenting av det store som folk synes det er stas at vi har gjort, ville blitt noe av uten hans vilje til \u00e5 satse og risikere.<\/p>\n<p>          <img loading=\"lazy\" decoding=\"async\" src=\"https:\/\/www.europesays.com\/no\/wp-content\/uploads\/2025\/11\/83818595.webp\" width=\"686\" height=\"1029\" title=\"GLAD I ORD: Ingrid Bj\u00f8rnov er kjent som kjapp i replikken. FOTO: Astrid Waller\" alt=\"\" class=\"\" style=\"--aspect-ratio-image: 0.67; \"\/><\/p>\n<p>\n          GLAD I ORD: Ingrid Bj\u00f8rnov er kjent som kjapp i replikken. FOTO: Astrid Waller\n      <\/p>\n<p>Etter Dollie jobbet Ingrid i radio og som kapellmester og arrang\u00f8r. De siste 25 \u00e5rene har hun turnert med sine \u00e9nkvinnesshow, som en pianoskald med ordspill som spesialfelt. Hadde hun trodd hun skulle g\u00e5 i en s\u00e5nn retning \u2013 \u00e5 b\u00e6re hele showet selv?<\/p>\n<p>\u2013 Nei, nei, nei, sier hun med ettertrykk.<\/p>\n<p>\u2013 Jeg har v\u00e6rt heldig. Det er ikke s\u00e5 mange kvinnelige artister forunt \u00e5 f\u00e5 en helt ny karriere etter 40. Det var radiojobben i \u00abHerreavdelingen\u00bb og ordleken som brakte meg ut i den nye karrieren. <\/p>\n<p>    <a itemprop=\"url\" href=\"https:\/\/www.kk.no\/livet\/har-flyttet-fra-nerdrum-garden\/83783351\" rel=\"nofollow noopener\" target=\"_blank\"><\/p>\n<p>      <img loading=\"lazy\" decoding=\"async\" src=\"https:\/\/www.europesays.com\/no\/wp-content\/uploads\/2025\/11\/1763710839_791_83125998.webp\" width=\"147\" height=\"98\" title=\"Har flyttet fra Nerdrum-g\u00e5rden\" alt=\"\" class=\"lazyload\" style=\"--aspect-ratio-image: 1.50; \"\/><\/p>\n<p>        Har flyttet fra Nerdrum-g\u00e5rden<\/p>\n<p>    <\/a><\/p>\n<p>&#8211; Dreper hvis jeg m\u00e5\t<\/p>\n<p>I januar har hun premiere p\u00e5 \u00abIngrid Bj\u00f8rnov tar det Piano\u00bb, der hun har g\u00e5tt tilbake til r\u00f8ttene og utforsker hva det betyr \u00e5 ha pianoet som anker i livet.<\/p>\n<p>\u2013 Da jeg ble syk, mente jeg at jeg ikke trenger \u00e5 fyke landet rundt som en strikkball og bo i koffert. Jeg m\u00e5 ikke ha st\u00e5ende applaus og bekreftelse fra morgen til kveld. Men ikke ta fra meg alt sammen. Ikke ta fra meg dette. <\/p>\n<p>Hun ser ut av vinduet. Mot sola og hagen og jorda. <\/p>\n<p>\u2013 Jeg husker f\u00f8rste gang legen sa at det var tre m\u00e5neder til neste kontroll. Det var jo en evighet. For hvert ti\u00e5r kjenner jeg p\u00e5 en st\u00f8rre takknemlighet og en sterkere tilknytning til hva og hvem jeg kommer fra.<\/p>\n<p>Hun strekker hals. <\/p>\n<p>\u2013 Unnskyld, der ser jeg en ny generasjon med linerler. De beiter insekter p\u00e5 vinduene. Se, s\u00e5 blek, uten s\u00e5 mye m\u00f8nster enn\u00e5. <\/p>\n<p class=\"italic m-italic\" data-lab-italic=\"italic\">\u2013 Ja, se der. Bruker du \u00e5 mate fuglene?<\/p>\n<p>\u2013 Jeg mater fugler. Ser p\u00e5 fugler. Og dreper fugler. Om katten har tatt dem inn og halvdrept dem. <\/p>\n<p>\u2013 Ja? Hva gj\u00f8r du da? <\/p>\n<p>\u2013 Da kommer jeg med jernspaden. <\/p>\n<p>Hun korrigerer seg. Rett skal tross alt v\u00e6re rett:<\/p>\n<p> \u2013 Fugler har nok prim\u00e6rt sluppet unna, men jeg har sl\u00e5tt i hjel noen mus. En s\u00e5nn halvpint sak. Og svalene har en tendens til \u00e5 havne i\u00a0takrenna akkurat n\u00e5r Terje er p\u00e5 fisketur. Da har jeg ikke noen &#8230; Jeg skal ikke si at jeg ikke har problemer med \u00e5 drepe, men jeg dreper hvis jeg m\u00e5.<\/p>\n<p class=\"italic m-italic\" data-lab-italic=\"italic\">\u2013 Der har vi tittelen?<\/p>\n<p>\u2013 Ja. Haha. Det er greit for meg. Den synes jeg du har belegg for. <\/p>\n<p>    <a itemprop=\"url\" href=\"https:\/\/www.kk.no\/livet\/jeg-grat-og-grat-og-sa-jeg-ikke-kunne-leve-sann-lenger\/83750593\" rel=\"nofollow noopener\" target=\"_blank\"><\/p>\n<p>      <img loading=\"lazy\" decoding=\"async\" src=\"https:\/\/www.europesays.com\/no\/wp-content\/uploads\/2025\/11\/83750608.webp\" width=\"980\" height=\"441\" title=\"- Jeg gr\u00e5t og gr\u00e5t og sa jeg ikke kunne leve s\u00e5nn lenger\" alt=\"\" class=\"lazyload\" style=\"--aspect-ratio-image: 2.22; \"\/><\/p>\n<p>        &#8211; Jeg gr\u00e5t og gr\u00e5t og sa jeg ikke kunne leve s\u00e5nn lenger<\/p>\n<p>    <\/a><\/p>\n<p>Gr\u00e5 med glede\t<\/p>\n<p>Hun har v\u00e6rt naturlig gr\u00e5 i 10\u201312 \u00e5r, og jobbet aktivt for \u00e5 f\u00e5 det gr\u00e5 overst\u00e5tt \u00abf\u00f8r jeg blir gammel\u00bb. Fotoopptaket med KK er om f\u00e5 dager. Ingrid beskriver veien dit som \u00aben lang prosess\u00bb. <\/p>\n<p>\u2013 Og veien til velstelt blir lenger hver gang. Det begynte med en h\u00e5rklipp. Uken etter fikk jeg nappet og farget brynene. <\/p>\n<p>Hun lyser opp og forteller om bleikeskinnen. <\/p>\n<p>\u2013 Jeg har f\u00e5tt ganske gule tenner. Veldig mye i livet mitt er blitt bedre etter 40, og jeg har tatt b\u00e5de h\u00e5rfarge, rynker og at jeg veier mer, med knusende ro. Men det med tenna! Nei, vedlikehold er blitt en st\u00f8rre jobb. Det er veldig personlig hvordan man vil se ut og hva man vil gj\u00f8re, men jeg vil pr\u00f8ve \u00e5 v\u00e6re en 60-\u00e5ring som 30-\u00e5ringer ikke blir skremt av. Det handler om \u00e5 st\u00e5 i\u00a0sin egen alder, og n\u00e5 blir vi jo flere. Se bare p\u00e5 Pamela Anderson, Sarah Jessica Parker og Bonnie Raitt. Jeg pr\u00f8ver \u00e5 stirre hvert nye ti\u00e5r i hvit\u00f8yet og tenke: \u00abOk, hva slags 60-\u00e5ring skal jeg v\u00e6re?\u00bb Og jeg skal v\u00e6re en 60-\u00e5ring som gj\u00f8r at 30-\u00e5ringer ikke gruer seg.<\/p>\n<p>Hun \u00e5pner nok et glass syltet\u00f8y, som ogs\u00e5 viser seg \u00e5\u00a0v\u00e6re muggent. <\/p>\n<p>\u2013 Jeg skal pr\u00f8ve \u00e5 f\u00e5 deg levende ut herfra, alts\u00e5! <\/p>\n<p>          <img loading=\"lazy\" decoding=\"async\" src=\"https:\/\/www.europesays.com\/no\/wp-content\/uploads\/2025\/11\/83818592.webp\" width=\"686\" height=\"1029\" title=\"S\u00d8LV: Ingrid har sluttet \u00e5 farge&#10;h\u00e5ret, og mener hun kan&#10;le hele veien til banken.&#10;\u2013 Fris\u00f8ren kan klippe meg&#10;mens de andre sitter med&#10;de dyre foliestripene sine. FOTO: Astrid Waller\" alt=\"\" class=\"\" style=\"--aspect-ratio-image: 0.67; \"\/><\/p>\n<p>\n          S\u00d8LV: Ingrid har sluttet \u00e5 farge<br \/>\nh\u00e5ret, og mener hun kan<br \/>\nle hele veien til banken.<br \/>\n\u2013 Fris\u00f8ren kan klippe meg<br \/>\nmens de andre sitter med<br \/>\nde dyre foliestripene sine. FOTO: Astrid Waller\n      <\/p>\n<p>Gjemte penger i fryseren\t<\/p>\n<p>I showet \u00abSteinway to Heaven\u00bb i 2017 ga Ingrid gjelden et eget nummer. \u00abTvangstrekk\u00bb satt under flygelet og forsynet seg. Sko for sko. Erme for erme. <\/p>\n<p>\u2013 Jeg var s\u00e5 drittlei av \u00e5 snakke om London og gjeld at det tok lang tid f\u00f8r jeg kunne t\u00f8yse med det. Jeg hadde jo v\u00e6rt redd for min egen innboks, for der var det kommet mye skummelt opp igjennom. <\/p>\n<p>\u2013 Men f\u00f8ler du ikke stolthet ogs\u00e5? Det var tross alt\u00a0en\u00a0av de st\u00f8rste norske musikalske satsningene internasjonalt siden Ole Bull? <\/p>\n<p>\u2013 Haha. Jo da, jeg er stolt. Men kanskje like stolt over \u00e5 ha betalt ned gjelden! <\/p>\n<p>Hun mener London alltid vil v\u00e6re et referansepunkt. At selve opplevelsen har vart mye lenger enn gjelden. Likevel: <\/p>\n<p>\u2013 Allerede i 30-\u00e5rene ville jeg sagt at det kanskje ikke var s\u00e5 lurt \u00e5 satse mer enn vi t\u00e5lte \u00e5 tape. Jeg blir aldri lei v \u00e5 se p\u00e5 dokumentarer om ting som bare s\u00e5 vidt er blitt noe av. Da er det alltid en eller annen som har risikert huset sitt. Men jeg har en tilbakevendende dr\u00f8m om at jeg plutselig m\u00e5 dirigere \u00abWhich Witch\u00bb igjen, uten forvarsel, og da har alle musikerne byttet plass i\u00a0orkestergraven! <\/p>\n<p>          <img loading=\"lazy\" decoding=\"async\" src=\"https:\/\/www.europesays.com\/no\/wp-content\/uploads\/2025\/11\/83818594.webp\" width=\"686\" height=\"1029\" title=\"P\u00c5 FLYTTEFOT: N\u00e5r vi gj\u00f8r intervjuet skal Ingrid og Terje flytte fra sm\u00e5bruket. \u2013 Jeg trodde&#10;ikke Terje ville, for&#10;han har bygget s\u00e5 mye av&#10;dette. Men han ogs\u00e5 syntes det&#10;var p\u00e5 tide. FOTO: Astrid Waller\" alt=\"\" class=\"\" style=\"--aspect-ratio-image: 0.67; \"\/><\/p>\n<p>\n          P\u00c5 FLYTTEFOT: N\u00e5r vi gj\u00f8r intervjuet skal Ingrid og Terje flytte fra sm\u00e5bruket. \u2013 Jeg trodde<br \/>\nikke Terje ville, for<br \/>\nhan har bygget s\u00e5 mye av<br \/>\ndette. Men han ogs\u00e5 syntes det<br \/>\nvar p\u00e5 tide. FOTO: Astrid Waller\n      <\/p>\n<p>    <a itemprop=\"url\" href=\"https:\/\/www.kk.no\/livet\/jeg-blir-mer-og-mer-redd-for-a-miste-ham\/83445364\" rel=\"nofollow noopener\" target=\"_blank\"><\/p>\n<p>      <img loading=\"lazy\" decoding=\"async\" src=\"https:\/\/www.europesays.com\/no\/wp-content\/uploads\/2025\/11\/83146184.webp\" width=\"147\" height=\"98\" title=\"- Jeg blir mer og mer redd for \u00e5 miste ham\" alt=\"\" class=\"lazyload\" style=\"--aspect-ratio-image: 1.50; \"\/><\/p>\n<p>        &#8211; Jeg blir mer og mer redd for \u00e5 miste ham <\/p>\n<p>    <\/a><\/p>\n<p>Benedicte er en s\u00f8ster\t<\/p>\n<p>Hun ser fortsatt p\u00e5 Benedicte som en s\u00f8ster, og forteller at de har tett kontakt. Ingrid mener de nesten har hatt det bedre i motgang: <\/p>\n<p>\u2013 I poptiden skulle vi v\u00e6re veldig likestilte og se s\u00e5nn og s\u00e5nn ut. Det var da jeg trivdes d\u00e5rligst. Vennskapet ble satt p\u00e5 st\u00f8rre pr\u00f8ve da vi var popstjerner enn gjeldsslaver. Men jeg tror gjelden drev oss fra hverandre i h\u00f8yere fart. I 12 \u00e5r ble vi sett p\u00e5 som vandrende kontoutdrag, og begge hadde et stort behov for \u00e5 gj\u00f8re ting p\u00e5 egen h\u00e5nd. <\/p>\n<p>Hun smiler. <\/p>\n<p>\u2013 Men jeg er veldig takknemlig for at \u00abWhich Witch\u00bb ble noe av. Hvis vi hadde tatt til fornuft, ville jeg g\u00e5tt resten av livet og lurt p\u00e5 om dette kunne hatt livets rett.<\/p>\n<p>Om hun skulle gi et r\u00e5d til andre i motgang, m\u00e5tte det v\u00e6re \u00e5 komme seg ut av tankenes hamsterhjul. Hun peker ut av vinduet: <\/p>\n<p>\u2013 Rett ut. Punktum. Inne kan du rote deg inn i\u00a0en ond sirkel. Jeg m\u00e5 grave, sykle eller kj\u00f8re b\u00e5t. Jeg har tullet med det f\u00f8r, hvorvidt man er klok av skade eller bare skadd. P\u00e5 et eller annet tidspunkt m\u00e5 du velge \u00e5 sikte mot lyset. Moren min l\u00e6rte meg \u00e5 skrive lister ogs\u00e5 over det jeg har gjort. Ikke bare over det jeg skal gj\u00f8re.<\/p>\n<p>    <a itemprop=\"url\" href=\"https:\/\/www.kk.no\/underholdning\/petter-med-sot-hyllest-til-vendela\/83816374\" rel=\"nofollow noopener\" target=\"_blank\"><\/p>\n<p>      <img loading=\"lazy\" decoding=\"async\" src=\"https:\/\/www.europesays.com\/no\/wp-content\/uploads\/2025\/11\/83816797.webp\" width=\"980\" height=\"441\" title=\"Petter med s\u00f8t hyllest til Vendela\" alt=\"\" class=\"lazyload\" style=\"--aspect-ratio-image: 2.22; \"\/><\/p>\n<p>        Petter med s\u00f8t hyllest til Vendela<\/p>\n<p>    <\/a><\/p>\n<p>Moren f\u00e5tt demens\t<\/p>\n<p>Pandemien sammenfalt med at Ingrids mor flyttet p\u00e5 sykehjem grunnet demens. Ingrid kaller det hell i uhell at kalenderen hennes plutselig var like tom som kulturhusene.<\/p>\n<p>\u2013 Omstendighetene har gjort at jeg er kommet n\u00e6rmere henne, og det ville jeg ikke v\u00e6rt foruten. <\/p>\n<p>Hun beskriver foreldre som har l\u00e5nt henne penger og heiet p\u00e5 henne, og en mor som alltid har vist\u00a0forst\u00e5else for hvorfor turneer har m\u00e5ttet g\u00e5 foran s\u00f8ndagsmiddager. <\/p>\n<p>\u2013 Moren min g\u00e5r alltid ut fra at jeg har et viktigere sted \u00e5 v\u00e6re. Jeg kan ikke m\u00f8te henne uten sminke, for da blir hun bekymret og sier: \u00abHar det v\u00e6rt mye n\u00e5, Ingrid? Stakkars, jobber du mye?\u00bb Det stikker fortsatt litt i hjertet. <\/p>\n<p>          <img loading=\"lazy\" decoding=\"async\" src=\"https:\/\/www.europesays.com\/no\/wp-content\/uploads\/2025\/11\/1763710848_586_83818600.webp\" width=\"686\" height=\"508\" title=\"SIN MORS DATTER: Ingrid Bj\u00f8rnov har sett hvor mye musikken betyr for moren, som har f\u00e5tt demens. FOTO: Astrid Waller\" alt=\"\" class=\"\" style=\"--aspect-ratio-image: 1.35; \"\/><\/p>\n<p>\n          SIN MORS DATTER: Ingrid Bj\u00f8rnov har sett hvor mye musikken betyr for moren, som har f\u00e5tt demens. FOTO: Astrid Waller\n      <\/p>\n<p> P\u00e5 rommet sitt har moren et keyboard, og i dag er det Ingrid som synger for moren. De samme sangene som moren en gang l\u00e6rte henne: \u00abEr du gla\u2019 i meg enn\u00e5, Karl Johan\u00bb og \u00abEn herre med Bart\u00bb. <\/p>\n<p>\u2013 Musikken finner veien n\u00e5r vi ikke lenger finner ordene, sier Ingrid.<\/p>\n<p>\u2013 Synes du man med \u00e5rene evner \u00e5 se foreldrenes perspektiv p\u00e5 en annen m\u00e5te? <\/p>\n<p>Ingrid nikker. <\/p>\n<p>\u2013 Ja. Det kommer helt naturlig, for n\u00e5r de forandrer seg, oppdager du at du selv forandrer deg. Det er litt det\u00a0samme som at de unge himler med \u00f8ynene over foreldrenes ordspill. Og plutselig en dag skj\u00f8nner de\u00a0at\u00a0de er fulle av det. Og jeg, jeg er jo full av moren\u00a0min. <\/p>\n<p>            <img loading=\"lazy\" decoding=\"async\" src=\"https:\/\/www.europesays.com\/no\/wp-content\/uploads\/2025\/11\/1763710849_846_80519927.webp\" width=\"216\" height=\"234\" title=\"Har du et tips?\" alt=\"\" class=\"\" style=\"--aspect-ratio-image: 0.92; \"\/><\/p>\n<p>        Har du et tips?<\/p>\n<p class=\"subtitle\">Hei, jeg heter Hege L\u00f8vstad Toverud og er journalist i KK.<br \/>\nHar du et tips, en historie du vil fortelle eller et felt du mener vi b\u00f8r skrive om?<\/p>\n","protected":false},"excerpt":{"rendered":"&#8211; Jeg dreper hvis jeg m\u00e5. Ingrid Bj\u00f8rnov ser ut vinduet, der sensommersol speiler seg i drivhuset og&hellip;\n","protected":false},"author":2,"featured_media":92650,"comment_status":"","ping_status":"","sticky":false,"template":"","format":"standard","meta":{"footnotes":""},"categories":[58],"tags":[4000,71,3651,8535,1401,4016,30,28,29,2996,1185,72,12079],"class_list":{"0":"post-92649","1":"post","2":"type-post","3":"status-publish","4":"format-standard","5":"has-post-thumbnail","7":"category-underholdning","8":"tag-benedicte-adrian","9":"tag-entertainment","10":"tag-gjeld","11":"tag-ingrid-bjornov","12":"tag-kreft","13":"tag-livet","14":"tag-no","15":"tag-norge","16":"tag-norway","17":"tag-portrettet","18":"tag-sykdom","19":"tag-underholdning","20":"tag-which-witch"},"share_on_mastodon":{"url":"https:\/\/pubeurope.com\/@no\/115586563374496595","error":""},"_links":{"self":[{"href":"https:\/\/www.europesays.com\/no\/wp-json\/wp\/v2\/posts\/92649","targetHints":{"allow":["GET"]}}],"collection":[{"href":"https:\/\/www.europesays.com\/no\/wp-json\/wp\/v2\/posts"}],"about":[{"href":"https:\/\/www.europesays.com\/no\/wp-json\/wp\/v2\/types\/post"}],"author":[{"embeddable":true,"href":"https:\/\/www.europesays.com\/no\/wp-json\/wp\/v2\/users\/2"}],"replies":[{"embeddable":true,"href":"https:\/\/www.europesays.com\/no\/wp-json\/wp\/v2\/comments?post=92649"}],"version-history":[{"count":0,"href":"https:\/\/www.europesays.com\/no\/wp-json\/wp\/v2\/posts\/92649\/revisions"}],"wp:featuredmedia":[{"embeddable":true,"href":"https:\/\/www.europesays.com\/no\/wp-json\/wp\/v2\/media\/92650"}],"wp:attachment":[{"href":"https:\/\/www.europesays.com\/no\/wp-json\/wp\/v2\/media?parent=92649"}],"wp:term":[{"taxonomy":"category","embeddable":true,"href":"https:\/\/www.europesays.com\/no\/wp-json\/wp\/v2\/categories?post=92649"},{"taxonomy":"post_tag","embeddable":true,"href":"https:\/\/www.europesays.com\/no\/wp-json\/wp\/v2\/tags?post=92649"}],"curies":[{"name":"wp","href":"https:\/\/api.w.org\/{rel}","templated":true}]}}