{"id":92655,"date":"2025-11-21T07:45:12","date_gmt":"2025-11-21T07:45:12","guid":{"rendered":"https:\/\/www.europesays.com\/no\/92655\/"},"modified":"2025-11-21T07:45:12","modified_gmt":"2025-11-21T07:45:12","slug":"giftet-seg-dagbladet","status":"publish","type":"post","link":"https:\/\/www.europesays.com\/no\/92655\/","title":{"rendered":"Giftet seg &#8211; Dagbladet"},"content":{"rendered":"<ol>\n<li><a href=\"https:\/\/news.google.com\/rss\/articles\/CBMiX0FVX3lxTFB3RGphUnpUMEhWblFVOEFNQTVVUVlRZ1FJYzB3ZFJvQXpGWVNJWVM2X2JiNGc0bEJzcUxQWWJhR0x0Ml9QT0dPSXdJRjF4RUpvUGl0WnhibXlVRjZoN2ow?oc=5\" target=\"_blank\" rel=\"nofollow noopener\">Giftet seg<\/a>&nbsp;&nbsp;Dagbladet<\/li>\n<li><a href=\"https:\/\/news.google.com\/rss\/articles\/CBMiqgFBVV95cUxNUmRTSVZkdkpmYWlCRHVYOW5oVWVDSk1jenRKQlp5X0UyRFBiZDZUUkR6NDhBRGVYU3lwaks0dTlDdnFMTDNXclBmRFUwRXJVeTBvZ2xXS0RQRFJfVXFYQVJTTlpBN0hHdElXMEg5Z3VteDhRR0tFZHg2SlZHNDNLbXF5cVZzMXRrakRJUEp2ZC1UVkFoeDdES3lHMmZaRzNneEh6X2k1Y3I5dw?oc=5\" target=\"_blank\" rel=\"nofollow noopener\">Her gifter TV-profilen seg foran 1000 tilskuere p\u00e5 livepodkast<\/a>&nbsp;&nbsp;NRK<\/li>\n<li><a href=\"https:\/\/news.google.com\/rss\/articles\/CBMivAFBVV95cUxOd0dLdF9XQnh1Qzdlc2hDUU44OGthS1pWU3E5OGNBUERWclJSNnE5ckRTdTJjdlQ3bGN2VEdMUEt6akpFZ1FlU0VjMk5wWjcwaG9hWkM5SVlKRU1BZjRhVEd5MDBtdnRSalZXOFgzSnFaV3lsTmRnZTQ4ejg3YU5wNWxLd3loSnV2bmxrWEFEZmF4eVU3OEZKTVVuRlg0dkJtMldPSFVzanA0Y1VTUWVsdlAtVW9vUWRBd1hoMA?oc=5\" target=\"_blank\" rel=\"nofollow noopener\">Sjokkerte p\u00e5 scenen: Jesper Mathisen og Trine Mj\u00e5land giftet seg p\u00e5 liveshow<\/a>&nbsp;&nbsp;Stavanger Aftenblad<\/li>\n<li><a href=\"https:\/\/news.google.com\/rss\/articles\/CBMimAFBVV95cUxOMkd6enZ4eW9HMC1USU5Lc3dLRU9RSGd2ZTlZUmhxNG15WmhlYW1KSnZlbmtQWEJ1b2dHTERxMnVOaG1yNDJBU2g1SG5vU1g5N2NyNjdUUlpKMzlmdlNfYWdqaXZTejhmZGRuLTdhN2ZfZ1ZTUEtxV21GaXlreFVYdFhSOU5VdjBIMEU5ZmJFUWsxRG5lLUlLdw?oc=5\" target=\"_blank\" rel=\"nofollow noopener\">Jesper Mathisen overrasket med bryllup: \u2013 En fantastisk trippel<\/a>&nbsp;&nbsp;VG<\/li>\n<li><a href=\"https:\/\/news.google.com\/rss\/articles\/CBMimwFBVV95cUxNMEtZaHdUVDd0RzdjTVF1ZTdLZDUxTHRXZVFzY0VOYXVnWV95VFl1bVREdkZtNGVBR3F0V3NpelhHUGlYTFV4SS1fR2pHajY0WEdvNEU0MlFmTk54NHpTNWVfWUp0VzFCS1ZEbnMyTmo3SVpfQ3NYYzFyZFBXZGwzZjZwbDlrRmdVR3dOWXI4bm9fVUxsa2l0QW9NNA?oc=5\" target=\"_blank\" rel=\"nofollow noopener\">Jesper Mathisen sjokkerte med gifterm\u00e5l under liveshow<\/a>&nbsp;&nbsp;Nettavisen<\/li>\n<\/ol>\n","protected":false},"excerpt":{"rendered":"Giftet seg&nbsp;&nbsp;Dagbladet Her gifter TV-profilen seg foran 1000 tilskuere p\u00e5 livepodkast&nbsp;&nbsp;NRK Sjokkerte p\u00e5 scenen: Jesper Mathisen og Trine&hellip;\n","protected":false},"author":2,"featured_media":92656,"comment_status":"","ping_status":"","sticky":false,"template":"","format":"standard","meta":{"footnotes":""},"categories":[5],"tags":[20,21,24,25,92,15,19,22,23,17,18,13,30,28,29,14,16,83,26,27],"class_list":{"0":"post-92655","1":"post","2":"type-post","3":"status-publish","4":"format-standard","5":"has-post-thumbnail","7":"category-overskrifter","8":"tag-breaking-news","9":"tag-breakingnews","10":"tag-featured-news","11":"tag-featurednews","12":"tag-fotball","13":"tag-headlines","14":"tag-hovedoppslag","15":"tag-latest-news","16":"tag-latestnews","17":"tag-main-news","18":"tag-mainnews","19":"tag-news","20":"tag-no","21":"tag-norge","22":"tag-norway","23":"tag-nyheter","24":"tag-overskrifter","25":"tag-sport","26":"tag-top-stories","27":"tag-topstories"},"share_on_mastodon":{"url":"https:\/\/pubeurope.com\/@no\/115586578745376037","error":""},"_links":{"self":[{"href":"https:\/\/www.europesays.com\/no\/wp-json\/wp\/v2\/posts\/92655","targetHints":{"allow":["GET"]}}],"collection":[{"href":"https:\/\/www.europesays.com\/no\/wp-json\/wp\/v2\/posts"}],"about":[{"href":"https:\/\/www.europesays.com\/no\/wp-json\/wp\/v2\/types\/post"}],"author":[{"embeddable":true,"href":"https:\/\/www.europesays.com\/no\/wp-json\/wp\/v2\/users\/2"}],"replies":[{"embeddable":true,"href":"https:\/\/www.europesays.com\/no\/wp-json\/wp\/v2\/comments?post=92655"}],"version-history":[{"count":0,"href":"https:\/\/www.europesays.com\/no\/wp-json\/wp\/v2\/posts\/92655\/revisions"}],"wp:featuredmedia":[{"embeddable":true,"href":"https:\/\/www.europesays.com\/no\/wp-json\/wp\/v2\/media\/92656"}],"wp:attachment":[{"href":"https:\/\/www.europesays.com\/no\/wp-json\/wp\/v2\/media?parent=92655"}],"wp:term":[{"taxonomy":"category","embeddable":true,"href":"https:\/\/www.europesays.com\/no\/wp-json\/wp\/v2\/categories?post=92655"},{"taxonomy":"post_tag","embeddable":true,"href":"https:\/\/www.europesays.com\/no\/wp-json\/wp\/v2\/tags?post=92655"}],"curies":[{"name":"wp","href":"https:\/\/api.w.org\/{rel}","templated":true}]}}