{"id":92661,"date":"2025-11-21T07:52:14","date_gmt":"2025-11-21T07:52:14","guid":{"rendered":"https:\/\/www.europesays.com\/no\/92661\/"},"modified":"2025-11-21T07:52:14","modified_gmt":"2025-11-21T07:52:14","slug":"snoskredfare-finnmark-snoskredfare-flere-steder-store-nok-til-a-begrave-deg","status":"publish","type":"post","link":"https:\/\/www.europesays.com\/no\/92661\/","title":{"rendered":"Sn\u00f8skredfare, Finnmark | Sn\u00f8skredfare flere steder: \u2013 Store nok til \u00e5 begrave deg"},"content":{"rendered":"\n<p>\u2013 Der hvor vinden tar seg opp og vi f\u00e5r mer sn\u00f8 og\/eller regn, vil det blir mer ustabile forhold. Vi venter ikke st\u00f8rre skred som vil true vei og bebyggelse, men de som skal til fjells de kommende dagene, m\u00e5 v\u00e6re klar over at det blir lett \u00e5 l\u00f8se ut skred som kan bli store nok til \u00e5 begrave deg, skriver <a rel=\"noopener nofollow\" href=\"https:\/\/www.varsom.no\/nyheter\/nyheter-snoskred\/vaerskifte-gir-snoskredfare-slik-endrer-forholdene-seg-inn-mot-helgen\/\" target=\"_blank\">Varsom.no<\/a>.<\/p>\n<p>I fjellet i Troms og Finnmark ligger det sv\u00e6rt mye l\u00f8s og ubunden sn\u00f8.<\/p>\n<p>\u2013 Om vinden \u00f8ker, vil forholdene endre seg. Det gjelder s\u00e6rlig i ytre deler av Troms og Finnmark som b\u00e5de f\u00e5r vind\u00f8kning og mer nedb\u00f8r i forbindelse med en polar virvel som passerer ute ved kysten.<\/p>\n<p>Flere steder p\u00e5 Nordvestlandet har det v\u00e6rt eventyrlige forhold de siste dagene, if\u00f8lge varslingstjenesten.<\/p>\n<p>\u2013 N\u00e5r mildv\u00e6r, regn og vind kommer inn over Nordvestlandet fredag, vil sn\u00f8skredfaren \u00f8ke ogs\u00e5 her. H\u00f8yt til fjells, der det holder seg kaldt, kan det l\u00f8sne enkelte t\u00f8rre skred av seg selv, mens det kan l\u00f8sne v\u00e5te skred under mildv\u00e6rsgrensen.<\/p>\n<p>I Ytre str\u00f8k av Helgeland og S\u00f8r-Salten er det meldt mye sn\u00f8 det neste d\u00f8gnet.<\/p>\n<p>Fra torsdag kveld til fredag ettermiddag ventes det enkelte steder 20\u201340 centimeter, lyder det i et gult farevarsel.<\/p>\n<p>(\u00a9NTB)<\/p>\n","protected":false},"excerpt":{"rendered":"\u2013 Der hvor vinden tar seg opp og vi f\u00e5r mer sn\u00f8 og\/eller regn, vil det blir mer&hellip;\n","protected":false},"author":2,"featured_media":11753,"comment_status":"","ping_status":"","sticky":false,"template":"","format":"standard","meta":{"footnotes":""},"categories":[10],"tags":[36,20,21,24,25,32,15,22,23,13,30,28,29,14,16,12080,1510,26,27,553],"class_list":{"0":"post-92661","1":"post","2":"type-post","3":"status-publish","4":"format-standard","5":"has-post-thumbnail","7":"category-norge","8":"tag-art","9":"tag-breaking-news","10":"tag-breakingnews","11":"tag-featured-news","12":"tag-featurednews","13":"tag-finnmark","14":"tag-headlines","15":"tag-latest-news","16":"tag-latestnews","17":"tag-news","18":"tag-no","19":"tag-norge","20":"tag-norway","21":"tag-nyheter","22":"tag-overskrifter","23":"tag-snoskredfare","24":"tag-story","25":"tag-top-stories","26":"tag-topstories","27":"tag-vaer"},"share_on_mastodon":{"url":"https:\/\/pubeurope.com\/@no\/115586606321819189","error":""},"_links":{"self":[{"href":"https:\/\/www.europesays.com\/no\/wp-json\/wp\/v2\/posts\/92661","targetHints":{"allow":["GET"]}}],"collection":[{"href":"https:\/\/www.europesays.com\/no\/wp-json\/wp\/v2\/posts"}],"about":[{"href":"https:\/\/www.europesays.com\/no\/wp-json\/wp\/v2\/types\/post"}],"author":[{"embeddable":true,"href":"https:\/\/www.europesays.com\/no\/wp-json\/wp\/v2\/users\/2"}],"replies":[{"embeddable":true,"href":"https:\/\/www.europesays.com\/no\/wp-json\/wp\/v2\/comments?post=92661"}],"version-history":[{"count":0,"href":"https:\/\/www.europesays.com\/no\/wp-json\/wp\/v2\/posts\/92661\/revisions"}],"wp:featuredmedia":[{"embeddable":true,"href":"https:\/\/www.europesays.com\/no\/wp-json\/wp\/v2\/media\/11753"}],"wp:attachment":[{"href":"https:\/\/www.europesays.com\/no\/wp-json\/wp\/v2\/media?parent=92661"}],"wp:term":[{"taxonomy":"category","embeddable":true,"href":"https:\/\/www.europesays.com\/no\/wp-json\/wp\/v2\/categories?post=92661"},{"taxonomy":"post_tag","embeddable":true,"href":"https:\/\/www.europesays.com\/no\/wp-json\/wp\/v2\/tags?post=92661"}],"curies":[{"name":"wp","href":"https:\/\/api.w.org\/{rel}","templated":true}]}}