{"id":92668,"date":"2025-11-21T08:00:22","date_gmt":"2025-11-21T08:00:22","guid":{"rendered":"https:\/\/www.europesays.com\/no\/92668\/"},"modified":"2025-11-21T08:00:22","modified_gmt":"2025-11-21T08:00:22","slug":"nyheter-skole-vil-kutte-tre-fag-tidlig-i-barneskolen","status":"publish","type":"post","link":"https:\/\/www.europesays.com\/no\/92668\/","title":{"rendered":"Nyheter, Skole | Vil kutte tre fag tidlig i barneskolen"},"content":{"rendered":"\n<p>\u2013 Det viktigste er at de yngste barna leser, skriver og l\u00e6rer seg regning. I tillegg til \u00e5 v\u00e6re i aktivitet, skape vennskap og jobbe med probleml\u00f8sning gjennom praktiske og estetiske fag. Jeg mener engelsk, KRLE og samfunnsfag kan vente, sier Nordtun til <a href=\"https:\/\/www.aftenposten.no\/norge\/politikk\/i\/wr6Ppn\/kari-nessa-nordtun-oensker-aa-kutte-ut-tre-skolefag-i-barneskolen\" rel=\"nofollow noopener\" target=\"_blank\">Aftenposten<\/a>.<\/p>\n<p>Forslaget inneb\u00e6rer ogs\u00e5 f\u00e6rre skoletimer totalt for de yngste elevene. Nordtun vil s\u00e6rlig kutte fag i f\u00f8rste og andre klasse, men ser ikke bort fra at kuttene ogs\u00e5 kan gjelde tredje trinn.<\/p>\n<p>Bakgrunnen er d\u00e5rligere resultater i en rekke unders\u00f8kelser av elevenes ferdigheter.<\/p>\n<p>\u2013 Det er ikke slik at flere timer i seg selv gj\u00f8r at elevene blir bedre i faget. Kanskje tvert imot. Det er kvaliteten p\u00e5 undervisningen som avgj\u00f8r, sier statsr\u00e5den til avisen.<\/p>\n<p>Hun mener en reduksjon av undervisningstimer vil kunne frigj\u00f8re l\u00e6rere til \u00e5 jobbe intensivt med elevene. Nordtun \u00f8nsker ogs\u00e5 at flere milj\u00f8terapeuter skal inn i skolen.<\/p>\n<p>H\u00f8yre mener forslaget gir l\u00e6rerne mindre tid til \u00e5 f\u00f8lge opp elevene.<\/p>\n<p>\u2013 Mer SFO og mindre tid med dyktige l\u00e6rere vil ikke gj\u00f8re at flere elever knekker lesekoden. H\u00f8yre kan gjerne diskutere f\u00e6rre fag de f\u00f8rste skole\u00e5rene. Men da m\u00e5 jo de ekstra timene brukes til at elevene l\u00e6rer \u00e5 lese og regne sammen med dyktige l\u00e6rere, ikke \u00e5 sende elevene tidligere til SFO, sier H\u00f8yres utdanningspolitiske talsperson, Mathilde Tybring-Gjedde, til NTB.<\/p>\n<p>(\u00a9NTB)<\/p>\n<p>  <a href=\"https:\/\/www.rb.no\/5-43-2594754\" class=\"related-teaser has-image default-story-teaser article--c-eRUmMG article--c-eRUmMG-jKCPdD-design-default\" rel=\"nofollow noopener\" target=\"_blank\"><\/p>\n<p>    <img decoding=\"async\" loading=\"lazy\"  src=\"https:\/\/www.europesays.com\/no\/wp-content\/uploads\/2025\/11\/Veksthuset-5.jpg\" alt=\"\" class=\"brick-c-cFOWSL\" style=\"\"\/><\/p>\n<p>\n            Les ogs\u00e5<\/p>\n<p>              Banksjef \u00d8ivind mener et enkelt grep kan redde dr\u00f8mmeboligen din. Derfor har han ryddet kalenderen p\u00e5 mandager\n        <\/p>\n<p>  <\/a><\/p>\n<p>  <a href=\"https:\/\/www.rb.no\/5-43-2615445\" class=\"related-teaser default-story-teaser article--c-eRUmMG article--c-eRUmMG-jKCPdD-design-default article--c-eRUmMG-kpKLOW-cv\" rel=\"nofollow noopener\" target=\"_blank\"><\/p>\n<p>\n            Les ogs\u00e5<\/p>\n<p>              Her sl\u00e5r raneren til \u2013 politiet ber om tips\n        <\/p>\n<p>  <\/a><\/p>\n<p>  <a href=\"https:\/\/www.rb.no\/5-43-2605915\" class=\"related-teaser has-image default-story-teaser article--c-eRUmMG article--c-eRUmMG-jKCPdD-design-default\" rel=\"nofollow noopener\" target=\"_blank\"><\/p>\n<p>    <img decoding=\"async\" loading=\"lazy\"  src=\"https:\/\/www.europesays.com\/no\/wp-content\/uploads\/2025\/11\/protester+hos+kommunen.JPG\" alt=\"\" class=\"brick-c-cFOWSL\" style=\"\"\/><\/p>\n<p>\n            Les ogs\u00e5<\/p>\n<p>              Derfor troppet over hundre elever opp\n        <\/p>\n<p>  <\/a><\/p>\n<p>  <a href=\"https:\/\/www.rb.no\/5-43-2615448\" class=\"related-teaser default-story-teaser article--c-eRUmMG article--c-eRUmMG-jKCPdD-design-default article--c-eRUmMG-kpKLOW-cv\" rel=\"nofollow noopener\" target=\"_blank\"><\/p>\n<p>\n            Les ogs\u00e5<\/p>\n<p>              Eksperten er overrasket: \u2013 Ganske sjeldent\n        <\/p>\n<p>  <\/a><\/p>\n<p>  <a href=\"https:\/\/www.rb.no\/5-43-2602822\" class=\"related-teaser has-image default-story-teaser article--c-eRUmMG article--c-eRUmMG-jKCPdD-design-default\" rel=\"nofollow noopener\" target=\"_blank\"><\/p>\n<p>    <img decoding=\"async\" loading=\"lazy\"  src=\"https:\/\/www.europesays.com\/no\/wp-content\/uploads\/2025\/11\/fertilitetslege.JPG\" alt=\"\" class=\"brick-c-cFOWSL\" style=\"\"\/><\/p>\n<p>\n            Les ogs\u00e5<\/p>\n<p>              Planlegger du familie, b\u00f8r du unng\u00e5 helsetrend: \u2013 Vil p\u00e5virke veldig\n        <\/p>\n<p>  <\/a><\/p>\n","protected":false},"excerpt":{"rendered":"\u2013 Det viktigste er at de yngste barna leser, skriver og l\u00e6rer seg regning. I tillegg til \u00e5&hellip;\n","protected":false},"author":2,"featured_media":92669,"comment_status":"","ping_status":"","sticky":false,"template":"","format":"standard","meta":{"footnotes":""},"categories":[5],"tags":[36,20,21,24,25,15,19,22,23,17,18,13,30,28,29,14,16,804,1510,26,27,9252],"class_list":{"0":"post-92668","1":"post","2":"type-post","3":"status-publish","4":"format-standard","5":"has-post-thumbnail","7":"category-overskrifter","8":"tag-art","9":"tag-breaking-news","10":"tag-breakingnews","11":"tag-featured-news","12":"tag-featurednews","13":"tag-headlines","14":"tag-hovedoppslag","15":"tag-latest-news","16":"tag-latestnews","17":"tag-main-news","18":"tag-mainnews","19":"tag-news","20":"tag-no","21":"tag-norge","22":"tag-norway","23":"tag-nyheter","24":"tag-overskrifter","25":"tag-skole","26":"tag-story","27":"tag-top-stories","28":"tag-topstories","29":"tag-undervisning"},"share_on_mastodon":{"url":"https:\/\/pubeurope.com\/@no\/115586637887381254","error":""},"_links":{"self":[{"href":"https:\/\/www.europesays.com\/no\/wp-json\/wp\/v2\/posts\/92668","targetHints":{"allow":["GET"]}}],"collection":[{"href":"https:\/\/www.europesays.com\/no\/wp-json\/wp\/v2\/posts"}],"about":[{"href":"https:\/\/www.europesays.com\/no\/wp-json\/wp\/v2\/types\/post"}],"author":[{"embeddable":true,"href":"https:\/\/www.europesays.com\/no\/wp-json\/wp\/v2\/users\/2"}],"replies":[{"embeddable":true,"href":"https:\/\/www.europesays.com\/no\/wp-json\/wp\/v2\/comments?post=92668"}],"version-history":[{"count":0,"href":"https:\/\/www.europesays.com\/no\/wp-json\/wp\/v2\/posts\/92668\/revisions"}],"wp:featuredmedia":[{"embeddable":true,"href":"https:\/\/www.europesays.com\/no\/wp-json\/wp\/v2\/media\/92669"}],"wp:attachment":[{"href":"https:\/\/www.europesays.com\/no\/wp-json\/wp\/v2\/media?parent=92668"}],"wp:term":[{"taxonomy":"category","embeddable":true,"href":"https:\/\/www.europesays.com\/no\/wp-json\/wp\/v2\/categories?post=92668"},{"taxonomy":"post_tag","embeddable":true,"href":"https:\/\/www.europesays.com\/no\/wp-json\/wp\/v2\/tags?post=92668"}],"curies":[{"name":"wp","href":"https:\/\/api.w.org\/{rel}","templated":true}]}}