{"id":92670,"date":"2025-11-21T08:06:17","date_gmt":"2025-11-21T08:06:17","guid":{"rendered":"https:\/\/www.europesays.com\/no\/92670\/"},"modified":"2025-11-21T08:06:17","modified_gmt":"2025-11-21T08:06:17","slug":"nyhende-kultur-leander-djonne-vann-brageprisen","status":"publish","type":"post","link":"https:\/\/www.europesays.com\/no\/92670\/","title":{"rendered":"Nyhende, Kultur | Leander Dj\u00f8nne vann Brageprisen"},"content":{"rendered":"\n<p>Leander Dj\u00f8nne mottok nyleg Oktoberprisen for forfattarskapen sin. Torsdag kveld blei han tildelt Brageprisen i kategorien skj\u00f8nnlitteratur.<\/p>\n<p><b>Han f\u00e5r prisen for den andre romanen sin \u00abAlt et\u00bb, gjeven ut p\u00e5 Forlaget Oktober.<\/b><\/p>\n<p>\u2013 Leander Dj\u00f8nne k\u00f8yrer vilt og hardt inn i m\u00f8rket og nektar \u00e5 sleppa nokon form for lys inn. Spr\u00e5ket er kontant, konkret og uforsonleg. \u00c5 finsila s\u00e5 mykje vondskap over til litteratur er ei kraftprestasjon, skriv mellom anna juryen om romanen.<\/p>\n<p>Brageprisen best\u00e5r av ei statuett laga av kunstnaren B\u00f8rre Larsen og eit pengebel\u00f8p p\u00e5 75 000 kroner. Prisen blir delt ut av stiftinga Den norske bokprisen, med Forleggarforeininga som sekretariat.<\/p>\n<p>&#8211; Utruleg. Ei \u00e6re \u00e5 vinna Brageprisen, seier Dj\u00f8nne til HF.<\/p>\n<p>For debutromanen \u00abOskespiralen\u00bb fekk Dj\u00f8nne Lytternes romanpris i 2022.<\/p>\n<p>   <img decoding=\"async\" width=\"6000\" height=\"4000\" fetchpriority=\"low\"  loading=\"lazy\"  src=\"https:\/\/www.europesays.com\/no\/wp-content\/uploads\/2025\/11\/0C5A3870.JPG\" alt=\"Leander Dj\u00f8nne\" class=\"brick-c-cFOWSL\" style=\"--brick-image-ratio: 6000 \/ 4000;\"\/><\/p>\n<p>      Leander Dj\u00f8nne fekk tidlegare i \u00e5r Oktoberprisen 2025.<br \/>\n      Foto: Eivind Dahle Sj\u00e5stad\n    <\/p>\n<p>   <img decoding=\"async\" width=\"720\" height=\"1126\" fetchpriority=\"low\"  loading=\"lazy\"  src=\"https:\/\/www.europesays.com\/no\/wp-content\/uploads\/2025\/11\/default-papl-rd2.jpg\" alt=\"\" class=\"brick-c-cFOWSL\" style=\"--brick-image-ratio: 720 \/ 1126;\"\/><\/p>\n<p>      BRAGEPRIS: Boka Alt et av Leander Dj\u00f8nne. <\/p>\n<p>I et intervju med HF f\u00f8rre veke sa Dj\u00f8nne at det var stas berre \u00e5 bli nominert.<\/p>\n<p><b>\u2013 Det veg tungt. Det er eit trongt n\u00e5lauge berre \u00e5 bli nominert. Eg f\u00f8ler eg ikkje treng \u00e5 vera s\u00e5 usikker p\u00e5 det litter\u00e6re lenger, <a href=\"https:\/\/www.hardanger-folkeblad.no\/balansekunstnaren\/s\/5-22-733638\" rel=\"Follow nofollow noopener\" target=\"_blank\">sa han berre ei veke f\u00f8r han fekk den gjeve prisen.<\/a><\/b><\/p>\n<p>  <a href=\"https:\/\/www.hardanger-folkeblad.no\/5-22-733638\" class=\"related-teaser has-image default-story-teaser article--c-eRUmMG article--c-eRUmMG-jKCPdD-design-default\" rel=\"nofollow noopener\" target=\"_blank\"><\/p>\n<p>    <img decoding=\"async\" loading=\"lazy\"  src=\"https:\/\/www.europesays.com\/no\/wp-content\/uploads\/2025\/11\/0C5A3897.JPG\" alt=\"\" class=\"brick-c-cFOWSL\" style=\"\"\/><\/p>\n<p>\n            Les ogs\u00e5<\/p>\n<p>              Leander (44) st\u00e5r opp om natta for \u00e5 jobba: \u2013 Ingenting kjem gratis\n        <\/p>\n<p>  <\/a><\/p>\n<p>\u00c5sne Seierstad fekk ogs\u00e5 Bragpris for \u00abUfred. Russland fr\u00e5 innsida\u00bb. I kategorien sakprosa for barn og unge stakk Erna Osland (f. 1951) av med prisen for \u00abBarnas verdshistorie\u00bb, som er illustrert av Victoria Sand\u00f8y. Osland vann sin f\u00f8rste Bragepris for 26 \u00e5r sidan for \u00abSalamanderryttaren\u00bb.<\/p>\n<p>Brageprisen har sidan 1992 \u00e5rleg vore delt ut for \u00e5 heidra ny, norsk litteratur. Bak st\u00e5r stiftinga Den norske Bokprisen. \u00c5rets prisutdeling fann stad torsdag kveld p\u00e5 Vulkan arena i Oslo.<\/p>\n<p>    Vil du se neste video?<\/p>\n<p>    <a href=\"https:\/\/www.hardanger-folkeblad.no\/den-nye-humpen-skaper-trobbel\/v\/5-22-734746\" class=\"recommend-poster\" data-adp-clicklabel=\"video-recommend\" data-adp-clickvalue=\"poster\" rel=\"nofollow noopener\" target=\"_blank\"><br \/>\n      <img decoding=\"async\" width=\"200\" height=\"200\" loading=\"lazy\" src=\"https:\/\/www.europesays.com\/no\/wp-content\/uploads\/2025\/11\/v-i-5038fa4b-7e79-4388-b696-5e63773fc23f-1.jpg\" alt=\"\" class=\"brick-c-cFOWSL\" style=\"--brick-image-ratio: 200 \/ 200;\"\/><\/p>\n<p>Den nye humpen skaper tr\u00f8bbel0:42<\/p>\n<p>    <\/a><\/p>\n<p>        Leander Dj\u00f8nne (44) balanserer livet som sm\u00e5barnsfar, kunstnar og verksemdsleiar i kommunen. No er han nominert til Bragepris. <\/p>\n<p>   <img decoding=\"async\" width=\"8465\" height=\"5644\" fetchpriority=\"low\"  loading=\"lazy\"  src=\"https:\/\/www.europesays.com\/no\/wp-content\/uploads\/2025\/11\/NTB_44cR7AxTFa0.jpg\" alt=\"Oslo 20251120. &#10;Utdelingen av Brageprisen 2025 p\u00e5 Vulkan arena.&#10;Foto: Fredrik Varfjell \/ NTB\" class=\"brick-c-cFOWSL\" style=\"--brick-image-ratio: 8465 \/ 5644;\"\/><\/p>\n<p>      Fr\u00e5 utdelinga av Brageprisen 2025 p\u00e5 Vulkan arena.<br \/>\n      Foto: Fredrik Varfjell\n    <\/p>\n","protected":false},"excerpt":{"rendered":"Leander Dj\u00f8nne mottok nyleg Oktoberprisen for forfattarskapen sin. Torsdag kveld blei han tildelt Brageprisen i kategorien skj\u00f8nnlitteratur. Han&hellip;\n","protected":false},"author":2,"featured_media":92671,"comment_status":"","ping_status":"","sticky":false,"template":"","format":"standard","meta":{"footnotes":""},"categories":[10],"tags":[36,20,21,24,25,15,410,22,23,13,30,28,29,4966,14,5415,16,1510,26,27],"class_list":{"0":"post-92670","1":"post","2":"type-post","3":"status-publish","4":"format-standard","5":"has-post-thumbnail","7":"category-norge","8":"tag-art","9":"tag-breaking-news","10":"tag-breakingnews","11":"tag-featured-news","12":"tag-featurednews","13":"tag-headlines","14":"tag-kultur","15":"tag-latest-news","16":"tag-latestnews","17":"tag-news","18":"tag-no","19":"tag-norge","20":"tag-norway","21":"tag-nyhende","22":"tag-nyheter","23":"tag-odda","24":"tag-overskrifter","25":"tag-story","26":"tag-top-stories","27":"tag-topstories"},"share_on_mastodon":{"url":"https:\/\/pubeurope.com\/@no\/115586661613753133","error":""},"_links":{"self":[{"href":"https:\/\/www.europesays.com\/no\/wp-json\/wp\/v2\/posts\/92670","targetHints":{"allow":["GET"]}}],"collection":[{"href":"https:\/\/www.europesays.com\/no\/wp-json\/wp\/v2\/posts"}],"about":[{"href":"https:\/\/www.europesays.com\/no\/wp-json\/wp\/v2\/types\/post"}],"author":[{"embeddable":true,"href":"https:\/\/www.europesays.com\/no\/wp-json\/wp\/v2\/users\/2"}],"replies":[{"embeddable":true,"href":"https:\/\/www.europesays.com\/no\/wp-json\/wp\/v2\/comments?post=92670"}],"version-history":[{"count":0,"href":"https:\/\/www.europesays.com\/no\/wp-json\/wp\/v2\/posts\/92670\/revisions"}],"wp:featuredmedia":[{"embeddable":true,"href":"https:\/\/www.europesays.com\/no\/wp-json\/wp\/v2\/media\/92671"}],"wp:attachment":[{"href":"https:\/\/www.europesays.com\/no\/wp-json\/wp\/v2\/media?parent=92670"}],"wp:term":[{"taxonomy":"category","embeddable":true,"href":"https:\/\/www.europesays.com\/no\/wp-json\/wp\/v2\/categories?post=92670"},{"taxonomy":"post_tag","embeddable":true,"href":"https:\/\/www.europesays.com\/no\/wp-json\/wp\/v2\/tags?post=92670"}],"curies":[{"name":"wp","href":"https:\/\/api.w.org\/{rel}","templated":true}]}}