{"id":92674,"date":"2025-11-21T08:12:06","date_gmt":"2025-11-21T08:12:06","guid":{"rendered":"https:\/\/www.europesays.com\/no\/92674\/"},"modified":"2025-11-21T08:12:06","modified_gmt":"2025-11-21T08:12:06","slug":"inviterte-til-kirkemote-pa-ikea-sa-satte-mobelgiganten-foten-ned","status":"publish","type":"post","link":"https:\/\/www.europesays.com\/no\/92674\/","title":{"rendered":"Inviterte til kirkem\u00f8te p\u00e5 Ikea. S\u00e5 satte m\u00f8belgiganten foten ned"},"content":{"rendered":"<p>\n        NEI: Jon Romuld H\u00e5versen fors\u00f8kte \u00e5 arrangere kirkem\u00f8te p\u00e5 Ikea.<br \/>\n        S\u00f8lve Depui Aksnes\n    <\/p>\n<p>    Jon Romuld H\u00e5versen planla hum\u00f8rfylt hyllest i anledning 1700-\u00e5rsjubileet, og fikk muntlig positiv tilbakemelding fra Ikea-ansatt. Men s\u00e5 kom det kontrabeskjed fra ledelsen.<\/p>\n<p>H\u00e5versen, som er tilknyttet Laget, forteller Dagen at det var han personlig som synes det var en god id\u00e9 \u00e5 arrangere et kirkem\u00f8te p\u00e5 Ikea.<\/p>\n<p>\u2013 Det er viktig \u00e5 ha det litt morsomt. Det er jo et opplagt ordspill \u00e5 kj\u00f8re et kirkem\u00f8te p\u00e5 Ikea for \u00e5 hylle kirkem\u00f8tet i Nikea, sier H\u00e5versen og ler h\u00f8yt p\u00e5 telefonen.\u00a0<\/p>\n<p>Bare \u00e5 kj\u00f8re p\u00e5<\/p>\n","protected":false},"excerpt":{"rendered":"NEI: Jon Romuld H\u00e5versen fors\u00f8kte \u00e5 arrangere kirkem\u00f8te p\u00e5 Ikea. S\u00f8lve Depui Aksnes Jon Romuld H\u00e5versen planla hum\u00f8rfylt&hellip;\n","protected":false},"author":2,"featured_media":92675,"comment_status":"","ping_status":"","sticky":false,"template":"","format":"standard","meta":{"footnotes":""},"categories":[12],"tags":[20,21,24,25,15,22,23,13,30,28,29,14,16,26,27,42,43,44,45],"class_list":{"0":"post-92674","1":"post","2":"type-post","3":"status-publish","4":"format-standard","5":"has-post-thumbnail","7":"category-verden","8":"tag-breaking-news","9":"tag-breakingnews","10":"tag-featured-news","11":"tag-featurednews","12":"tag-headlines","13":"tag-latest-news","14":"tag-latestnews","15":"tag-news","16":"tag-no","17":"tag-norge","18":"tag-norway","19":"tag-nyheter","20":"tag-overskrifter","21":"tag-top-stories","22":"tag-topstories","23":"tag-verden","24":"tag-world","25":"tag-world-news","26":"tag-worldnews"},"share_on_mastodon":{"url":"https:\/\/pubeurope.com\/@no\/115586684996161765","error":""},"_links":{"self":[{"href":"https:\/\/www.europesays.com\/no\/wp-json\/wp\/v2\/posts\/92674","targetHints":{"allow":["GET"]}}],"collection":[{"href":"https:\/\/www.europesays.com\/no\/wp-json\/wp\/v2\/posts"}],"about":[{"href":"https:\/\/www.europesays.com\/no\/wp-json\/wp\/v2\/types\/post"}],"author":[{"embeddable":true,"href":"https:\/\/www.europesays.com\/no\/wp-json\/wp\/v2\/users\/2"}],"replies":[{"embeddable":true,"href":"https:\/\/www.europesays.com\/no\/wp-json\/wp\/v2\/comments?post=92674"}],"version-history":[{"count":0,"href":"https:\/\/www.europesays.com\/no\/wp-json\/wp\/v2\/posts\/92674\/revisions"}],"wp:featuredmedia":[{"embeddable":true,"href":"https:\/\/www.europesays.com\/no\/wp-json\/wp\/v2\/media\/92675"}],"wp:attachment":[{"href":"https:\/\/www.europesays.com\/no\/wp-json\/wp\/v2\/media?parent=92674"}],"wp:term":[{"taxonomy":"category","embeddable":true,"href":"https:\/\/www.europesays.com\/no\/wp-json\/wp\/v2\/categories?post=92674"},{"taxonomy":"post_tag","embeddable":true,"href":"https:\/\/www.europesays.com\/no\/wp-json\/wp\/v2\/tags?post=92674"}],"curies":[{"name":"wp","href":"https:\/\/api.w.org\/{rel}","templated":true}]}}