{"id":92695,"date":"2025-11-21T08:36:10","date_gmt":"2025-11-21T08:36:10","guid":{"rendered":"https:\/\/www.europesays.com\/no\/92695\/"},"modified":"2025-11-21T08:36:10","modified_gmt":"2025-11-21T08:36:10","slug":"fotball-eik-eik-laget-for-alle-i-dalane-eller","status":"publish","type":"post","link":"https:\/\/www.europesays.com\/no\/92695\/","title":{"rendered":"Fotball, EIK | EIK \u2013 laget for alle i Dalane. Eller &#8230;?"},"content":{"rendered":"\n<p>L\u00f8rdag kjemper EIK i B&amp;G Parken om \u00e5 ta seg videre i kvalifiseringen til Eliteserien. Mot Ranheim st\u00e5r klubben foran en ny potensiell sportslig bragd, og den kampen handler om mer enn bare opprykk. Den handler om klokskap, sunn drift og riktige prioriteringer som beviser at de store pengesekkene i norsk fotball ikke alltid vinner frem.<\/p>\n<p>EIKs prestasjoner denne sesongen er intet mindre enn en sensasjon. \u00c5 bli nummer fem i Obos-ligaen er etter mitt skj\u00f8nn en enda sterkere prestasjon enn i fjor\u00e5rets debutsesong. Dette er en klubb som ligger p\u00e5 nedre del av lagene i divisjonen n\u00e5r det gjelder budsjett og ressurser. Derfor er det ekstra sterkt at de n\u00e5 igjen kan spille kvalifisering til Eliteserien.<\/p>\n<p>EIKs suksess er p\u00e5 mange m\u00e5ter naturstridig, men den er slett ingen tilfeldighet. Klubben har vist at alt ikke bare handler om penger. Lag med langt st\u00f8rre ressurser, budsjetter og bedre forutsetninger har gjort det d\u00e5rligere enn EIK i \u00e5r.<\/p>\n<p>Mye av \u00e6ren skal Endre Eide ha for \u00e5 ha tatt arven videre etter forrige suksesstrener Kjell Andr\u00e9 Thu, som la et usedvanlig godt grunnlag. Trenerbyttet har v\u00e6rt s\u00f8ml\u00f8st og strategisk. Suksessformelen ligger nettopp i dette: smarte spillerkj\u00f8p, l\u00e5neavtaler og det \u00e5 sette sammen en god og bred stall. Tilgangen p\u00e5 lokale spillere er ikke god, men den utfordringen har EIK l\u00f8st mesterlig gjennom klok spillerlogistikk.<\/p>\n<p>Resultatet har v\u00e6rt en sunn konkurransementalitet, med sterk konkurranse om plassene gjennom hele \u00e5ret. Det f\u00f8rer til en vinnerkultur hvor alle \u00f8nsker \u2013 og har vist at de kan \u2013 bidra. Formkurven etter sommerferien har v\u00e6rt nesten up\u00e5klagelig; ved siden av Lillestr\u00f8m er EIK laget som har tatt flest poeng. Det er et bevis p\u00e5 at laget er i sitt livs form n\u00e5r det gjelder som mest.<\/p>\n<p>EIK fortjener all mulig ros for den posisjonen klubben n\u00e5 har opparbeidet seg. Men oppslutningen om laget kunne v\u00e6rt bedre. Et tilskuersnitt p\u00e5 hjemmekampene p\u00e5 litt over 800 er ikke d\u00e5rlig, men jeg tror potensialet er st\u00f8rre.<\/p>\n<p>Mange av dem som ikke kommer, er gjerne eigersundere med tilh\u00f8righet til naboklubbene Eiger, Hellvik, Helleland, Moi og Hovsherad. Jeg har stor sans for den sunne rivaliseringen som eksisterer mellom de lokale klubbene, men jeg har vanskelig for \u00e5 forst\u00e5 at denne rivaliseringen skal f\u00f8re til at mange velger bort EIK-kampene. Det tenderer til barnslighet.<\/p>\n<p>Hvorfor? Fordi i kampen om Eliteserien representerer EIK ikke bare Egersund sentrum, men hele Dalane-regionen. Hva i all verden er poenget med \u00e5 snakke ned et lag fra Egersund n\u00e5r man bor like utenfor sentrumskjernen? Jeg skj\u00f8nner det ikke.<\/p>\n<p>P\u00e5 andre omr\u00e5der, for eksempel innenfor n\u00e6ringslivet i Dalane, er man flinke til \u00e5 heie p\u00e5 hverandre. Her finnes det en sterk Eigersund- og Dalane-patriotisme. Den m\u00e5 ogs\u00e5 f\u00e5 lov til \u00e5 skinne gjennom i idretten!<\/p>\n<p>Derfor er det s\u00e5 gledelig \u00e5 registrere det grep klubben har tatt i forkant av Ranheim-kampen: Spillere og ledere fra klubbene i Dalane er invitert, og mange har takket ja. Ting tyder p\u00e5 en n\u00e6rmest fullsatt stadion l\u00f8rdag. Det er akkurat det tigrene har fortjent.<\/p>\n<p>I morgen er det slutt p\u00e5 den barnslige rivaliseringen. Da skal Dalane st\u00e5 samlet bak EIK.<\/p>\n<p>EIKs suksess er en inspirasjon for hele Fotball-Norge. Den beviser at driften er viktigere enn dronene, og at kl\u00f8kt kan utfordre r\u00e5 kapital. N\u00e5 har vi lov \u00e5 dr\u00f8mme.<\/p>\n<p>La oss vise at EIK, en klubb som har bygget seg sten for sten og vist muskler der pengene er f\u00e5, har hele regionen i ryggen n\u00e5r de skal kjempe for Eliteserien.<\/p>\n","protected":false},"excerpt":{"rendered":"L\u00f8rdag kjemper EIK i B&amp;G Parken om \u00e5 ta seg videre i kvalifiseringen til Eliteserien. Mot Ranheim st\u00e5r&hellip;\n","protected":false},"author":2,"featured_media":92696,"comment_status":"","ping_status":"","sticky":false,"template":"","format":"standard","meta":{"footnotes":""},"categories":[59],"tags":[36,1101,92,156,30,28,29,1533,83,82],"class_list":{"0":"post-92695","1":"post","2":"type-post","3":"status-publish","4":"format-standard","5":"has-post-thumbnail","7":"category-sport","8":"tag-art","9":"tag-eik","10":"tag-fotball","11":"tag-meninger","12":"tag-no","13":"tag-norge","14":"tag-norway","15":"tag-opinion","16":"tag-sport","17":"tag-sports"},"share_on_mastodon":{"url":"https:\/\/pubeurope.com\/@no\/115586779281615417","error":""},"_links":{"self":[{"href":"https:\/\/www.europesays.com\/no\/wp-json\/wp\/v2\/posts\/92695","targetHints":{"allow":["GET"]}}],"collection":[{"href":"https:\/\/www.europesays.com\/no\/wp-json\/wp\/v2\/posts"}],"about":[{"href":"https:\/\/www.europesays.com\/no\/wp-json\/wp\/v2\/types\/post"}],"author":[{"embeddable":true,"href":"https:\/\/www.europesays.com\/no\/wp-json\/wp\/v2\/users\/2"}],"replies":[{"embeddable":true,"href":"https:\/\/www.europesays.com\/no\/wp-json\/wp\/v2\/comments?post=92695"}],"version-history":[{"count":0,"href":"https:\/\/www.europesays.com\/no\/wp-json\/wp\/v2\/posts\/92695\/revisions"}],"wp:featuredmedia":[{"embeddable":true,"href":"https:\/\/www.europesays.com\/no\/wp-json\/wp\/v2\/media\/92696"}],"wp:attachment":[{"href":"https:\/\/www.europesays.com\/no\/wp-json\/wp\/v2\/media?parent=92695"}],"wp:term":[{"taxonomy":"category","embeddable":true,"href":"https:\/\/www.europesays.com\/no\/wp-json\/wp\/v2\/categories?post=92695"},{"taxonomy":"post_tag","embeddable":true,"href":"https:\/\/www.europesays.com\/no\/wp-json\/wp\/v2\/tags?post=92695"}],"curies":[{"name":"wp","href":"https:\/\/api.w.org\/{rel}","templated":true}]}}