{"id":92699,"date":"2025-11-21T08:41:08","date_gmt":"2025-11-21T08:41:08","guid":{"rendered":"https:\/\/www.europesays.com\/no\/92699\/"},"modified":"2025-11-21T08:41:08","modified_gmt":"2025-11-21T08:41:08","slug":"nyheter-fyllingsdalen-politiet-leter-etter-mistenkte-etter-snofreser-tyveri","status":"publish","type":"post","link":"https:\/\/www.europesays.com\/no\/92699\/","title":{"rendered":"Nyheter, Fyllingsdalen | Politiet leter etter mistenkte etter sn\u00f8freser-tyveri"},"content":{"rendered":"\n<p>Klokken 0816 fikk politiet melding om tyveri av en sn\u00f8freser i Fyllingsdalen.<\/p>\n<p>\u2013 To personer ble observert da de dyttet denne med seg, skriver operasjonsleder Frode Kolltveit.<\/p>\n<p>Politiet patruljerer n\u00e5 i omr\u00e5det Folke Bernadottes vei, hvor de mistenkte sist ble sett g\u00e5ende p\u00e5 en sti. Sn\u00f8freseren skal tilh\u00f8re en bedrift, og sto plassert inne i et parkeringsanlegg, opplyser operasjonslederen. <\/p>\n<p>\u2013 Sn\u00f8fresen skal v\u00e6re r\u00f8d. Noen \u00e5r gammel og den har ikke kjetting p\u00e5 hjulene, skriver Kolltveit. <\/p>\n<p>Den skal v\u00e6re av uvisst merke. <\/p>\n<p>Kolltveit ber samtidig om at tips til eventuelle observasjoner som kan v\u00e6re av interesse rettes til politiet p\u00e5 tlf. 02800.<\/p>\n","protected":false},"excerpt":{"rendered":"Klokken 0816 fikk politiet melding om tyveri av en sn\u00f8freser i Fyllingsdalen. \u2013 To personer ble observert da&hellip;\n","protected":false},"author":2,"featured_media":1615,"comment_status":"","ping_status":"","sticky":false,"template":"","format":"standard","meta":{"footnotes":""},"categories":[10],"tags":[36,20,21,24,25,5285,15,22,23,13,30,28,29,14,16,1510,26,27,1063],"class_list":{"0":"post-92699","1":"post","2":"type-post","3":"status-publish","4":"format-standard","5":"has-post-thumbnail","7":"category-norge","8":"tag-art","9":"tag-breaking-news","10":"tag-breakingnews","11":"tag-featured-news","12":"tag-featurednews","13":"tag-fyllingsdalen","14":"tag-headlines","15":"tag-latest-news","16":"tag-latestnews","17":"tag-news","18":"tag-no","19":"tag-norge","20":"tag-norway","21":"tag-nyheter","22":"tag-overskrifter","23":"tag-story","24":"tag-top-stories","25":"tag-topstories","26":"tag-tyveri"},"share_on_mastodon":{"url":"https:\/\/pubeurope.com\/@no\/115586799323630531","error":""},"_links":{"self":[{"href":"https:\/\/www.europesays.com\/no\/wp-json\/wp\/v2\/posts\/92699","targetHints":{"allow":["GET"]}}],"collection":[{"href":"https:\/\/www.europesays.com\/no\/wp-json\/wp\/v2\/posts"}],"about":[{"href":"https:\/\/www.europesays.com\/no\/wp-json\/wp\/v2\/types\/post"}],"author":[{"embeddable":true,"href":"https:\/\/www.europesays.com\/no\/wp-json\/wp\/v2\/users\/2"}],"replies":[{"embeddable":true,"href":"https:\/\/www.europesays.com\/no\/wp-json\/wp\/v2\/comments?post=92699"}],"version-history":[{"count":0,"href":"https:\/\/www.europesays.com\/no\/wp-json\/wp\/v2\/posts\/92699\/revisions"}],"wp:featuredmedia":[{"embeddable":true,"href":"https:\/\/www.europesays.com\/no\/wp-json\/wp\/v2\/media\/1615"}],"wp:attachment":[{"href":"https:\/\/www.europesays.com\/no\/wp-json\/wp\/v2\/media?parent=92699"}],"wp:term":[{"taxonomy":"category","embeddable":true,"href":"https:\/\/www.europesays.com\/no\/wp-json\/wp\/v2\/categories?post=92699"},{"taxonomy":"post_tag","embeddable":true,"href":"https:\/\/www.europesays.com\/no\/wp-json\/wp\/v2\/tags?post=92699"}],"curies":[{"name":"wp","href":"https:\/\/api.w.org\/{rel}","templated":true}]}}