{"id":92704,"date":"2025-11-21T08:47:12","date_gmt":"2025-11-21T08:47:12","guid":{"rendered":"https:\/\/www.europesays.com\/no\/92704\/"},"modified":"2025-11-21T08:47:12","modified_gmt":"2025-11-21T08:47:12","slug":"miss-universe-skjonnhetskonkurranse-vant-miss-universe-etter-utskjelling","status":"publish","type":"post","link":"https:\/\/www.europesays.com\/no\/92704\/","title":{"rendered":"Miss Universe, Skj\u00f8nnhetskonkurranse | Vant Miss Universe etter utskjelling"},"content":{"rendered":"\n<p>Den sv\u00e6rt dramatiske missekonkurransen i Bangkok i Thailand endte med heder og \u00e6re for Miss Mexico Fatima Bosch (25). N\u00e5 er hun k\u00e5ret til den 74. Miss Universe. P\u00e5 andre plass kom Miss Thailand Praveenar Singh. Fra Norge deltok Leonora Lysglimt-R\u00f8dland.<\/p>\n<p>\u00c5rets k\u00e5ring har v\u00e6rt omgitt av drama. To av dommerne trakk seg fra konkurransen og anklaget organisasjonen for \u00e5 rigge konkurransen, skriver <a href=\"https:\/\/www.bbc.com\/news\/articles\/cgmxmxljg8mo?at_bbc_team=editorial&amp;at_link_type=web_link&amp;utm_social_handle_id=228735667216&amp;at_ptr_name=facebook_page&amp;at_link_id=07E04CF6-C694-11F0-B7BD-97C03D367A71&amp;at_campaign=Social_Flow&amp;at_format=link&amp;utm_social_post_id=584250067&amp;at_medium=social&amp;at_campaign_type=owned&amp;at_link_origin=BBC_News&amp;fbclid=IwY2xjawOM6a5leHRuA2FlbQIxMQBicmlkETFSZTg2NnJyRkl2YWdEc3Rjc3J0YwZhcHBfaWQQMjIyMDM5MTc4ODIwMDg5MgABHmBK733VeVczylDjRGbHnnycI3oKXW0r4PbPldINyhi-LYiUSMchxikHF9Gy_aem_nF33T5OrOZalNg0ukIwe_Q\" rel=\"Follow nofollow noopener\" target=\"_blank\">BBC<\/a>.<\/p>\n<p>St\u00f8rst oppmerksomhet fikk Fatima Bosch da hun tidlig i november, under en tilstelning i forbindelse med missekonkurransen, ble skjelt ut av den thailandske missegeneralen Nawat Itsaragrisil. Han mente at Bosch ikke hadde gjort nok promotering for konkurransen.<\/p>\n<p>Flere av deltakerne st\u00f8ttet Bosch og gikk av scenen i protest mot den ufine oppf\u00f8rselen til Nawat. Noen tok ogs\u00e5 til orde og ropte tilbake til missegeneralen. Nawat truet da kvinnene med at konkurransen ville fortsette uten dem, hvis de forlot scenen, skrev <a href=\"https:\/\/www.bbc.com\/news\/articles\/cy40q990g28o\" rel=\"Follow nofollow noopener\" target=\"_blank\">BBC<\/a> da.<\/p>\n<p>   <img decoding=\"async\" width=\"5000\" height=\"3333\" fetchpriority=\"low\"  loading=\"lazy\"  src=\"https:\/\/www.europesays.com\/no\/wp-content\/uploads\/2025\/11\/NTB_lf83uAQ2rnA.jpg\" alt=\"Miss Mexico Fatima Bosch, center, is celebrated by other contesters after winning the 2025 Miss Universe pageant in Nonthaburi, north of Bangkok, Thailand, Friday, Nov. 21, 2025. (AP Photo\/Sakchai Lalit)\" class=\"brick-c-cFOWSL\" style=\"--brick-image-ratio: 5000 \/ 3333;\"\/><\/p>\n<p>      GRATULERER: Miss Mexico Fatima Bosch vant Miss Universe konkurransen i Bangkok fredag.<br \/>\n      Foto: Sakchai Lalit (AP\/NTB)\n    <\/p>\n<p>I et emosjonelt intervju etter hendelsen, fortalte Bosch at hun hadde blitt behandlet respektl\u00f8st og blitt kaldt for \u00abdum\u00bb. Nawat avviste dette og sa at han hadde blitt misforst\u00e5tt, men flere skal ha h\u00f8rt at han kaldte Bosch for \u00abdumskalle\u00bb.<\/p>\n<p>Miss Universe organisasjonen (MUO) har senere ford\u00f8mt Nawats \u00abondsinnede\u00bb oppf\u00f8rsel. Den meksikanske medeieren i Miss Universe, Raul Rocha, gikk ut med en <a href=\"https:\/\/www.facebook.com\/reel\/2651968358477454\" rel=\"Follow nofollow noopener\" target=\"_blank\">pressekonferanse <\/a>der han sa at Nawat hadde glemt den virkelige meningen med hva det vil si \u00e5 v\u00e6re vertskap for konkurransen.<\/p>\n<p>   <img decoding=\"async\" width=\"1375\" height=\"888\" fetchpriority=\"low\"  loading=\"lazy\"  src=\"https:\/\/www.europesays.com\/no\/wp-content\/uploads\/2025\/11\/miss.jpg\" alt=\"\" class=\"brick-c-cFOWSL\" style=\"--brick-image-ratio: 1375 \/ 888;\"\/><\/p>\n<p>      KRITISERTE VERTSSKAPET: Medeier i Miss Universe, Raul Rocha, kritiserte det thailandske vertskapet for behandlingen av Fatima Bosch.<br \/>\n      Foto: Miss Universe\n    <\/p>\n<p>Nawat har senere ogs\u00e5 beklaget hendelsen, og n\u00e5 har Bosch f\u00e5tt et reelt plaster p\u00e5 s\u00e5ret gjennom seieren i konkurransen.<\/p>\n<p>    Vil du se neste video?<\/p>\n<p>    <a href=\"https:\/\/www.nettavisen.no\/sport\/her-bryter-kronprins-haakon-inn-nar-prins-sverre-magnus-svarer-pa-italia-sporsmal-fra-norsk-presse\/v\/5-95-2731534\" class=\"recommend-poster\" data-adp-clicklabel=\"video-recommend\" data-adp-clickvalue=\"poster\" rel=\"nofollow noopener\" target=\"_blank\"><br \/>\n      <img decoding=\"async\" width=\"200\" height=\"200\" loading=\"lazy\" src=\"https:\/\/www.europesays.com\/no\/wp-content\/uploads\/2025\/11\/Kronprins+Haakon+til+cue.jpg\" alt=\"\" class=\"brick-c-cFOWSL\" style=\"--brick-image-ratio: 200 \/ 200;\"\/><\/p>\n<p>Her bryter kronprinsen inn0:38<\/p>\n<p>    <\/a><\/p>\n<p>        Under Miss Universe 2025s kostymepresentasjon i Thailand ble Miss Norway, Leonora Lysglimt-R\u00f8dland, kveldens mest omtalte deltaker.<\/p>\n","protected":false},"excerpt":{"rendered":"Den sv\u00e6rt dramatiske missekonkurransen i Bangkok i Thailand endte med heder og \u00e6re for Miss Mexico Fatima Bosch&hellip;\n","protected":false},"author":2,"featured_media":92705,"comment_status":"","ping_status":"","sticky":false,"template":"","format":"standard","meta":{"footnotes":""},"categories":[12],"tags":[20,21,24,25,15,22,23,13,30,28,29,14,16,26,27,42,43,44,45],"class_list":{"0":"post-92704","1":"post","2":"type-post","3":"status-publish","4":"format-standard","5":"has-post-thumbnail","7":"category-verden","8":"tag-breaking-news","9":"tag-breakingnews","10":"tag-featured-news","11":"tag-featurednews","12":"tag-headlines","13":"tag-latest-news","14":"tag-latestnews","15":"tag-news","16":"tag-no","17":"tag-norge","18":"tag-norway","19":"tag-nyheter","20":"tag-overskrifter","21":"tag-top-stories","22":"tag-topstories","23":"tag-verden","24":"tag-world","25":"tag-world-news","26":"tag-worldnews"},"share_on_mastodon":{"url":"https:\/\/pubeurope.com\/@no\/115586822743788936","error":""},"_links":{"self":[{"href":"https:\/\/www.europesays.com\/no\/wp-json\/wp\/v2\/posts\/92704","targetHints":{"allow":["GET"]}}],"collection":[{"href":"https:\/\/www.europesays.com\/no\/wp-json\/wp\/v2\/posts"}],"about":[{"href":"https:\/\/www.europesays.com\/no\/wp-json\/wp\/v2\/types\/post"}],"author":[{"embeddable":true,"href":"https:\/\/www.europesays.com\/no\/wp-json\/wp\/v2\/users\/2"}],"replies":[{"embeddable":true,"href":"https:\/\/www.europesays.com\/no\/wp-json\/wp\/v2\/comments?post=92704"}],"version-history":[{"count":0,"href":"https:\/\/www.europesays.com\/no\/wp-json\/wp\/v2\/posts\/92704\/revisions"}],"wp:featuredmedia":[{"embeddable":true,"href":"https:\/\/www.europesays.com\/no\/wp-json\/wp\/v2\/media\/92705"}],"wp:attachment":[{"href":"https:\/\/www.europesays.com\/no\/wp-json\/wp\/v2\/media?parent=92704"}],"wp:term":[{"taxonomy":"category","embeddable":true,"href":"https:\/\/www.europesays.com\/no\/wp-json\/wp\/v2\/categories?post=92704"},{"taxonomy":"post_tag","embeddable":true,"href":"https:\/\/www.europesays.com\/no\/wp-json\/wp\/v2\/tags?post=92704"}],"curies":[{"name":"wp","href":"https:\/\/api.w.org\/{rel}","templated":true}]}}