{"id":92712,"date":"2025-11-21T08:56:17","date_gmt":"2025-11-21T08:56:17","guid":{"rendered":"https:\/\/www.europesays.com\/no\/92712\/"},"modified":"2025-11-21T08:56:17","modified_gmt":"2025-11-21T08:56:17","slug":"norge-ma-ta-stilling-til-eu-det-er-pa-tide-med-en-ny-folkeavstemning-fvn-no","status":"publish","type":"post","link":"https:\/\/www.europesays.com\/no\/92712\/","title":{"rendered":"(+) Norge m\u00e5 ta stilling til EU. Det er p\u00e5 tide med en ny folkeavstemning. &#8211; fvn.no"},"content":{"rendered":"<ol>\n<li><a href=\"https:\/\/news.google.com\/rss\/articles\/CBMilwFBVV95cUxNZmg0VjhqUVhlREJER2pQQzBLUmZDSkR2TE1tU3JaUlRaaTVXUTlIb0hwQXdfN1BFRmdsY29zV2xBWW1OYVhFWEFPbFZvcnNJYnkyU1l0cHJGNkdTd1pnUERLbV9rWVJ3bGNkS0FwT3gwcEc3WHJDYmdXTnZxNTJBR1Jic21HOUhYRTV4OWpFQ19oNEtqTXU4?oc=5\" target=\"_blank\" rel=\"nofollow noopener\">(+) Norge m\u00e5 ta stilling til EU. Det er p\u00e5 tide med en ny folkeavstemning.<\/a>&nbsp;&nbsp;fvn.no<\/li>\n<li><a href=\"https:\/\/news.google.com\/rss\/articles\/CBMikAFBVV95cUxNQU01U0J4Tnp1akZCRGtiVTROOWZoQWw1eWw4UUtlX3E3Q1FRakw2WXRHTmZrN1pQeGVHUDQwNWxleU1fY0hpM192Wl91TDZFcHdWYVp6QzRrSHprb1Bpc1F6cUFha0tqS2ZuamRURG44UDQ4aU1hM25pOXVsVGdJNTVwd2NIUzUyUWxEcmMwOUc?oc=5\" target=\"_blank\" rel=\"nofollow noopener\">EU innf\u00f8rte jerntoll: Dette ville Norge stemt i dag<\/a>&nbsp;&nbsp;NRK<\/li>\n<li><a href=\"https:\/\/news.google.com\/rss\/articles\/CBMitgFBVV95cUxNZmlCTE1qTnZPYi1Eal8yNFhMdGJxczVydW5xZ2dBOFdLWFM0WkRIbVRKanJ3dzVvb1hOSUdHeFQ5NWVydU5NS2NQVVRRdzJBa1hTZEEwVUh2VUpxODUzTXpaS2hvRGsyV0Fkb21TaVZxTFMyaGpCQnNtUS1TLXJpX1c1cGxCS1ZmTXhFdUFwNzU5LURtUGFJUUFPMFV2dXhJMDFmTEhXTDg1ZFg4X0ZnVjY2WUpBUQ?oc=5\" target=\"_blank\" rel=\"nofollow noopener\">Martin Wien Fjell er ny finansdirekt\u00f8r i Kongsberggruppen<\/a>&nbsp;&nbsp;Dagens N\u00e6ringsliv<\/li>\n<li><a href=\"https:\/\/news.google.com\/rss\/articles\/CBMijwFBVV95cUxOZDJrbC1NekktUE5uSzNDSDIwbzJWOURRSVhtVTFoSVM2RzRMYmVhSEpnVlVOZm5FQS1GNzVlbjlwSlFidXIydEtKVktleF9EYllaZnBZRDktZXQ4MEEyMFh3UVZBb25VZDVDY2ljMlFwQ3JSa2pqRGhJTVItZWp4WEgzVlB0YkJRdTJvOHFxZw?oc=5\" target=\"_blank\" rel=\"nofollow noopener\">Kommer EU-debatten n\u00e5? Ikke v\u00e6r for trygg.<\/a>&nbsp;&nbsp;Aftenposten<\/li>\n<li><a href=\"https:\/\/news.google.com\/rss\/articles\/CBMiigFBVV95cUxQTkpWUGxzdjd4V1E5dzR0eFRxNHRjaExNemJCRkdUQ3BFdDVjVDVXdy1Da251M0VEMmxPOU5RalpMUVYtZlk5LWFlNFA1X2t1aVptR2pKMFltVUhlckFaNGRNcGZVTG9zZU5nWFRZNEY3enV5Q19CWUZRMndRZDFNR0pWcDVWdTRoSmc?oc=5\" target=\"_blank\" rel=\"nofollow noopener\">Vi m\u00e5 slutte \u00e5 sitte p\u00e5 gangen<\/a>&nbsp;&nbsp;fvn.no<\/li>\n<\/ol>\n","protected":false},"excerpt":{"rendered":"(+) Norge m\u00e5 ta stilling til EU. Det er p\u00e5 tide med en ny folkeavstemning.&nbsp;&nbsp;fvn.no EU innf\u00f8rte jerntoll:&hellip;\n","protected":false},"author":2,"featured_media":92713,"comment_status":"","ping_status":"","sticky":false,"template":"","format":"standard","meta":{"footnotes":""},"categories":[10],"tags":[20,21,1388,8265,274,24,25,6629,15,22,23,13,30,28,29,14,16,41,26,27,4520,1572],"class_list":{"0":"post-92712","1":"post","2":"type-post","3":"status-publish","4":"format-standard","5":"has-post-thumbnail","7":"category-norge","8":"tag-breaking-news","9":"tag-breakingnews","10":"tag-demokrati","11":"tag-eos","12":"tag-europa","13":"tag-featured-news","14":"tag-featurednews","15":"tag-folkeavstemning","16":"tag-headlines","17":"tag-latest-news","18":"tag-latestnews","19":"tag-news","20":"tag-no","21":"tag-norge","22":"tag-norway","23":"tag-nyheter","24":"tag-overskrifter","25":"tag-politikk","26":"tag-top-stories","27":"tag-topstories","28":"tag-ukeslutt","29":"tag-utenrikspolitikk"},"share_on_mastodon":{"url":"https:\/\/pubeurope.com\/@no\/115586858000241326","error":""},"_links":{"self":[{"href":"https:\/\/www.europesays.com\/no\/wp-json\/wp\/v2\/posts\/92712","targetHints":{"allow":["GET"]}}],"collection":[{"href":"https:\/\/www.europesays.com\/no\/wp-json\/wp\/v2\/posts"}],"about":[{"href":"https:\/\/www.europesays.com\/no\/wp-json\/wp\/v2\/types\/post"}],"author":[{"embeddable":true,"href":"https:\/\/www.europesays.com\/no\/wp-json\/wp\/v2\/users\/2"}],"replies":[{"embeddable":true,"href":"https:\/\/www.europesays.com\/no\/wp-json\/wp\/v2\/comments?post=92712"}],"version-history":[{"count":0,"href":"https:\/\/www.europesays.com\/no\/wp-json\/wp\/v2\/posts\/92712\/revisions"}],"wp:featuredmedia":[{"embeddable":true,"href":"https:\/\/www.europesays.com\/no\/wp-json\/wp\/v2\/media\/92713"}],"wp:attachment":[{"href":"https:\/\/www.europesays.com\/no\/wp-json\/wp\/v2\/media?parent=92712"}],"wp:term":[{"taxonomy":"category","embeddable":true,"href":"https:\/\/www.europesays.com\/no\/wp-json\/wp\/v2\/categories?post=92712"},{"taxonomy":"post_tag","embeddable":true,"href":"https:\/\/www.europesays.com\/no\/wp-json\/wp\/v2\/tags?post=92712"}],"curies":[{"name":"wp","href":"https:\/\/api.w.org\/{rel}","templated":true}]}}