{"id":92722,"date":"2025-11-21T09:06:10","date_gmt":"2025-11-21T09:06:10","guid":{"rendered":"https:\/\/www.europesays.com\/no\/92722\/"},"modified":"2025-11-21T09:06:10","modified_gmt":"2025-11-21T09:06:10","slug":"jan-eggum-avslorer-brudd-og-ny-kjaereste-i-bergen","status":"publish","type":"post","link":"https:\/\/www.europesays.com\/no\/92722\/","title":{"rendered":"Jan Eggum avsl\u00f8rer brudd og ny kj\u00e6reste i Bergen"},"content":{"rendered":"<p class=\"kicker \" style=\"\">Jan Eggum (74):<\/p>\n<p>  P\u00e5 &#8216;an igjen.. Jan Eggum bekrefter at han b\u00e5de har avsluttet et forhold etter ni \u00e5r &#8211; og funnet kj\u00e6rligheten p\u00e5 nytt.<\/p>\n<p>\n    BRUDD: Jan Eggum og Trine Severinsen var kj\u00e6rester i ni \u00e5r. Forholdet skal ha tatt slutt for en tid siden. N\u00e5 er han forelsket igjen. Foto: Tore Skaar\n  <\/p>\n<p>Visesanger Jan Eggum (74) har de siste \u00e5rene delt tiden mellom Oslo, Bergen og Skien,<br \/>\nder han og den 27 \u00e5r yngre sykepleierkj\u00e6resten Trine Severinsen (46) tidligere<br \/>\nkj\u00f8pte hus sammen.\u00a0<\/p>\n<p class=\"font-weight-bold m-font-weight-bold\" data-lab-font_weight=\"font-weight-bold\">Det var Se og H\u00f8r som i 2017 kunne avsl\u00f8re at han hadde f\u00e5tt <a href=\"https:\/\/www.seher.no\/kjendis\/fant-lykken-med-27-ar-yngre-sykepleier\/70039257\" rel=\"nofollow noopener\" target=\"_blank\">ny kj\u00e6reste<\/a>.<\/p>\n<p>Forholdet var godt kjent i offentligheten, og Eggum har ved flere<br \/>\nanledninger omtalt henne varmt og personlig.<\/p>\n<p>        EN FAVORITT: \u00abCharterfeber\u00bb-s\u00f8strene Gry Lofsberg og Nina Pedersen Ellevog er kjent for en helt spesiell ting. Video: Kine Falch \/ R\u00f8d L\u00f8per<\/p>\n<p>I et intervju med <a href=\"https:\/\/www.bt.no\/kultur\/i\/xrARmQ\/jan-eggum-lader-opp-til-konsertrekken-paa-ole-bull-paa-en-solseng-og-har-faatt-ny-kjaereste\" rel=\"nofollow noopener\" target=\"_blank\">Bergens Tidende <\/a>torsdag kommer det frem at det er slutt mellom dem, og at han igjen har<br \/>\nBergen som base.<\/p>\n<p class=\"font-weight-bold m-font-weight-bold\" data-lab-font_weight=\"font-weight-bold\">Jan Eggum er samtidig tydelig p\u00e5 at han forel\u00f8pig \u00f8nsker \u00e5 skjerme<br \/>\nkvinnen han n\u00e5 er sammen med, og holder henne i skyggen av oppmerksomheten.<\/p>\n<p>Likevel kan han n\u00e5 bekrefte det \u00abryktet forteller\u00bb::<\/p>\n<p>\u00a0<\/p>\n<p>          <img loading=\"lazy\" decoding=\"async\" src=\"https:\/\/www.europesays.com\/no\/wp-content\/uploads\/2025\/11\/83881989.webp\" width=\"686\" height=\"700\" title=\"MUSIKALSK GJENG: I tolv \u00e5r var Jan Eggum kj\u00e6reste og samboer med artisten Kaia Huuse. De fikk barna Bastian og Hennika sammen, og sistnevnte vant blant annet Melodi Grand Prix junior i 2020. I dag er ogs\u00e5 datteren et artisttalent. Foto: Tore Skaar\" alt=\"\" class=\"\" style=\"--aspect-ratio-image: 0.98; \"\/><\/p>\n<p>\n          MUSIKALSK GJENG: I tolv \u00e5r var Jan Eggum kj\u00e6reste og samboer med artisten Kaia Huuse. De fikk barna Bastian og Hennika sammen, og sistnevnte vant blant annet Melodi Grand Prix junior i 2020. I dag er ogs\u00e5 datteren et artisttalent. Foto: Tore Skaar\n      <\/p>\n<p class=\"font-weight-bold m-font-weight-bold\" data-lab-font_weight=\"font-weight-bold\">\u2013 Det eneste jeg har tenkt til \u00e5 svare p\u00e5 er at: Ja, jeg har f\u00e5tt<br \/>\nmeg ny dame! Og hun bor i Bergen.\u00a0<\/p>\n<p>&#8211; Ikke noe mer, hun har ikke lyst til \u00e5 bli kjendis. Det har vart<br \/>\ni et halvt \u00e5r og vi har det veldig bra, understreker Eggum overfor BT.<\/p>\n<p>          <img loading=\"lazy\" decoding=\"async\" src=\"https:\/\/www.europesays.com\/no\/wp-content\/uploads\/2025\/11\/83881976.webp\" width=\"686\" height=\"604\" title=\"AKTIV: Jan Eggum har v\u00e6rt en av Norges mest popul\u00e6re visesangere i en mannsalder. I \u00e5r er det 50 \u00e5r siden han kom ut med sin f\u00f8rste plate, og fortsatt turnerer 74-\u00e5ringen over hele Norge. Foto: Tore Skaar\" alt=\"\" class=\"\" style=\"--aspect-ratio-image: 1.14; \"\/><\/p>\n<p>\n          AKTIV: Jan Eggum har v\u00e6rt en av Norges mest popul\u00e6re visesangere i en mannsalder. I \u00e5r er det 50 \u00e5r siden han kom ut med sin f\u00f8rste plate, og fortsatt turnerer 74-\u00e5ringen over hele Norge. Foto: Tore Skaar\n      <\/p>\n<p>Det er f\u00f8rste gang 74-\u00e5ringen selv sier noe offentlig om de ferske<br \/>\nendringene i privatlivet. Han \u00f8nsker ikke \u00e5 kommentere forholdet utover dette.<\/p>\n<p>Fra tidligere har han tre barn, der de yngste to er med artisten<br \/>\nKaia Huuse (51). De to artistene <a href=\"https:\/\/www.seher.no\/kjendis\/kaia-huuse---jan-er-fremdeles-mannen-i-mitt-liv\/64049531\" rel=\"nofollow noopener\" target=\"_blank\">gikk fra hverandre i 2014.<\/a><\/p>\n<p>          <img loading=\"lazy\" decoding=\"async\" src=\"https:\/\/www.europesays.com\/no\/wp-content\/uploads\/2025\/11\/83881991.webp\" width=\"686\" height=\"378\" title=\"SUKSESS: Jan Eggum (t.h.) var en del av de popul\u00e6re Gitarkameratene p\u00e5 1990-tallet. Her med (f.v.) Lillebj\u00f8rn Nilsen, Halvdan Sivertsen og \u00d8ystein Sunde. Foto: J\u00f8rn H. Moen\" alt=\"\" class=\"\" style=\"--aspect-ratio-image: 1.81; \"\/><\/p>\n<p>\n          SUKSESS: Jan Eggum (t.h.) var en del av de popul\u00e6re Gitarkameratene p\u00e5 1990-tallet. Her med (f.v.) Lillebj\u00f8rn Nilsen, Halvdan Sivertsen og \u00d8ystein Sunde. Foto: J\u00f8rn H. Moen\n      <\/p>\n<p>Selv om privatlivet n\u00e5 tar en ny retning, holder Jan Eggum tempoet<br \/>\noppe p\u00e5 scenen. Han omtales fortsatt som en av landets mest aktive<br \/>\nartister, og g\u00e5r inn i en travel f\u00f8rjulstid med 12 konserter p\u00e5 rekke og<br \/>\nrad hjemme i Bergen.<\/p>\n<p>        \u00c5RETS ROMANSE?: De to deltakerne forteller at de har f\u00e5tt en god tone i l\u00f8pet av deltakelsen i \u00abSkal vi danse\u00bb. Video: Nora Skavhaug\/Thea Hope\/R\u00f8d L\u00f8per<\/p>\n<p class=\"italic m-italic\" data-lab-italic=\"italic\">Jan Eggum har s\u00e5 langt ikke besvart Se og H\u00f8rs henvendelse.<\/p>\n","protected":false},"excerpt":{"rendered":"Jan Eggum (74): P\u00e5 &#8216;an igjen.. Jan Eggum bekrefter at han b\u00e5de har avsluttet et forhold etter ni&hellip;\n","protected":false},"author":2,"featured_media":92723,"comment_status":"","ping_status":"","sticky":false,"template":"","format":"standard","meta":{"footnotes":""},"categories":[58],"tags":[4104,71,12082,479,30,28,29,72],"class_list":{"0":"post-92722","1":"post","2":"type-post","3":"status-publish","4":"format-standard","5":"has-post-thumbnail","7":"category-underholdning","8":"tag-eksklusivt","9":"tag-entertainment","10":"tag-jan-eggum","11":"tag-kjendis","12":"tag-no","13":"tag-norge","14":"tag-norway","15":"tag-underholdning"},"share_on_mastodon":{"url":"https:\/\/pubeurope.com\/@no\/115586897487803782","error":""},"_links":{"self":[{"href":"https:\/\/www.europesays.com\/no\/wp-json\/wp\/v2\/posts\/92722","targetHints":{"allow":["GET"]}}],"collection":[{"href":"https:\/\/www.europesays.com\/no\/wp-json\/wp\/v2\/posts"}],"about":[{"href":"https:\/\/www.europesays.com\/no\/wp-json\/wp\/v2\/types\/post"}],"author":[{"embeddable":true,"href":"https:\/\/www.europesays.com\/no\/wp-json\/wp\/v2\/users\/2"}],"replies":[{"embeddable":true,"href":"https:\/\/www.europesays.com\/no\/wp-json\/wp\/v2\/comments?post=92722"}],"version-history":[{"count":0,"href":"https:\/\/www.europesays.com\/no\/wp-json\/wp\/v2\/posts\/92722\/revisions"}],"wp:featuredmedia":[{"embeddable":true,"href":"https:\/\/www.europesays.com\/no\/wp-json\/wp\/v2\/media\/92723"}],"wp:attachment":[{"href":"https:\/\/www.europesays.com\/no\/wp-json\/wp\/v2\/media?parent=92722"}],"wp:term":[{"taxonomy":"category","embeddable":true,"href":"https:\/\/www.europesays.com\/no\/wp-json\/wp\/v2\/categories?post=92722"},{"taxonomy":"post_tag","embeddable":true,"href":"https:\/\/www.europesays.com\/no\/wp-json\/wp\/v2\/tags?post=92722"}],"curies":[{"name":"wp","href":"https:\/\/api.w.org\/{rel}","templated":true}]}}