{"id":92724,"date":"2025-11-21T09:11:07","date_gmt":"2025-11-21T09:11:07","guid":{"rendered":"https:\/\/www.europesays.com\/no\/92724\/"},"modified":"2025-11-21T09:11:07","modified_gmt":"2025-11-21T09:11:07","slug":"felling-av-arets-juletre-fra-oslo-som-skal-sendes-til-trafalgar-square-i-london-stor-oslo","status":"publish","type":"post","link":"https:\/\/www.europesays.com\/no\/92724\/","title":{"rendered":"Felling av \u00e5rets juletre fra Oslo som skal sendes til Trafalgar Square i London \u2013 Stor-Oslo"},"content":{"rendered":"<p>Akkurat n\u00e5 gj\u00f8res det klart for \u00e5 felle \u00e5rets gran.<\/p>\n<p>Men demonstranter fra Extintion Rebellion har klatret opp i treet, forteller NRKs reporter p\u00e5 stedet. Politiet er tilkalt.<\/p>\n<p>Seksjonssjef i bymilj\u00f8eetaten, Knut Johansson, sto klar for \u00e5 felle treet.<\/p>\n<p>\u2013 Dette er en kjedelig greie. Det gj\u00f8r at vi ikke kan fortsette med en mann oppi treet.<\/p>\n<p>\u2013 N\u00e5 er det noen aksjonister som har funnet ut at de skal gj\u00f8re dette til politikk, kanskje litt feil politikk i forhold til denne handlingen, sier Johansson.<\/p>\n<p>Lord Mayor of Westminster deltar<\/p>\n<p>Etter planen samles store og sm\u00e5 i Grefsenkleiva.<\/p>\n<p>\u00c5rets juletre skal nemlig felles, pakkes og sendes av g\u00e5rde.<\/p>\n<p><img decoding=\"async\"   src=\"data:image\/gif;base64,R0lGODlhAQABAIAAAAAAAP\/\/\/yH5BAEAAAAALAAAAAABAAEAAAIBRAA7\" loading=\"eager\" alt=\"En gr\u00f8nn teleskopkran er synlig i en skog, hvor en person arbeider h\u00f8yt oppe i et gran. Mange h\u00f8ye tr\u00e6r omgir omr\u00e5det, med tydelige n\u00e5letr\u00e6r p\u00e5 begge sider. Det er klar himmel i bakgrunnen, som antyder dagtid. Arbeideren er if\u00f8rt sikkerhetsutstyr og h\u00e5ndterer noe fra toppen av treet.\" title=\"Foto: Nadir Alam \/ NRK\"\/><\/p>\n<p>Foto: Nadir Alam \/ NRK<\/p>\n<p>I London skal treet lyse opp Trafalgar Square.<\/p>\n<p>Slik har tradisjonen v\u00e6rt siden etterkrigstiden.<\/p>\n<p>For mange er det kanskje et av de f\u00f8rste tegnene p\u00e5 at jula n\u00e6rmer seg.<\/p>\n<p>Juletreet p\u00e5 Trafalgar Square<\/p>\n<p>Hvert \u00e5r siden 1947 har Oslo gitt et juletre i gave til London, som et takk for hjelpen under annen verdenskrig.<\/p>\n<p>Juletreet tennes p\u00e5 Trafalgar Square den f\u00f8rste torsdagen i desember.<\/p>\n<p>Treet st\u00e5r til 6. januar.<\/p>\n<p>Kilde: Visitnorway.no<\/p>\n<p>Oslo-ordf\u00f8rer Anne Lindboe og Lord Mayor of Westminster Paul Dimoldenberg er tilstede under fellingen.<\/p>\n<p>Elever fra Maridalen skole og Manglerud skole st\u00e5r for julemusikken.<\/p>\n<p>Etter fellingen plantes et nytt tre.<\/p>\n<p>Det mye omdiskuterte treet<\/p>\n<p>Men gaven har ikke alltid bare brakt julestemning for britene.<\/p>\n<p>I flere \u00e5r har treet blitt m\u00f8tt med latter og kritikk.<\/p>\n<p><strong>Blant annet i 2016 mente britene at treet s\u00e5 ut som en lysende agurk.<\/strong><\/p>\n<p>I 2019 ble det beskrevet som glissent og blodfattig.<\/p>\n<p>Om det blir full \u00abroast\u00bb i \u00e5r gjenst\u00e5r \u00e5 se.\n<\/p>\n<p>    \u2190<\/p>\n<ul data-scroll-container=\"\" role=\"list\" aria-label=\"Bildegalleri\">\n<li><img alt=\"Trafagar square, are we at war with norway\"  width=\"2400\" height=\"2400\" loading=\"lazy\"\/>\n<p>I 2021 sp\u00f8kte noen briter med at treet var en krigserkl\u00e6ring fra Norge. <\/p>\n<\/li>\n<li><img alt=\"Skjermdump fra Twitter\"  width=\"2400\" height=\"2400\" loading=\"lazy\"\/>\n<p>\u00c5ret etter var det mange som sp\u00f8kte med at treet s\u00e5 tynt og slitent ut. <\/p>\n<\/li>\n<li><img alt=\"Skjermdump fra Twitter\"  width=\"2400\" height=\"2400\" loading=\"lazy\"\/>\n<p>For flere mente at det bare var halve treet som kom fram. <\/p>\n<\/li>\n<li><img alt=\"Skjermdump fra Twitter\"  width=\"2400\" height=\"2400\" loading=\"lazy\"\/>\n<p>Kanskje ble det transportert med katapult, sp\u00f8kte en X-bruker.<\/p>\n<\/li>\n<\/ul>\n<p>\u2192<\/p>\n<p>Publisert<\/p>\n<p>21.11.2025, kl. 09.53<\/p>\n<p>Oppdatert<\/p>\n<p>21.11.2025, kl. 10.10<\/p>\n","protected":false},"excerpt":{"rendered":"Akkurat n\u00e5 gj\u00f8res det klart for \u00e5 felle \u00e5rets gran. Men demonstranter fra Extintion Rebellion har klatret opp&hellip;\n","protected":false},"author":2,"featured_media":92725,"comment_status":"","ping_status":"","sticky":false,"template":"","format":"standard","meta":{"footnotes":""},"categories":[5],"tags":[20,21,24,25,15,19,22,23,17,18,13,30,28,29,14,16,26,27],"class_list":{"0":"post-92724","1":"post","2":"type-post","3":"status-publish","4":"format-standard","5":"has-post-thumbnail","7":"category-overskrifter","8":"tag-breaking-news","9":"tag-breakingnews","10":"tag-featured-news","11":"tag-featurednews","12":"tag-headlines","13":"tag-hovedoppslag","14":"tag-latest-news","15":"tag-latestnews","16":"tag-main-news","17":"tag-mainnews","18":"tag-news","19":"tag-no","20":"tag-norge","21":"tag-norway","22":"tag-nyheter","23":"tag-overskrifter","24":"tag-top-stories","25":"tag-topstories"},"share_on_mastodon":{"url":"https:\/\/pubeurope.com\/@no\/115586916911246619","error":""},"_links":{"self":[{"href":"https:\/\/www.europesays.com\/no\/wp-json\/wp\/v2\/posts\/92724","targetHints":{"allow":["GET"]}}],"collection":[{"href":"https:\/\/www.europesays.com\/no\/wp-json\/wp\/v2\/posts"}],"about":[{"href":"https:\/\/www.europesays.com\/no\/wp-json\/wp\/v2\/types\/post"}],"author":[{"embeddable":true,"href":"https:\/\/www.europesays.com\/no\/wp-json\/wp\/v2\/users\/2"}],"replies":[{"embeddable":true,"href":"https:\/\/www.europesays.com\/no\/wp-json\/wp\/v2\/comments?post=92724"}],"version-history":[{"count":0,"href":"https:\/\/www.europesays.com\/no\/wp-json\/wp\/v2\/posts\/92724\/revisions"}],"wp:featuredmedia":[{"embeddable":true,"href":"https:\/\/www.europesays.com\/no\/wp-json\/wp\/v2\/media\/92725"}],"wp:attachment":[{"href":"https:\/\/www.europesays.com\/no\/wp-json\/wp\/v2\/media?parent=92724"}],"wp:term":[{"taxonomy":"category","embeddable":true,"href":"https:\/\/www.europesays.com\/no\/wp-json\/wp\/v2\/categories?post=92724"},{"taxonomy":"post_tag","embeddable":true,"href":"https:\/\/www.europesays.com\/no\/wp-json\/wp\/v2\/tags?post=92724"}],"curies":[{"name":"wp","href":"https:\/\/api.w.org\/{rel}","templated":true}]}}