{"id":92726,"date":"2025-11-21T09:13:22","date_gmt":"2025-11-21T09:13:22","guid":{"rendered":"https:\/\/www.europesays.com\/no\/92726\/"},"modified":"2025-11-21T09:13:22","modified_gmt":"2025-11-21T09:13:22","slug":"dagens-horoskop-for-fredag-21-november","status":"publish","type":"post","link":"https:\/\/www.europesays.com\/no\/92726\/","title":{"rendered":"Dagens horoskop for fredag 21. november"},"content":{"rendered":"<p>Hver dag vil v\u00e5r astrolog Sol gi deg et innblikk i fremtiden. Er du nysgjerrig p\u00e5 kj\u00e6rlighet, jobb, \u00f8konomi, venner eller kanskje familie? La stjernetegnet ditt vise vei. Pssst, <a href=\"https:\/\/www.kk.no\/horoskop\" rel=\"nofollow noopener\" target=\"_blank\">her finner du v\u00e5rt ukeshoroskop<\/a>.<\/p>\n<p class=\"font-weight-bold m-font-weight-bold\" data-lab-font_weight=\"font-weight-bold\">Nedenfor finner du horoskopet for fredag 21. november.<\/p>\n<p>    <a itemprop=\"url\" href=\"https:\/\/www.kk.no\/horoskop\" rel=\"nofollow noopener\" target=\"_blank\"><\/p>\n<p>      <img loading=\"lazy\" decoding=\"async\" src=\"https:\/\/www.europesays.com\/no\/wp-content\/uploads\/2025\/11\/1763716393_599_83642054.webp\" width=\"147\" height=\"98\" title=\"Her finner du ALT om horoskop\" alt=\"\" class=\"lazyload\" style=\"--aspect-ratio-image: 1.50; \"\/><\/p>\n<p>        Her finner du ALT om horoskop<\/p>\n<p>    <\/a><\/p>\n<p>    KKs Astrolog<\/p>\n<ul>\n<li>Sol W. Jonassen (46).<\/li>\n<li>Utdannet Evolusjon\u00e6r Astrolog, Soulflow terapeut og meditasjonsinstrukt\u00f8r.<\/li>\n<li>Har jobbet internasjonalt med \u00e5 holde foredrag og undervise i 20 \u00e5r.<\/li>\n<\/ul>\n<p>      Vis mer<br \/>\n      Vis mindre<\/p>\n<p>V\u00c6REN\t<\/p>\n<p>F\u00f8dt: 21. mars\u201320. april<\/p>\n<p> Det er noe som r\u00f8rer seg under overflaten, og du har s\u00e5 vidt f\u00e5tt en liten forsmak p\u00e5 hva det handler om \u2013 men<br \/>\nforel\u00f8pig<br \/>\nikke mer. Selv om du kjenner et sterkt \u00f8nske om forandring, m\u00e5 du f\u00f8rst<br \/>\ngjennom en indre prosess. Det handler om \u00e5 skille mellom det som virkelig<br \/>\nkaller p\u00e5 deg, og det som bare er en dr\u00f8m du liker tanken p\u00e5. Du vet at du ikke finner ekte motivasjon f\u00f8r du er sikker p\u00e5<br \/>\nhva du faktisk vil. I mellomtiden l\u00e6rer du deg selv bedre \u00e5 kjenne, og det krever b\u00e5de ro og t\u00e5lmodighet. Stol p\u00e5<br \/>\nprosessen \u2013 til v\u00e5ren<br \/>\nvil du f\u00f8le<br \/>\ndeg langt mer klar til \u00e5 ta det neste steget. <\/p>\n<p>    <a itemprop=\"url\" href=\"https:\/\/www.kk.no\/horoskop\/herregud-er-du-en-av-de-astrologi-jentene-sa-han\/83613087\" rel=\"nofollow noopener\" target=\"_blank\"><\/p>\n<p>      <img loading=\"lazy\" decoding=\"async\" src=\"https:\/\/www.europesays.com\/no\/wp-content\/uploads\/2025\/11\/1763716394_222_83613190.webp\" width=\"147\" height=\"98\" title=\"\u00abHerregud, er du en av de astrologi-jentene?\u00bb, sa han\" alt=\"\" class=\"lazyload\" style=\"--aspect-ratio-image: 1.50; \"\/><\/p>\n<p>        \u00abHerregud, er du en av de astrologi-jentene?\u00bb, sa han<\/p>\n<p>    <\/a><\/p>\n<p>TYREN\t<\/p>\n<p>F\u00f8dt: 21. april\u201321. mai<\/p>\n<p> Du er klar for en pause, og t\u00e5lmodigheten din er merkbart tynnslitt. Kanskje<br \/>\nhar det v\u00e6rt<br \/>\nlitt for mye den siste tiden, og n\u00e5 kjenner du deg rett og slett mett. Hvis du<br \/>\nhar sjonglert oppgaver og ansvar i ett sett, kan det n\u00e5 oppst\u00e5 et merkelig<br \/>\ntomrom \u2013 du vet ikke helt hva du skal gj\u00f8re med tiden som plutselig \u00e5pner seg. Og om du ikke finner m\u00e5l og mening akkurat i dag, gj\u00f8r det egentlig noe? Kan du unne deg en dag hvor<br \/>\ndu bare flyter med uten krav, planer eller forventninger? Gi rom for fred og<br \/>\nro. Bruk tiden p\u00e5 \u00e5 ta vare p\u00e5 deg selv. <\/p>\n<p>    <a itemprop=\"url\" href=\"https:\/\/www.kk.no\/helse\/gynekolog-camilla-har-ett-rad-hun-ofte-gir-til-kvinner-over-50-med-overgangsplager\/83601683\" rel=\"nofollow noopener\" target=\"_blank\"><\/p>\n<p>      <img loading=\"lazy\" decoding=\"async\" src=\"https:\/\/www.europesays.com\/no\/wp-content\/uploads\/2025\/11\/1763716395_7_83635925.webp\" width=\"980\" height=\"441\" title=\"Gynekolog Camilla har ett r\u00e5d hun ofte gir til kvinner over 50 med overgangsplager\" alt=\"\" class=\"lazyload\" style=\"--aspect-ratio-image: 2.22; \"\/><\/p>\n<p>        Gynekolog Camilla har ett r\u00e5d hun ofte gir til kvinner over 50 med overgangsplager<\/p>\n<p>    <\/a><\/p>\n<p>TVILLINGENE\t<\/p>\n<p>F\u00f8dt: 22. mai\u201321. juni<\/p>\n<p> N\u00e5r du<br \/>\ner i tvil, kan det l\u00f8nne<br \/>\nseg \u00e5 hente frem tidligere erfaringer. Du vil raskt se at situasjonen du st\u00e5r i n\u00e5 ligner noe du har v\u00e6rt gjennom f\u00f8r. Den gangen tok det kanskje lang tid \u00e5 komme<br \/>\nfrem til det rette valget, men du l\u00e6rte ogs\u00e5 hvorfor det tok s\u00e5 lang tid. Denne<br \/>\ngangen trenger du ikke g\u00e5 den samme runden. Hvis du lytter til historien din,<br \/>\nkan du spare deg selv for b\u00e5de stress og un\u00f8dvendig smerte. Selv om noe virker fristende<br \/>\neller spennende, vet du innerst inne hva som faktisk er klokt. Husk hva du<br \/>\negentlig \u00f8nsker<br \/>\np\u00e5 sikt. <\/p>\n<p>KREPSEN\t<\/p>\n<p>F\u00f8dt: 22. juni\u201322. juli<\/p>\n<p> Noen ganger handler alt om vilje. Selv om du har<br \/>\nfortalt deg selv at noe er utenfor din kontroll, at du ikke kan gj\u00f8re noe med det, eller at alt er for vanskelig,<br \/>\nvil du n\u00e5 se at dette i stor grad har v\u00e6rt unnskyldninger. Du kan mer enn du tror, og du<br \/>\ner sterkere enn du forst\u00e5r. Det betyr ikke at det du st\u00e5r i, ikke er skummelt \u2013<br \/>\nfor det kan det v\u00e6re.<br \/>\nMen mot er ikke frav\u00e6r av frykt; det er evnen til \u00e5 g\u00e5 gjennom den.<br \/>\nFinn en m\u00e5te<br \/>\n\u00e5 kjenne p\u00e5 de ubehagelige f\u00f8lelsene uten \u00e5 la dem stoppe deg fra \u00e5 gj\u00f8re det som er riktig og sunt. <\/p>\n<p>    <a itemprop=\"url\" href=\"https:\/\/www.kk.no\/horoskop\/disse-fargene-passer-til-ditt-stjernetegn\/83612667\" rel=\"nofollow noopener\" target=\"_blank\"><\/p>\n<p>      <img loading=\"lazy\" decoding=\"async\" src=\"https:\/\/www.europesays.com\/no\/wp-content\/uploads\/2025\/11\/1763716396_126_83612841.webp\" width=\"147\" height=\"98\" title=\"Disse fargene passer til ditt stjernetegn\" alt=\"\" class=\"lazyload\" style=\"--aspect-ratio-image: 1.50; \"\/><\/p>\n<p>        Disse fargene passer til ditt stjernetegn<\/p>\n<p>    <\/a><\/p>\n<p>L\u00d8VEN\t<\/p>\n<p>F\u00f8dt: 23. juli\u201323. august<\/p>\n<p> Merkurs retrograde ferd gjennom din sektor for<br \/>\ntrygghet, n\u00e6rhet<br \/>\nog privatliv vender blikket ditt innover. Dette er en mer innadvendt periode,<br \/>\nog hvis du vanligvis er sosial og utadvendt, kan det overraske deg at det ytre<br \/>\nlivet ikke frister like mye n\u00e5. Du trekkes mot det som virkelig inspirerer<br \/>\ndeg, og for \u00e5 komme dit m\u00e5 du ogs\u00e5 v\u00e6re bevisst p\u00e5 hva \u2013 og hvem \u2013 du forplikter deg<br \/>\ntil. Sett tydelige grenser for hvor mye tid og energi andre f\u00e5r ta, og gj\u00f8r livet s\u00e5 enkelt som mulig.<br \/>\nDenne indre prosessen trenger rom, og du gj\u00f8r klokt i \u00e5 gi den nettopp det. <\/p>\n<p>    <a itemprop=\"url\" href=\"https:\/\/www.kk.no\/mamma\/datteren-var-utnytter-oss-hun-vet-at-vi-stiller-opp-med-en-gang-hvis-det-er-noe\/83215207\" rel=\"nofollow noopener\" target=\"_blank\"><\/p>\n<p>      <img loading=\"lazy\" decoding=\"async\" src=\"https:\/\/www.europesays.com\/no\/wp-content\/uploads\/2025\/11\/1763716397_761_83217342.webp\" width=\"980\" height=\"441\" title=\"- Datteren v\u00e5r utnytter oss. Hun vet at vi stiller opp med \u00e9n gang hvis det er noe\" alt=\"\" class=\"lazyload\" style=\"--aspect-ratio-image: 2.22; \"\/><\/p>\n<p>        &#8211; Datteren v\u00e5r utnytter oss. Hun vet at vi stiller opp med \u00e9n gang hvis det er noe<\/p>\n<p>    <\/a><\/p>\n<p>JOMFRUEN\t<\/p>\n<p>F\u00f8dt: 24. august\u201323. september<\/p>\n<p> Etter noen krevende dager kan du endelig kjenne<br \/>\nat energien skifter. Kanskje v\u00e5kner du med mer motivasjon og et glimt av ekte<br \/>\nglede over det som ligger foran deg. Det kan v\u00e6re den gode fredagstemningen, men det kan ogs\u00e5 v\u00e6re noe dypere. De siste dagene har kanskje vist<br \/>\ndeg hva som virkelig betyr noe, og n\u00e5 f\u00e5r du<br \/>\nlyst til \u00e5 handle p\u00e5 det. Skal du finne ekte mening, m\u00e5<br \/>\ndu lytte til hjertet ditt. F\u00f8lg det som gir glede, og la det v\u00e6re utgangspunktet for det du skaper. Vil du noe,<br \/>\nm\u00e5 du ogs\u00e5 handle p\u00e5 det &#8211; og da m\u00e5 du unng\u00e5 \u00e5 tenke for mye. Hopp i det! <\/p>\n<p>    <a itemprop=\"url\" href=\"https:\/\/www.kk.no\/horoskop\/hvem-er-du-mest-lik-i-sex-og-singelliv-basert-pa-ditt-stjernetegn\/83611279\" rel=\"nofollow noopener\" target=\"_blank\"><\/p>\n<p>      <img loading=\"lazy\" decoding=\"async\" src=\"https:\/\/www.europesays.com\/no\/wp-content\/uploads\/2025\/11\/1763716398_68_83611962.webp\" width=\"147\" height=\"109\" title=\"Hvem er du mest lik i \u00abSex og singelliv\u00bb - basert p\u00e5 ditt stjernetegn?\" alt=\"\" class=\"lazyload\" style=\"--aspect-ratio-image: 1.35; \"\/><\/p>\n<p>        Hvem er du mest lik i \u00abSex og singelliv\u00bb &#8211; basert p\u00e5 ditt stjernetegn?<\/p>\n<p>    <\/a><\/p>\n<p>VEKTEN\t<\/p>\n<p>F\u00f8dt: 24. september\u201323. oktober<\/p>\n<p> Mars sin ferd gjennom din sektor for<br \/>\nkommunikasjon og n\u00e6rmilj\u00f8 kan gj\u00f8re deg rastl\u00f8s og klar for eventyr. Du kjenner energien bygge<br \/>\nseg opp, men utfordringen er at du ikke helt vet hva du vil &#8211; og da kan du<br \/>\nhoppe fra id\u00e9 til<br \/>\nid\u00e9 uten \u00e5 lande noe som gir mening. Dagens kosmiske vind<br \/>\ngj\u00f8r<br \/>\ndet vanskelig \u00e5 fokusere, og tankene kan skifte retning p\u00e5 et \u00f8yeblikk.<br \/>\nN\u00e5r<br \/>\nhodet er overbelastet, er det kroppen som trenger oppmerksomhet. Bevegelse kan<br \/>\ngi deg klarhet. Kom deg ut i naturen, ta en yogatime eller g\u00e5 p\u00e5 gymmen. Alt du<br \/>\ngir kroppen n\u00e5,<br \/>\ngir deg ro, fokus og ny kraft. <\/p>\n<p>    <a itemprop=\"url\" href=\"https:\/\/www.kk.no\/horoskop\/hvilken-katt-passer-ditt-stjernetegn-1\/82220027\" rel=\"nofollow noopener\" target=\"_blank\"><\/p>\n<p>      <img loading=\"lazy\" decoding=\"async\" src=\"https:\/\/www.europesays.com\/no\/wp-content\/uploads\/2025\/11\/1763716399_956_82220053.webp\" width=\"147\" height=\"98\" title=\"Hvilken katt passer ditt stjernetegn?\" alt=\"\" class=\"lazyload\" style=\"--aspect-ratio-image: 1.50; \"\/><\/p>\n<p>        Hvilken katt passer ditt stjernetegn?<\/p>\n<p>    <\/a><\/p>\n<p>SKORPIONEN\t<\/p>\n<p>F\u00f8dt: 24. oktober\u201322. november<\/p>\n<p> Om du trodde det hadde skjedd nok allerede, vil<br \/>\ni dag vise deg at det faktisk var plass til litt mer. Det er nesten utrolig<br \/>\nhvor mye intensitet som kan pakkes inn i \u00e9n uke. Som prikken over i-en danner Solen en<br \/>\nopposisjon til Uranus, og det kan kjennes som om bakken under deg vibrerer.<br \/>\nNoen tektoniske plater i livet ditt er i ferd med \u00e5 flytte p\u00e5 seg \u2013 endringer<br \/>\ndu innerst inne har v\u00e6rt forberedt p\u00e5, men som likevel kan f\u00f8les plutselige n\u00e5r de f\u00f8rst skjer. Ta ett skritt av gangen og unng\u00e5 \u00e5<br \/>\ntenke for langt frem. Du er p\u00e5 vei dit du skal, og du kommer dit i riktig<br \/>\ntempo. <\/p>\n<p>    <a itemprop=\"url\" href=\"https:\/\/www.kk.no\/horoskop\/dette-stjernetegnet-er-flest-fodt-i-1\/83272024\" rel=\"nofollow noopener\" target=\"_blank\"><\/p>\n<p>      <img loading=\"lazy\" decoding=\"async\" src=\"https:\/\/www.europesays.com\/no\/wp-content\/uploads\/2025\/11\/1763716399_295_83272365.webp\" width=\"147\" height=\"98\" title=\"Dette stjernetegnet er flest f\u00f8dt i\" alt=\"\" class=\"lazyload\" style=\"--aspect-ratio-image: 1.50; \"\/><\/p>\n<p>        Dette stjernetegnet er flest f\u00f8dt i<\/p>\n<p>    <\/a><\/p>\n<p>SKYTTEN<\/p>\n<p>F\u00f8dt: 23. november\u201321. desember<\/p>\n<p> Noen ganger ligger problemet rett og slett<br \/>\nmellom \u00f8rene.<br \/>\nDet er lett \u00e5 skylde p\u00e5 ytre omstendigheter \u2013 og ja, de spiller en rolle \u2013<br \/>\nmen dagens kosmiske energi peker f\u00f8rst og fremst mot dine egne holdninger og<br \/>\nhvordan du ser p\u00e5 deg selv og dine muligheter. Dersom selvtilliten vakler, kan<br \/>\ndu ubevisst skape en virkelighet som speiler nettopp den tvilen. N\u00e5 f\u00e5r du en sjelden anledning til \u00e5 justere<br \/>\ntankesettet ditt. Ved \u00e5 gi slipp p\u00e5 gamle<br \/>\nm\u00f8nstre og begrensende holdninger, \u00e5pner du rom for mer tro p\u00e5 deg selv. Ikke st\u00e5 i<br \/>\nveien for din egen vekst. <\/p>\n<p>    <a itemprop=\"url\" href=\"https:\/\/www.kk.no\/helse\/har-fastlegen-din-fatt-et-varsel\/83851326\" rel=\"nofollow noopener\" target=\"_blank\"><\/p>\n<p>      <img loading=\"lazy\" decoding=\"async\" src=\"https:\/\/www.europesays.com\/no\/wp-content\/uploads\/2025\/11\/83817167.webp\" width=\"980\" height=\"441\" title=\"Har fastlegen din f\u00e5tt et varsel?\" alt=\"\" class=\"lazyload\" style=\"--aspect-ratio-image: 2.22; \"\/><\/p>\n<p>        Har fastlegen din f\u00e5tt et varsel?<\/p>\n<p>    <\/a><\/p>\n<p>STEINBUKKEN<\/p>\n<p>F\u00f8dt: 22. desember\u201320. januar<\/p>\n<p> M\u00e5nen beveger seg gjennom Mars\u2019 territorium<br \/>\ni din sektor for sannhet og spiritualitet, og dette kan gi deg dypere innsikt i<br \/>\net forhold eller en n\u00e6r forbindelse. Hvis du har klamret deg til en<br \/>\nillusjon, kan den begynne \u00e5 sl\u00e5 sprekker<br \/>\nn\u00e5 \u2013 og det kan vekke sterke f\u00f8lelser som sinne eller frustrasjon. Selv om du<br \/>\nvanligvis er rolig og behersket, kan det v\u00e6re vanskelig \u00e5 holde igjen akkurat n\u00e5. La det v\u00e6re greit. Det er sunt \u00e5 uttrykke det du f\u00f8ler og st\u00e5 opp for dine behov.<br \/>\n\u00c6rlighet skaper rom for virkelig vekst og forst\u00e5else. <\/p>\n<p>    <a itemprop=\"url\" href=\"https:\/\/www.kk.no\/horoskop\/stjernetegn-derfor-passer-disse-best-sammen\/81823767\" rel=\"nofollow noopener\" target=\"_blank\"><\/p>\n<p>      <img loading=\"lazy\" decoding=\"async\" src=\"https:\/\/www.europesays.com\/no\/wp-content\/uploads\/2025\/11\/1763716401_902_81824059.webp\" width=\"147\" height=\"98\" title=\"Stjernetegn: Derfor passer disse best sammen\" alt=\"\" class=\"lazyload\" style=\"--aspect-ratio-image: 1.50; \"\/><\/p>\n<p>        Stjernetegn: Derfor passer disse best sammen<\/p>\n<p>    <\/a><\/p>\n<p>VANNMANNEN<\/p>\n<p>F\u00f8dt: 21. januar\u201318. februar<\/p>\n<p> Selv om du b\u00e5de har sterk vilje og stor handlekraft, betyr det ikke<br \/>\nat du alltid b\u00f8r<br \/>\nbruke dem for fullt. Noen ganger er det klokere \u00e5 trekke pusten, slippe taket<br \/>\nog la ting f\u00e5 utvikle seg i sitt eget tempo. Dette gjelder spesielt n\u00e5r du merker at innsatsen din ikke gir de<br \/>\nresultatene du h\u00e5pet<br \/>\np\u00e5.<br \/>\nKanskje er ikke tiden helt inne \u2013 kanskje trenger du rett og slett \u00e5 \u00f8ve p\u00e5 \u00e5<br \/>\nta imot i stedet for \u00e5 gi. Ofte kommer det beste n\u00e5r man ikke presser p\u00e5.<br \/>\nGi det som f\u00f8les<br \/>\nnaturlig, men ikke mer enn det. La rommet du skaper, \u00e5pne d\u00f8ren for det som vil finne veien tilbake til deg. <\/p>\n<p>FISKENE<\/p>\n<p>F\u00f8dt: 19. februar\u201320. mars<\/p>\n<p> Du er vanligvis ikke typen som gidder \u00e5 kaste<br \/>\nbort energi p\u00e5 krangler, men n\u00e5 ser du at om du ikke sier ifra, vil de som roper h\u00f8yest f\u00e5 viljen sin. Med Mars og M\u00e5nen i din sektor for ansvar og ledelse blir du<br \/>\nmotivert til \u00e5 st\u00e5 opp mot urettferdighet og kjempe for det du mener er riktig.<br \/>\nSelv om du til tider kan v\u00e6re litt konfliktsky, har du godt av \u00e5 kjenne p\u00e5<br \/>\ndisse kreftene i deg n\u00e5. Det handler ikke om \u00e5 skape drama, men om \u00e5<br \/>\nvise ryggrad. Motstand kan f\u00f8les ubehagelig, men den vil styrke deg \u2013 og<br \/>\nhjelpe deg \u00e5 st\u00e5 enda st\u00f8digere. <\/p>\n<p>    <a itemprop=\"url\" href=\"https:\/\/www.kk.no\/horoskop\/stort-dufthoroskop\/83256755\" rel=\"nofollow noopener\" target=\"_blank\"><\/p>\n<p>      <img loading=\"lazy\" decoding=\"async\" src=\"https:\/\/www.europesays.com\/no\/wp-content\/uploads\/2025\/11\/1763716402_903_83271687.webp\" width=\"147\" height=\"98\" title=\"Stort dufthoroskop\" alt=\"\" class=\"lazyload\" style=\"--aspect-ratio-image: 1.50; \"\/><\/p>\n<p>        Stort dufthoroskop<\/p>\n<p>    <\/a><\/p>\n","protected":false},"excerpt":{"rendered":"Hver dag vil v\u00e5r astrolog Sol gi deg et innblikk i fremtiden. Er du nysgjerrig p\u00e5 kj\u00e6rlighet, jobb,&hellip;\n","protected":false},"author":2,"featured_media":79696,"comment_status":"","ping_status":"","sticky":false,"template":"","format":"standard","meta":{"footnotes":""},"categories":[58],"tags":[4065,4064,71,4063,30,28,29,4066,72],"class_list":{"0":"post-92726","1":"post","2":"type-post","3":"status-publish","4":"format-standard","5":"has-post-thumbnail","7":"category-underholdning","8":"tag-astrologi","9":"tag-dagens_horoskop","10":"tag-entertainment","11":"tag-horoskop","12":"tag-no","13":"tag-norge","14":"tag-norway","15":"tag-stjernetegn","16":"tag-underholdning"},"share_on_mastodon":{"url":"https:\/\/pubeurope.com\/@no\/115586925274648624","error":""},"_links":{"self":[{"href":"https:\/\/www.europesays.com\/no\/wp-json\/wp\/v2\/posts\/92726","targetHints":{"allow":["GET"]}}],"collection":[{"href":"https:\/\/www.europesays.com\/no\/wp-json\/wp\/v2\/posts"}],"about":[{"href":"https:\/\/www.europesays.com\/no\/wp-json\/wp\/v2\/types\/post"}],"author":[{"embeddable":true,"href":"https:\/\/www.europesays.com\/no\/wp-json\/wp\/v2\/users\/2"}],"replies":[{"embeddable":true,"href":"https:\/\/www.europesays.com\/no\/wp-json\/wp\/v2\/comments?post=92726"}],"version-history":[{"count":0,"href":"https:\/\/www.europesays.com\/no\/wp-json\/wp\/v2\/posts\/92726\/revisions"}],"wp:featuredmedia":[{"embeddable":true,"href":"https:\/\/www.europesays.com\/no\/wp-json\/wp\/v2\/media\/79696"}],"wp:attachment":[{"href":"https:\/\/www.europesays.com\/no\/wp-json\/wp\/v2\/media?parent=92726"}],"wp:term":[{"taxonomy":"category","embeddable":true,"href":"https:\/\/www.europesays.com\/no\/wp-json\/wp\/v2\/categories?post=92726"},{"taxonomy":"post_tag","embeddable":true,"href":"https:\/\/www.europesays.com\/no\/wp-json\/wp\/v2\/tags?post=92726"}],"curies":[{"name":"wp","href":"https:\/\/api.w.org\/{rel}","templated":true}]}}