{"id":92739,"date":"2025-11-21T09:27:10","date_gmt":"2025-11-21T09:27:10","guid":{"rendered":"https:\/\/www.europesays.com\/no\/92739\/"},"modified":"2025-11-21T09:27:10","modified_gmt":"2025-11-21T09:27:10","slug":"marcus-martinus-inntar-unity-arena","status":"publish","type":"post","link":"https:\/\/www.europesays.com\/no\/92739\/","title":{"rendered":"Marcus &#038; Martinus inntar Unity Arena"},"content":{"rendered":"\n<p class=\"_lead_o9xde_2 _lead_xtcu6_50 layout-component text-serif-m layout-normal text-serif-l layout-component layout-wide layout-padded _wide_17hqh_1 layout-padded\">Skal fylle to av Nordens st\u00f8rste arenaer neste \u00e5r.<\/p>\n<p><img alt=\"Marcus &amp; Martinus sl\u00e5r p\u00e5 stortromma neste \u00e5r. Foto: Tove Floss\" class=\"_image_qp4xg_65 layout-component layout-wide\" data-fullscreen- data-track-element-type=\"Article image fullscreen\" data-track-name=\"ImageFullscreen\" fetchpriority=\"high\" decoding=\"sync\" loading=\"eager\" height=\"853\" itemprop=\"image\"  src=\"https:\/\/www.europesays.com\/no\/wp-content\/uploads\/2025\/11\/32236504-4d17-4a38-9e2b-1508127e6058\"  style=\"object-position:49.3359375% 52.579132473622515%\" width=\"1280\"\/>Marcus &amp; Martinus sl\u00e5r p\u00e5 stortromma neste \u00e5r. Foto: Tove Floss<\/p>\n<ul aria-hidden=\"true\" class=\"_images_18f0k_111\">\n<li><a class=\"_link_18f0k_116\" href=\"https:\/\/www.vg.no\/forfatter\/stein-oestboe\" style=\"z-index:1\" title=\"Stein \u00d8stb\u00f8\" rel=\"nofollow noopener\" target=\"_blank\"><img alt=\"Bilde av Stein \u00d8stb\u00f8\" class=\"_image_18f0k_93\" fetchpriority=\"low\" loading=\"lazy\" decoding=\"async\" itemprop=\"image\"  src=\"https:\/\/www.europesays.com\/no\/wp-content\/uploads\/2025\/11\/1763717229_390_22e70fc8-5f6d-446c-8991-a91d598e4754\"  width=\"480\"\/><\/a><\/li>\n<\/ul>\n<p> Oppdatert fredag 21. november kl. 09:59     <\/p>\n<p class=\"_paragraph_o9xde_4 _paragraph_xtcu6_10 layout-component text-serif-m layout-normal text-serif-m layout-padded\">Den 8. mai i 2026 lover <a href=\"https:\/\/www.vg.no\/tag\/marcus-martinus?utm_source=vg-article&amp;utm_medium=auto-tagger&amp;utm_campaign=lngwRA\" class=\"_link_o9xde_39\" rel=\"nofollow noopener\" target=\"_blank\">Marcus &amp; Martinus<\/a> (23) \u00e5 holde sitt hittil st\u00f8rste og mest gjennomarbeide show s\u00e5 langt i karrieren i Unity Arena p\u00e5 Fornebu utenfor Oslo. Senere p\u00e5 turneen st\u00e5r ogs\u00e5 vel s\u00e5 store Avicii Arena &#8211; tidligere Globen &#8211; i Stockholm for tur.<\/p>\n<p class=\"_paragraph_o9xde_4 _paragraph_xtcu6_10 layout-component text-serif-m layout-normal text-serif-m layout-padded\">\u2013 En mektig og stor arena som vi endelig skal f\u00e5 pr\u00f8ve oss i! skriver Marcus &amp; Martinus (M&amp;M) i en mail til VG om storstua p\u00e5 Fornebu.<\/p>\n<p class=\"_paragraph_o9xde_4 _paragraph_xtcu6_10 layout-component text-serif-m layout-normal text-serif-m layout-padded\">\u2013 Det blir desidert den beste konserten vi noen gang har lagd og gleder oss til \u00e5 vise den for dere i b\u00e5de Unity Arena og Avicii Arena i Stockholm.<\/p>\n<p><img alt=\"Marcus &amp; Martinus p\u00e5 scenen i Stockholm i sommer.  Foto: Jessica Gow\/TT \/ TT Nyhetsbyr\u00e5n \/ NTB\" class=\"_image_qp4xg_65 layout-component layout-normal\" data-fullscreen- data-track-element-type=\"Article image fullscreen\" data-track-name=\"ImageFullscreen\" decoding=\"async\" loading=\"lazy\" height=\"4688\" itemprop=\"image\"  src=\"https:\/\/www.europesays.com\/no\/wp-content\/uploads\/2025\/11\/3a1cbf6e-3b74-490e-aca7-aed818432541\"  style=\"object-position:53.63636363636364% 55.39675767918089%\" width=\"7040\"\/>Marcus &amp; Martinus p\u00e5 scenen i Stockholm i sommer.  Foto: Jessica Gow\/TT \/ TT Nyhetsbyr\u00e5n \/ NTB<\/p>\n<p class=\"_paragraph_o9xde_4 _paragraph_xtcu6_10 layout-component text-serif-m layout-normal text-serif-m layout-padded\">Konserten &#8211; og neste \u00e5rs Europaturn\u00e9 &#8211; er basert p\u00e5 duoens ferske plate \u00abThe Room\u00bb, og det m\u00e5 kanskje ansees som en utfordring \u00e5 skape romf\u00f8lelse i s\u00e5 sv\u00e6re arenaer.<\/p>\n<p class=\"_paragraph_o9xde_4 _paragraph_xtcu6_10 layout-component text-serif-m layout-normal text-serif-m layout-padded\">\u2013 \u00abThe Room-opplevelsen handler om at vi tar med alle sammen inn i et rom hvor alle kan f\u00e5 v\u00e6re seg selv og v\u00e6re stolte over det. I dag blir alle s\u00e5 lett d\u00f8mt for hva de liker innen musikk, eller andre personlige preferanser. Her skal du vite at du er velkommen for akkurat den du er, skriver M&amp;M.<\/p>\n<p class=\"_paragraph_o9xde_4 _paragraph_xtcu6_10 layout-component text-serif-m layout-normal text-serif-m layout-padded\">Tvillingene har allerede etablert \u00abThe Room\u00bb-konseptet i gaminguniverset. I september lanserte de sin egen Fortnite-\u00f8y (som selvf\u00f8lgelig heter The Room) der fansen kan delta i en Battle RoyaleBattle RoyaleEn gratis online spillmodus der 100 spillere kjemper mot hverandre p\u00e5 en \u00f8y for \u00e5 v\u00e6re den siste personen eller laget som overlever.-opplevelse sammen med tvillingenes avatareravatarerEn grafisk representasjon av en person, som et bilde eller en 3D-modell, som brukes p\u00e5 nettet, i spill eller i virtuelle verdener.<\/p>\n<p class=\"_paragraph_o9xde_4 _paragraph_xtcu6_10 layout-component text-serif-m layout-normal text-serif-m layout-padded\">Likevel er de hemmelighetsfulle p\u00e5 sp\u00f8rsm\u00e5l om hvordan de vil utvikle \u00abThe Room\u00bb-universet videre.<\/p>\n<p class=\"_paragraph_o9xde_4 _paragraph_xtcu6_10 layout-component text-serif-m layout-normal text-serif-m layout-padded\">\u2013 Vi vil ikke si for mye, men at konserten blir som en slags fortelling. Vi har planlagt n\u00f8ye hvordan vi skal sette showet sammen. Brikke for brikke. Dette blir det st\u00f8rste showet vi noensinne har laget.<\/p>\n<p class=\"_paragraph_o9xde_4 _paragraph_xtcu6_10 layout-component text-serif-m layout-normal layout-padded\"><strong class=\"_strong_o9xde_25\">Les ogs\u00e5:<\/strong> <a href=\"https:\/\/www.vg.no\/i\/Jbzz1R\" data-track-element-type=\"Link\" data-track-id=\"link:Jbzz1R\" class=\"_link_o9xde_39\" rel=\"nofollow noopener\" target=\"_blank\">Disse artistene er klare for \u00abHver gang vi m\u00f8tes\u00bb<\/a><\/p>\n<p class=\"_paragraph_o9xde_4 _paragraph_xtcu6_10 layout-component text-serif-m layout-normal text-serif-m layout-padded\">Tidligere i \u00e5r ble det kjent at M&amp;M er en (eller to) av deltagerne i neste sesongs \u00abHver gang vi m\u00f8tes\u00bb p\u00e5 TV 2. De innr\u00f8mmer at det skal bli godt \u00e5 vende tilbake til morsm\u00e5let etter engelskspr\u00e5klige tekster og nasjonskrangling mellom Norge og Sverige.<\/p>\n<p class=\"_paragraph_o9xde_4 _paragraph_xtcu6_10 layout-component text-serif-m layout-normal text-serif-m layout-padded\">M&amp;M deltok for Sverige under Eurovision-finalen i Malm\u00f6 i 2024, <a href=\"https:\/\/www.vg.no\/rampelys\/i\/wg3LAL\/marcus-martinus-vi-ble-mobbet-av-norsk-media\" data-track-element-type=\"Link\" data-track-id=\"link:wg3LAL\" class=\"_link_o9xde_39\" rel=\"nofollow noopener\" target=\"_blank\">noe som skapte reaksjoner her hjemme.<\/a><\/p>\n<p class=\"_paragraph_o9xde_4 _paragraph_xtcu6_10 layout-component text-serif-m layout-normal text-serif-m layout-padded\">\u2013 Vi kan nok r\u00f8pe at det blir synging p\u00e5 norsk ja, og det har vi gledet oss lenge til. Selvf\u00f8lgelig er det ogs\u00e5 l\u00e5ter vi har lyst \u00e5 ta med oss til Unity arena, slik at vi f\u00e5r litt mer allsang p\u00e5 norsk igjen. <\/p>\n<p class=\"_paragraph_o9xde_4 _paragraph_xtcu6_10 layout-component text-serif-m layout-normal text-serif-m layout-padded\">Men f\u00f8rst: Unity Arena &#8211; med gjester som tvillingene forel\u00f8pig ikke vil r\u00f8pe hvem er, men \u00e9n ting lover de:<\/p>\n<p class=\"_paragraph_o9xde_4 _paragraph_xtcu6_10 layout-component text-serif-m layout-normal text-serif-m layout-padded\">\u2013 Det blir mektig!<\/p>\n<p class=\"_paragraph_o9xde_4 _paragraph_xtcu6_10 layout-component text-serif-m layout-normal text-serif-m layout-padded\">Billetter til Unity Arena legges ut den 28. november.<\/p>\n","protected":false},"excerpt":{"rendered":"Skal fylle to av Nordens st\u00f8rste arenaer neste \u00e5r. Marcus &amp; Martinus sl\u00e5r p\u00e5 stortromma neste \u00e5r. Foto:&hellip;\n","protected":false},"author":2,"featured_media":92740,"comment_status":"","ping_status":"","sticky":false,"template":"","format":"standard","meta":{"footnotes":""},"categories":[58],"tags":[12083,71,2513,9393,4241,30,28,29,72],"class_list":{"0":"post-92739","1":"post","2":"type-post","3":"status-publish","4":"format-standard","5":"has-post-thumbnail","7":"category-underholdning","8":"tag-battle-royale","9":"tag-entertainment","10":"tag-eurovision","11":"tag-fortnite","12":"tag-marcus-martinus","13":"tag-no","14":"tag-norge","15":"tag-norway","16":"tag-underholdning"},"share_on_mastodon":{"url":"https:\/\/pubeurope.com\/@no\/115586980058730734","error":""},"_links":{"self":[{"href":"https:\/\/www.europesays.com\/no\/wp-json\/wp\/v2\/posts\/92739","targetHints":{"allow":["GET"]}}],"collection":[{"href":"https:\/\/www.europesays.com\/no\/wp-json\/wp\/v2\/posts"}],"about":[{"href":"https:\/\/www.europesays.com\/no\/wp-json\/wp\/v2\/types\/post"}],"author":[{"embeddable":true,"href":"https:\/\/www.europesays.com\/no\/wp-json\/wp\/v2\/users\/2"}],"replies":[{"embeddable":true,"href":"https:\/\/www.europesays.com\/no\/wp-json\/wp\/v2\/comments?post=92739"}],"version-history":[{"count":0,"href":"https:\/\/www.europesays.com\/no\/wp-json\/wp\/v2\/posts\/92739\/revisions"}],"wp:featuredmedia":[{"embeddable":true,"href":"https:\/\/www.europesays.com\/no\/wp-json\/wp\/v2\/media\/92740"}],"wp:attachment":[{"href":"https:\/\/www.europesays.com\/no\/wp-json\/wp\/v2\/media?parent=92739"}],"wp:term":[{"taxonomy":"category","embeddable":true,"href":"https:\/\/www.europesays.com\/no\/wp-json\/wp\/v2\/categories?post=92739"},{"taxonomy":"post_tag","embeddable":true,"href":"https:\/\/www.europesays.com\/no\/wp-json\/wp\/v2\/tags?post=92739"}],"curies":[{"name":"wp","href":"https:\/\/api.w.org\/{rel}","templated":true}]}}