{"id":92743,"date":"2025-11-21T09:30:21","date_gmt":"2025-11-21T09:30:21","guid":{"rendered":"https:\/\/www.europesays.com\/no\/92743\/"},"modified":"2025-11-21T09:30:21","modified_gmt":"2025-11-21T09:30:21","slug":"kulinarisk-forbrytelse","status":"publish","type":"post","link":"https:\/\/www.europesays.com\/no\/92743\/","title":{"rendered":"&#8211; Kulinarisk forbrytelse"},"content":{"rendered":"<p class=\"kicker \" style=\"\">Italiensk raseri:<\/p>\n<p>  Italias landbruksminister raser og krever \u00abumiddelbar etterforskning\u00bb.<\/p>\n<p>\n    PASTA CARBONARA: Italienere er kjente for sin pasta carbonara. Derfor faller det ikke i smak at det dukker opp kopier. Foto: Beata Zawrzel \/ NurPhoto\n  <\/p>\n<p>Italienske myndigheter raser etter at en carbonarasaus dukket opp i butikkhyllene i EU-parlamentet.<\/p>\n<p class=\"font-weight-bold m-font-weight-bold\" data-lab-font_weight=\"font-weight-bold\">Den italienske landbruksministeren Francesco Lollobrigida har krevd umiddelbar etterforskning av det han kaller en \u00abkulinarisk forbrytelse\u00bb, skriver<a href=\"https:\/\/edition.cnn.com\/2025\/11\/20\/travel\/italy-fake-carbonara-scli-intl\" rel=\"nofollow noopener\" target=\"_blank\"> CNN<\/a>.<\/p>\n<p data-lab-font_weight=\"\">En kremet saus med navnet \u00abCarbonara\u00bb, laget i Belgia, skal ha dukket opp i butikkhyllene i EU-parlamentet i Brussel. Italienerne mener butikkene i bygget b\u00f8r beskytte tradisjonell mat fra falske etterlignere.<\/p>\n<p>          <img loading=\"lazy\" decoding=\"async\" src=\"https:\/\/www.europesays.com\/no\/wp-content\/uploads\/2025\/11\/83881223.webp\" width=\"980\" height=\"559\" title=\"MASSIVT SINNE: Carbonara-produktet laget av Delhaise, skapte et massivt sinne, da det dukket opp i butikken i Europaparlamentet i Brussel. Foto: Cornelius Poppe \/ NTB\" alt=\"\" class=\"\" style=\"--aspect-ratio-image: 1.75; \"\/><\/p>\n<p>\n          MASSIVT SINNE: Carbonara-produktet laget av Delhaise, skapte et massivt sinne, da det dukket opp i butikken i Europaparlamentet i Brussel. Foto: Cornelius Poppe \/ NTB\n      <\/p>\n<p>          <img loading=\"lazy\" decoding=\"async\" src=\"https:\/\/www.europesays.com\/no\/wp-content\/uploads\/2025\/11\/83881634.webp\" width=\"980\" height=\"559\" title=\"SAMLET: Her er Europaparlamentet samlet i Brussel ved en tidligere anledning. Foto: Nicolas TUCAT \/ AFP \/ NTB\" alt=\"\" class=\"\" style=\"--aspect-ratio-image: 1.75; \"\/><\/p>\n<p>\n          SAMLET: Her er Europaparlamentet samlet i Brussel ved en tidligere anledning. Foto: Nicolas TUCAT \/ AFP \/ NTB\n      <\/p>\n<p>Feil skinke\t<\/p>\n<p>Produktet er laget av den belgiske matprodusenten Delhaize, som aldri har hevdet at produktet er fra Italia. Men de gj\u00f8r noe italienerne ser p\u00e5 som kriminelt: De bruker r\u00f8kt pancetta i stedet for den tradisjonelle guanciale &#8211; svinekjake.<\/p>\n<p>En tradisjonell carbonara inneholder typisk svinekjake, eggeplommer, pecorino og grana-ost. Det er uakseptabelt \u00e5 bytte ut noen av disse ingrediensene, if\u00f8lge<a href=\"https:\/\/www.lacucinaitaliana.com\/italian-food\/italian-dishes\/carbonara-origins-and-anecdotes-of-the-beloved-italian-pasta-dish\" rel=\"nofollow noopener\" target=\"_blank\"> La Cucina Italiana<\/a>, som regnes som en slags bibel for italiensk mat.<\/p>\n<p>Lollobrigida var illrasende da han skrev om hendelsen p\u00e5 Facebook tirsdag.<\/p>\n<p>          <img loading=\"lazy\" decoding=\"async\" src=\"https:\/\/www.europesays.com\/no\/wp-content\/uploads\/2025\/11\/83881224.webp\" width=\"980\" height=\"559\" title=\"\u00d8DELEGGER: Francesco Lollobrigida, den italienske landbruksministeren, mener etterligninger av tradisjonell italiensk mat \u00f8delegger stoltheten deres. Foto: NTB\" alt=\"\" class=\"\" style=\"--aspect-ratio-image: 1.75; \"\/><\/p>\n<p>\n          \u00d8DELEGGER: Francesco Lollobrigida, den italienske landbruksministeren, mener etterligninger av tradisjonell italiensk mat \u00f8delegger stoltheten deres. Foto: NTB\n      <\/p>\n<p class=\"font-weight-bold m-font-weight-bold\" data-lab-font_weight=\"font-weight-bold\">\u00abHvis vi ser bort fra pancettaen i carbonaraen, representerer alle disse produktene det verste av produkter som h\u00f8res italienske ut. Det er uakseptabelt \u00e5 se dem i hyllene p\u00e5 supermarkedet i Europaparlamentet. Jeg har bedt om en umiddelbar etterforskning\u00bb, skriver han.<\/p>\n<p>    <a itemprop=\"url\" href=\"https:\/\/www.dagbladet.no\/video\/norske-leonora-sett-av-millioner\/aeifSCmi\" rel=\"nofollow noopener\" target=\"_blank\"><\/p>\n<p>      <img loading=\"lazy\" decoding=\"async\" src=\"https:\/\/www.europesays.com\/no\/wp-content\/uploads\/2025\/11\/83880792.webp\" width=\"980\" height=\"441\" title=\"Norske Leonora sett av millioner\" alt=\"\" class=\"lazyload\" style=\"--aspect-ratio-image: 2.22; \"\/><\/p>\n<p>        Norske Leonora sett av millioner<\/p>\n<p>    <\/a><\/p>\n<p>Nasjonens stolthet\t<\/p>\n<p>Ministeren understreker at det ikke bare handler om feil skinkevalg, men om nasjonens stolthet.<\/p>\n<p>Italia pr\u00f8ver for \u00f8yeblikket \u00e5 f\u00e5 sin matkultur anerkjent av UNESCO som kulturarv for menneskeheten &#8211; en avgj\u00f8relse som forventes i desember.<\/p>\n<p>Italias st\u00f8rste landbruks- og bondeorganisasjon Coldiretti sier at produksjonen av italiensk-lydende mat er kostbar.<\/p>\n<p class=\"font-weight-bold m-font-weight-bold\" data-lab-font_weight=\"font-weight-bold\">&#8211; Skandalen med falske italienske produkter koster landet v\u00e5rt 120 milliarder euro i \u00e5ret, og paradoksalt nok er de st\u00f8rste forfalskerne av italiensk kvalitet industrialiserte land, sa gruppa i en uttalelse tirsdag.<\/p>\n<p>    <a itemprop=\"url\" href=\"https:\/\/www.dagbladet.no\/nyheter\/roper-matvarsko-oker-risikoen\/83793410\" rel=\"nofollow noopener\" target=\"_blank\"><\/p>\n<p>      <img loading=\"lazy\" decoding=\"async\" src=\"https:\/\/www.europesays.com\/no\/wp-content\/uploads\/2025\/11\/1763717421_44_83793522.webp\" width=\"980\" height=\"441\" title=\"Roper matvarsko: - \u00d8ker risikoen\" alt=\"\" class=\"lazyload\" style=\"--aspect-ratio-image: 2.22; \"\/><\/p>\n<p>        Roper matvarsko: &#8211; \u00d8ker risikoen<\/p>\n<p>    <\/a><\/p>\n<p>Det belgiske selskapet som produserte sausen har ikke svart p\u00e5 CNNs foresp\u00f8rsel om kommentar, men EU-parlamentet forteller at de ikke har fjernet produktet fra hyllene.\u00a0<\/p>\n","protected":false},"excerpt":{"rendered":"Italiensk raseri: Italias landbruksminister raser og krever \u00abumiddelbar etterforskning\u00bb. PASTA CARBONARA: Italienere er kjente for sin pasta carbonara.&hellip;\n","protected":false},"author":2,"featured_media":92744,"comment_status":"","ping_status":"","sticky":false,"template":"","format":"standard","meta":{"footnotes":""},"categories":[12],"tags":[20,21,24,25,728,15,22,23,737,13,30,28,29,14,16,12084,26,27,412,42,43,44,45],"class_list":{"0":"post-92743","1":"post","2":"type-post","3":"status-publish","4":"format-standard","5":"has-post-thumbnail","7":"category-verden","8":"tag-breaking-news","9":"tag-breakingnews","10":"tag-featured-news","11":"tag-featurednews","12":"tag-fritid","13":"tag-headlines","14":"tag-latest-news","15":"tag-latestnews","16":"tag-mat","17":"tag-news","18":"tag-no","19":"tag-norge","20":"tag-norway","21":"tag-nyheter","22":"tag-overskrifter","23":"tag-spaghetti","24":"tag-top-stories","25":"tag-topstories","26":"tag-utenriks","27":"tag-verden","28":"tag-world","29":"tag-world-news","30":"tag-worldnews"},"share_on_mastodon":{"url":"https:\/\/pubeurope.com\/@no\/115586991900426424","error":""},"_links":{"self":[{"href":"https:\/\/www.europesays.com\/no\/wp-json\/wp\/v2\/posts\/92743","targetHints":{"allow":["GET"]}}],"collection":[{"href":"https:\/\/www.europesays.com\/no\/wp-json\/wp\/v2\/posts"}],"about":[{"href":"https:\/\/www.europesays.com\/no\/wp-json\/wp\/v2\/types\/post"}],"author":[{"embeddable":true,"href":"https:\/\/www.europesays.com\/no\/wp-json\/wp\/v2\/users\/2"}],"replies":[{"embeddable":true,"href":"https:\/\/www.europesays.com\/no\/wp-json\/wp\/v2\/comments?post=92743"}],"version-history":[{"count":0,"href":"https:\/\/www.europesays.com\/no\/wp-json\/wp\/v2\/posts\/92743\/revisions"}],"wp:featuredmedia":[{"embeddable":true,"href":"https:\/\/www.europesays.com\/no\/wp-json\/wp\/v2\/media\/92744"}],"wp:attachment":[{"href":"https:\/\/www.europesays.com\/no\/wp-json\/wp\/v2\/media?parent=92743"}],"wp:term":[{"taxonomy":"category","embeddable":true,"href":"https:\/\/www.europesays.com\/no\/wp-json\/wp\/v2\/categories?post=92743"},{"taxonomy":"post_tag","embeddable":true,"href":"https:\/\/www.europesays.com\/no\/wp-json\/wp\/v2\/tags?post=92743"}],"curies":[{"name":"wp","href":"https:\/\/api.w.org\/{rel}","templated":true}]}}