{"id":92751,"date":"2025-11-21T09:37:11","date_gmt":"2025-11-21T09:37:11","guid":{"rendered":"https:\/\/www.europesays.com\/no\/92751\/"},"modified":"2025-11-21T09:37:11","modified_gmt":"2025-11-21T09:37:11","slug":"mens-folk-i-verden-lever-lenger-dor-flere-unge","status":"publish","type":"post","link":"https:\/\/www.europesays.com\/no\/92751\/","title":{"rendered":"Mens folk i verden lever lenger, d\u00f8r flere unge"},"content":{"rendered":"<p>    Selvmord, narkotika og alkoholmisbruk i flere deler av verden f\u00f8rer til at unges levealder synker.<\/p>\n<p>\n        Flere storbyer i USA har bydeler hvor stoffet fentanyl har gjort mennesker til \u00abzombier\u00bb. Her fra Kensington Avenue i storbyen Philadelphia.<br \/>\n        (Foto: Teun Voeten\/Sipa USA\/NTB)\n    <\/p>\n<p>Det g\u00e5r veldig bra med folkehelsen i verden under ett. Vi lever i snitt 20 \u00e5r lenger enn folk gjorde i 1950.<\/p>\n<p>Covid-19 rammet verden i januar 2020. Den tok over sju millioner liv i alle verdensdeler \u2013 og likevel er den globale forventede levealderen n\u00e5 tilbake p\u00e5 niv\u00e5et f\u00f8r pandemien.<\/p>\n<p>\u2013 Verden er p\u00e5 vei mot et bedre sted \u2013 og har v\u00e6rt det lenge, sier professor i global helse Dan Meyrowitsch\u00a0ved K\u00f8benhavns Universitet.<\/p>\n<p>Men forskerne bak en gigantisk gjennomgang av\u00a0<a href=\"https:\/\/www.thelancet.com\/journals\/lancet\/article\/PIIS0140-6736(25)01330-3\/fulltext\" target=\"_blank\" rel=\"nofollow noopener\">levetids- og sykdomsdata i 204 land<\/a>\u00a0verden over advarer n\u00e5 om utviklingen blant ten\u00e5ringer og unge voksne.\u00a0<\/p>\n<p> For blant de unge g\u00e5r det ikke riktig vei. Tvert imot.\u00a0<\/p>\n<p>Selvmord, overdoser og rus<\/p>\n<p>Verden st\u00e5r overfor en voksende krise med h\u00f8yere d\u00f8dsrater blant ungdom og unge voksne b\u00e5de i Nord-Amerika, Latin-Amerika og Afrika s\u00f8r for Sahara, if\u00f8lge forskerne.\u00a0<\/p>\n<p>I Nord- og Latin-Amerika p\u00e5 grunn av selvmord, narkotika og alkohol, i Afrika p\u00e5 grunn av smittsomme sykdommer og skader.<\/p>\n<p>Dette b\u00f8r v\u00e6re en \u00abwake-up call\u00bb, alts\u00e5 en vekker, sier studiens hovedforfatter, Christopher Murray, <a href=\"https:\/\/www.eurekalert.org\/news-releases\/1101094\" rel=\"nofollow noopener\" target=\"_blank\">i en pressemelding<\/a>. Han mener funnene, som er publisert i The Lancet, b\u00f8r f\u00e5 \u00abmyndigheter og helseledere til \u00e5 reagere raskt og strategisk p\u00e5 de urovekkende trendene som endrer folkehelsebehovene\u00bb.<\/p>\n<p>Murray er direkt\u00f8r for Institute for Health Metrics and Evaluation ved University of Washington.<\/p>\n<p>\u2013 Det er helt utrolig, sier professor Dan Meyrowitsch om funnene.<\/p>\n<p>Han er enig med forskerne i at dette b\u00f8r v\u00e6re en wake-up call.<\/p>\n<p>        Det g\u00e5r bedre \u2013 og verre<\/p>\n<p>Den globale forventede levealderen i 2023 er mer enn 20 \u00e5r h\u00f8yere enn i 1950. N\u00e5 er den if\u00f8lge studien:<\/p>\n<ul>\n<li>\n<p>76,3 \u00e5r for kvinner<\/p>\n<\/li>\n<li>\n<p>71,5 \u00e5r for menn<\/p>\n<\/li>\n<\/ul>\n<p>Det er fortsatt store geografiske forskjeller i forventet levealder, fra 83 \u00e5r i h\u00f8yinntektsregioner til 62 \u00e5r i Afrika s\u00f8r for Sahara.<\/p>\n<p> Den globale d\u00f8delighetsraten falt med 67 prosent fra 1950 til 2023. Dette tallet viser andelen d\u00f8dsfall i befolkningen i en gitt periode. <\/p>\n<p>Studien bygger p\u00e5 over 300.000 datakilder som er gjennomg\u00e5tt av totalt 16.500 forskere. Dataene fra mer enn 200 land, regioner og verdensdeler peker p\u00e5 disse ledende \u00e5rsakene til sykdom, d\u00f8delighet og tidlig d\u00f8d i verden fra 1990 til 2023:<\/p>\n<ul>\n<li>\n<p>Kroniske sykdommer som hjertesykdommer og diabetes st\u00e5r n\u00e5 for to tredeler av all d\u00e5rlig helse.<\/p>\n<\/li>\n<li>\n<p>Halvparten av verdens sykdomsbyrde kan forebygges og er drevet av risikofaktorer som kan reduseres, blant annet luftforurensning, r\u00f8yking og fedme.<\/p>\n<\/li>\n<li>\n<p>Psykiske lidelser fortsetter \u00e5 \u00f8ke i verden. Fra 2000 til 2023 har antallet tapte \u00e5r p\u00e5 grunn av angst og depresjon \u00f8kt med henholdsvis 63 prosent og 26 prosent.<\/p>\n<\/li>\n<\/ul>\n<p>Den amerikanske opioidkrisen<\/p>\n<p>N\u00e5r forskerne ser n\u00e6rmere p\u00e5 \u00f8kningen i d\u00f8dsfall blant unge i \u00e5rene 2011 til 2023, finner de at:<\/p>\n<ul>\n<li class=\"lab-bodytext-line\">Den st\u00f8rste \u00f8kningen i d\u00f8dsfall i alderen 20 til 39 \u00e5r har skjedd\u00a0i USA og Canada. Hovedsakelig p\u00e5 grunn av selvmord, overdoser og store mengder alkohol.<\/li>\n<li class=\"lab-bodytext-line\">I aldersgruppen fem til 19 \u00e5r \u00f8kte d\u00f8dsfallene mest i \u00d8st-Europa, USA, Canada og Karibien.<\/li>\n<\/ul>\n<p>\u2013 For 30 \u00e5r siden var det ingen opioidkrise. Den har sl\u00e5tt gjennom fra 2000 og fremover. Det viser studiene tydelig, sier Meyrowitsch.<\/p>\n<p>Han er ikke i tvil om at en stor del av \u00f8kningen i d\u00f8dsfall for unge i Nord-Amerika skyldes bruk av opioider.<\/p>\n<p>\u2013 Fentanyl er et av stoffene der det bare trengs sv\u00e6rt sm\u00e5 endringer i dosen f\u00f8r man g\u00e5r fra \u00e5 v\u00e6re ruset til \u00e5 v\u00e6re d\u00f8d, sier han.<\/p>\n<p>Mellom 1999 og 2020 d\u00f8de mer enn <a href=\"https:\/\/pmc.ncbi.nlm.nih.gov\/articles\/PMC9261968\/?utm_source=chatgpt.com\" target=\"_blank\" rel=\"nofollow noopener\">600.000 mennesker i USA og Canada<\/a> av opioid-overdose.<\/p>\n<p>\u2013 S\u00e5 studiene viser jo at man i USA b\u00f8r intensivere st\u00f8tten til de mange hjeml\u00f8se som bruker fentanyl i de store amerikanske byene, sier den danske professoren.<\/p>\n<p>If\u00f8lge Meyrowitsch er det nytt at d\u00f8dstallene fra opioidkrisen\u00a0sl\u00e5r s\u00e5 tydelig igjennom i global statistikk. Studien viser hvor mye opioider p\u00e5virker d\u00f8deligheten blant unge i Nord-Amerika sammenlignet med andre steder i verden.<\/p>\n<p>\u2013 Her kan vi faktisk se at samfunnet taper leve\u00e5r, ogs\u00e5 selv om det er en veldig liten andel av befolkningen som bruker opioider, sier han.<\/p>\n<p>Krigen i \u00d8st-Europa<\/p>\n<p>Det er ikke bare i USA at d\u00f8deligheten stiger blant unge og drar den globale levealderen ned. Det skjer ogs\u00e5 i \u00d8st-Europa.<\/p>\n<p>Mellom 2000 og 2023 har det v\u00e6rt en kraftig \u00f8kning i d\u00f8dsfall blant yngre voksne i \u00d8st-Europa.\u00a0<\/p>\n<p>D\u00f8deligheten \u00f8kte mest blant 15\u201319-\u00e5ringene fra 2011 til 2023, hele 54 prosent. S\u00e5 f\u00f8lger 20\u201324-\u00e5ringene, med en \u00f8kning p\u00e5 40 prosent.<\/p>\n<p>Dette skyldes blant annet krigen i Ukraina, skriver forskerne.<\/p>\n<p>Psykiske lidelser verden over<\/p>\n<p>I Mellom-Europa har d\u00f8dsfall som f\u00f8lge av psykiske lidelser og spiseforstyrrelser \u00f8kt kraftig blant ten\u00e5ringer fra 2011 til 2023.<\/p>\n<p>Dette speiler en global tendens: Det har v\u00e6rt en dramatisk \u00f8kning i psykiske lidelser.<\/p>\n<p>Fra 2010 til 2023 steg antallet tapte friske leve\u00e5r i verden p\u00e5 grunn av angst og depresjon med henholdsvis 63 prosent og 26 prosent, if\u00f8lge forskerne.<\/p>\n<p>De er bekymret, men kan ikke svare p\u00e5 hva \u00e5rsakene er.<\/p>\n<p>Dan Meyrowitsch peker p\u00e5 flere mulige forklaringer:<\/p>\n<p>\u2013 Man vet at \u00f8kt \u00f8konomisk usikkerhet, konflikter og klimarelaterte hendelser er forbundet med h\u00f8yere forekomst av psykisk sykdom, sier han.<\/p>\n<p>\u2013 Dessuten kan det tenkes at man globalt er blitt bedre til \u00e5 diagnostisere angst og depresjon, og da vil antallet som lever med disse lidelsene, ogs\u00e5 stige.<\/p>\n<p>Fremtiden ser dystrere ut<\/p>\n<p>Totalt g\u00e5r det alts\u00e5 bedre enn noen gang med folkehelsen, til tross for \u00f8kt d\u00f8delighet blant unge i noen deler av verden.<\/p>\n<p>Men det er risiko for at utviklingen kan snu, sier Meyrowitsch.<\/p>\n<p>\u2013 Den tydelige positive utviklingen i det globale helsebildet er i \u00f8yeblikket truet av at USA har kuttet i USAID og at Verdens helseorganisasjon, WHO, p\u00e5 sikt kommer til \u00e5 mangle midler.<\/p>\n<p>            Ledige stillinger<\/p>\n<p class=\"ingress align-center mobile_text_align_align-center\"><a href=\"https:\/\/stilling.forskning.no\/\" target=\"_blank\" class=\"dacBtn bg-btn-color\" rel=\"nofollow noopener\">Vis alle ledige stillinger<\/a><\/p>\n<p>USAID, som er verdens st\u00f8rste giver av utviklingshjelp, er n\u00e6rmest lagt ned.<\/p>\n<p>\u2013 I tillegg har flere europeiske land redusert st\u00f8tten til \u00e5 fremme helseprosjekter og styrke internasjonalt samarbeid i det globale s\u00f8r, sier Meyrowitsch.<\/p>\n<p>\u2013 S\u00e5 noe av det som er vunnet de siste \u00e5rene, kan raskt g\u00e5 tapt igjen, som ogs\u00e5 forfatterne p\u00e5peker.<\/p>\n<p>Kilder<\/p>\n<p class=\"italic m-italic\" data-lab-italic=\"italic\">\u00a9Videnskab.dk. Oversatt av Trine Andreassen for forskning.no.\u00a0Les\u00a0<a href=\"https:\/\/videnskab.dk\/krop-sundhed\/et-wake-up-call-mens-verden-lever-laengere-doer-de-unge\/\" rel=\"nofollow noopener\" target=\"_blank\">originalartikkelen p\u00e5 videnskab.dk her<\/a>.<\/p>\n<p>                <img decoding=\"async\" src=\"https:\/\/www.europesays.com\/no\/wp-content\/uploads\/2025\/11\/1763717831_513_2400201.webp\" width=\"284\" height=\"236\" title=\"\" alt=\"\" loading=\"lazy\" style=\"\"\/><\/p>\n<p>Opptatt av helse, psykologi og kropp?<\/p>\n<p>                <img decoding=\"async\" src=\"https:\/\/www.europesays.com\/no\/wp-content\/uploads\/2025\/11\/1763717831_451_2400202.webp\" width=\"74\" height=\"75\" title=\"\" alt=\"\" loading=\"lazy\" style=\"\"\/><\/p>\n<p class=\"font-sanomatSans font-weight-bold m-font-weight-bold\" data-lab-fontface=\"sanomatSans\" data-lab-font_weight=\"font-weight-bold\">Mat hjernen med nyheter fra forskning.no om sykdommer, psykologi, kosthold, sex, trening og andre av kroppens mysterier.<\/p>\n<p class=\"font-sanomatSans font-weight-bold m-font-weight-bold\" data-lab-fontface=\"sanomatSans\" data-lab-font_weight=\"font-weight-bold\"><a href=\"https:\/\/www.forskning.no\/newsletter\/subscriptions\" aria-label=\"Meld meg p\u00e5 nyhetsbrev\" class=\"dacBtn bg-btn-color\" rel=\"nofollow noopener\" target=\"_blank\">Meld meg p\u00e5 nyhetsbrev<\/a><\/p>\n","protected":false},"excerpt":{"rendered":"Selvmord, narkotika og alkoholmisbruk i flere deler av verden f\u00f8rer til at unges levealder synker. Flere storbyer i&hellip;\n","protected":false},"author":2,"featured_media":92752,"comment_status":"","ping_status":"","sticky":false,"template":"","format":"standard","meta":{"footnotes":""},"categories":[12],"tags":[20,21,24,25,15,22,23,13,30,28,29,14,16,26,27,42,43,44,45],"class_list":{"0":"post-92751","1":"post","2":"type-post","3":"status-publish","4":"format-standard","5":"has-post-thumbnail","7":"category-verden","8":"tag-breaking-news","9":"tag-breakingnews","10":"tag-featured-news","11":"tag-featurednews","12":"tag-headlines","13":"tag-latest-news","14":"tag-latestnews","15":"tag-news","16":"tag-no","17":"tag-norge","18":"tag-norway","19":"tag-nyheter","20":"tag-overskrifter","21":"tag-top-stories","22":"tag-topstories","23":"tag-verden","24":"tag-world","25":"tag-world-news","26":"tag-worldnews"},"share_on_mastodon":{"url":"https:\/\/pubeurope.com\/@no\/115587019231200325","error":""},"_links":{"self":[{"href":"https:\/\/www.europesays.com\/no\/wp-json\/wp\/v2\/posts\/92751","targetHints":{"allow":["GET"]}}],"collection":[{"href":"https:\/\/www.europesays.com\/no\/wp-json\/wp\/v2\/posts"}],"about":[{"href":"https:\/\/www.europesays.com\/no\/wp-json\/wp\/v2\/types\/post"}],"author":[{"embeddable":true,"href":"https:\/\/www.europesays.com\/no\/wp-json\/wp\/v2\/users\/2"}],"replies":[{"embeddable":true,"href":"https:\/\/www.europesays.com\/no\/wp-json\/wp\/v2\/comments?post=92751"}],"version-history":[{"count":0,"href":"https:\/\/www.europesays.com\/no\/wp-json\/wp\/v2\/posts\/92751\/revisions"}],"wp:featuredmedia":[{"embeddable":true,"href":"https:\/\/www.europesays.com\/no\/wp-json\/wp\/v2\/media\/92752"}],"wp:attachment":[{"href":"https:\/\/www.europesays.com\/no\/wp-json\/wp\/v2\/media?parent=92751"}],"wp:term":[{"taxonomy":"category","embeddable":true,"href":"https:\/\/www.europesays.com\/no\/wp-json\/wp\/v2\/categories?post=92751"},{"taxonomy":"post_tag","embeddable":true,"href":"https:\/\/www.europesays.com\/no\/wp-json\/wp\/v2\/tags?post=92751"}],"curies":[{"name":"wp","href":"https:\/\/api.w.org\/{rel}","templated":true}]}}