{"id":92753,"date":"2025-11-21T09:38:12","date_gmt":"2025-11-21T09:38:12","guid":{"rendered":"https:\/\/www.europesays.com\/no\/92753\/"},"modified":"2025-11-21T09:38:12","modified_gmt":"2025-11-21T09:38:12","slug":"sortland-ulykker-ett-barn-fraktet-til-sykehus-etter-pakjorsel","status":"publish","type":"post","link":"https:\/\/www.europesays.com\/no\/92753\/","title":{"rendered":"Sortland, Ulykker | Ett barn fraktet til sykehus etter p\u00e5kj\u00f8rsel"},"content":{"rendered":"\n<p>Politiet melder fredag at en fotgjenger er blitt p\u00e5kj\u00f8rt i Asp\u00e5sveien p\u00e5 Sortland. Det skal ha skjedd rundt klokka 07.50.<\/p>\n<p>\u2013 Vedkommende er fraktet til Stokmarknes sykehus. Skadeomfanget er ikke kjent, melder politiet.<\/p>\n<p>Politiet gj\u00f8r tekniske unders\u00f8kelser p\u00e5 stedet.<\/p>\n<p><b>Politiet bekrefter litt senere at den skadde fotgjengeren er et barn.<\/b><\/p>\n<p>Det er iverksatt tekniske unders\u00f8kelser og man avh\u00f8rer vitner for \u00e5 avklare hendelsesforl\u00f8p.<\/p>\n<p><b>I forbindelse med at politiet gj\u00f8r unders\u00f8kelser er veien stengt for trafikk i Asp\u00e5sveien.<\/b><\/p>\n<p>   <img decoding=\"async\" width=\"4032\" height=\"3024\" fetchpriority=\"low\"  loading=\"lazy\"  src=\"https:\/\/www.europesays.com\/no\/wp-content\/uploads\/2025\/11\/IMG_2151.JPG\" alt=\"\" class=\"brick-c-cFOWSL\" style=\"--brick-image-ratio: 4032 \/ 3024;\"\/><\/p>\n<p>      P\u00e5kj\u00f8rsel: Politiet kan forel\u00f8pig ikke si noe om skadeomfanget, etter p\u00e5kj\u00f8rselen i Asp\u00e5sveien i Vestmarka p\u00e5 Sortland fredag morgen.<br \/>\n      Foto: Hilde J\u00f8rgensen\n    <\/p>\n<p>Bladet Vester\u00e5len har snakket med Thomas Berg i politiet som er p\u00e5 stedet. Han vil ikke si noe om alvorlighetsgraden:<\/p>\n<p>\u2013 Det kan vi ikke si noe om, det er noe vi m\u00e5 komme tilbake til.<\/p>\n<p>\u2013 Vi gjennomf\u00f8rer n\u00e5 avh\u00f8r og sikrer spor p\u00e5 stedet, sier Berg.<\/p>\n","protected":false},"excerpt":{"rendered":"Politiet melder fredag at en fotgjenger er blitt p\u00e5kj\u00f8rt i Asp\u00e5sveien p\u00e5 Sortland. Det skal ha skjedd rundt&hellip;\n","protected":false},"author":2,"featured_media":92754,"comment_status":"","ping_status":"","sticky":false,"template":"","format":"standard","meta":{"footnotes":""},"categories":[10],"tags":[36,20,21,24,25,15,22,23,13,30,28,29,14,16,4723,3673,1510,26,27,1204],"class_list":{"0":"post-92753","1":"post","2":"type-post","3":"status-publish","4":"format-standard","5":"has-post-thumbnail","7":"category-norge","8":"tag-art","9":"tag-breaking-news","10":"tag-breakingnews","11":"tag-featured-news","12":"tag-featurednews","13":"tag-headlines","14":"tag-latest-news","15":"tag-latestnews","16":"tag-news","17":"tag-no","18":"tag-norge","19":"tag-norway","20":"tag-nyheter","21":"tag-overskrifter","22":"tag-pakjorsel","23":"tag-sortland","24":"tag-story","25":"tag-top-stories","26":"tag-topstories","27":"tag-ulykker"},"share_on_mastodon":{"url":"https:\/\/pubeurope.com\/@no\/115587023196095231","error":""},"_links":{"self":[{"href":"https:\/\/www.europesays.com\/no\/wp-json\/wp\/v2\/posts\/92753","targetHints":{"allow":["GET"]}}],"collection":[{"href":"https:\/\/www.europesays.com\/no\/wp-json\/wp\/v2\/posts"}],"about":[{"href":"https:\/\/www.europesays.com\/no\/wp-json\/wp\/v2\/types\/post"}],"author":[{"embeddable":true,"href":"https:\/\/www.europesays.com\/no\/wp-json\/wp\/v2\/users\/2"}],"replies":[{"embeddable":true,"href":"https:\/\/www.europesays.com\/no\/wp-json\/wp\/v2\/comments?post=92753"}],"version-history":[{"count":0,"href":"https:\/\/www.europesays.com\/no\/wp-json\/wp\/v2\/posts\/92753\/revisions"}],"wp:featuredmedia":[{"embeddable":true,"href":"https:\/\/www.europesays.com\/no\/wp-json\/wp\/v2\/media\/92754"}],"wp:attachment":[{"href":"https:\/\/www.europesays.com\/no\/wp-json\/wp\/v2\/media?parent=92753"}],"wp:term":[{"taxonomy":"category","embeddable":true,"href":"https:\/\/www.europesays.com\/no\/wp-json\/wp\/v2\/categories?post=92753"},{"taxonomy":"post_tag","embeddable":true,"href":"https:\/\/www.europesays.com\/no\/wp-json\/wp\/v2\/tags?post=92753"}],"curies":[{"name":"wp","href":"https:\/\/api.w.org\/{rel}","templated":true}]}}