{"id":92755,"date":"2025-11-21T09:39:08","date_gmt":"2025-11-21T09:39:08","guid":{"rendered":"https:\/\/www.europesays.com\/no\/92755\/"},"modified":"2025-11-21T09:39:08","modified_gmt":"2025-11-21T09:39:08","slug":"politi-kriminelle-nettverk-her-spaner-politiet-pa-22-aringen-na-knyttes-han-til-beryktet-narkobaron-avisa-nordland","status":"publish","type":"post","link":"https:\/\/www.europesays.com\/no\/92755\/","title":{"rendered":"Politi, Kriminelle nettverk | Her spaner politiet p\u00e5 22-\u00e5ringen. N\u00e5 knyttes han til beryktet narkobaron &#8211; Avisa Nordland"},"content":{"rendered":"<ol>\n<li><a href=\"https:\/\/news.google.com\/rss\/articles\/CBMipwFBVV95cUxQUk9melZzZ0M4VUxBYXVNcjVRVnR5TF9GQjR5M2xaVkthVE81SzVSVUw0eUZqbE1uVWFVTTY3bC14ZUlNVUhBa08xRDJiM0JtbHJoT1RqSWU4WVJ5VlVUMm9vLXp3NXZ4cnhueC13UkJWR0lCU0pSREdiVnduSElIQTN4RXBYQmx5eGV5WW9iQW1NRHdCbDBjSVFETVd2RGJ2QXRlc2JaOA?oc=5\" target=\"_blank\" rel=\"nofollow noopener\">Politi, Kriminelle nettverk | Her spaner politiet p\u00e5 22-\u00e5ringen. N\u00e5 knyttes han til beryktet narkobaron<\/a>&nbsp;&nbsp;Avisa Nordland<\/li>\n<li><a href=\"https:\/\/news.google.com\/rss\/articles\/CBMingFBVV95cUxPRUhPSWFMeDQtMGIxU0lyRFZ4WTFCU1JacjU4S3FwcnhhTWJwS1RfVE9xVUgwSWZBMzl0TjNQcGxEajlqdFNaXzFuTnh2cnAteUJsNmtzTV9VY2Q1eGU5TXZrQVJiMEk1V21ueE1pVWVHSzFjMU9DMkZBSVh2M0M0NGZ6UVNBMFN0WURJRFlqS1MzSFNia3VCNllpZDMyZw?oc=5\" target=\"_blank\" rel=\"nofollow noopener\">Politiet avdekket narkotika-\u00e5re mellom \u00d8stlandet og Nordland<\/a>&nbsp;&nbsp;VG<\/li>\n<li><a href=\"https:\/\/news.google.com\/rss\/articles\/CBMirgFBVV95cUxON054d01NZ2NYT0VaRENOUWlGT0dZMGxCQTZKMmVkbTZkdDhZSkYwM1ZDdVAtZEhuR3kwbzJtSnRqWjZZcG5JZUJLNXBfd2cyRWhJa1dic0dUYXc0YktuNkpkdU90aUdEaHh6TlViNktkaThWYVEtNWllNUVSWHE1N1NzRzhPYlM1eXhiV2ZqdENUYXE2eWZkc2QzN1R5dlV3SFVkZnJLWTJNMDE3RGc?oc=5\" target=\"_blank\" rel=\"nofollow noopener\">Fremst\u00e5r som styrer narkotikaomsetning i Nordland gj\u00f8r det fra fengsel<\/a>&nbsp;&nbsp;NRK<\/li>\n<li><a href=\"https:\/\/news.google.com\/rss\/articles\/CBMi0AFBVV95cUxQWFRJRFlYX19JMFAwc0R2YUNBUVNCQ1FQX01SYmFmT1ZfRVA2Mm1pSnI5dEpaZzdPbUp4SEdhbnkza19hRzFlcXNoamlLcVlMdHpKdWI4ck1BMmpHSDhrNG80TExpdkRjR0R1dmNVQVdieFpxSzI4VXFzQXFXeVhYTWlZV19wdHk2S3pFbkV2dWtTNldNdW1TejZ6ZXRubVdPVnlZV0ZGN0g1bWFZM2NKLW53ZXY0c2hjTm9QNTJZR1MyM3ZMZzVnN3YtUmY0Tjhp?oc=5\" target=\"_blank\" rel=\"nofollow noopener\">Avdekket transportlinje for narkotika mellom \u00d8stlandet og Nordland<\/a>&nbsp;&nbsp;TV2.no<\/li>\n<li><a href=\"https:\/\/news.google.com\/rss\/articles\/CBMigwFBVV95cUxPSEpiQ2VYZkE3QTJjZGlHdHNSTHpudDBsdXNtT0MtSHpBVXYxZC14YmRFSEVINkZiTFNOSmFLMFFTT1plWTI4RExDdllRNzhfY0tSYVo0U0pnQ0JQOXVNU0k4U3Q2TEo1YS1yQWpFbWdfcjBiNGJER0x1Q3F5XzJ1dkxYcw?oc=5\" target=\"_blank\" rel=\"nofollow noopener\">Har avdekket transport-\u00e5re for narkotika<\/a>&nbsp;&nbsp;vol.no<\/li>\n<\/ol>\n","protected":false},"excerpt":{"rendered":"Politi, Kriminelle nettverk | Her spaner politiet p\u00e5 22-\u00e5ringen. N\u00e5 knyttes han til beryktet narkobaron&nbsp;&nbsp;Avisa Nordland Politiet avdekket&hellip;\n","protected":false},"author":2,"featured_media":92756,"comment_status":"","ping_status":"","sticky":false,"template":"","format":"standard","meta":{"footnotes":""},"categories":[5],"tags":[20,21,24,25,15,19,22,23,17,18,13,30,28,29,14,16,26,27],"class_list":{"0":"post-92755","1":"post","2":"type-post","3":"status-publish","4":"format-standard","5":"has-post-thumbnail","7":"category-overskrifter","8":"tag-breaking-news","9":"tag-breakingnews","10":"tag-featured-news","11":"tag-featurednews","12":"tag-headlines","13":"tag-hovedoppslag","14":"tag-latest-news","15":"tag-latestnews","16":"tag-main-news","17":"tag-mainnews","18":"tag-news","19":"tag-no","20":"tag-norge","21":"tag-norway","22":"tag-nyheter","23":"tag-overskrifter","24":"tag-top-stories","25":"tag-topstories"},"share_on_mastodon":{"url":"https:\/\/pubeurope.com\/@no\/115587027034128030","error":""},"_links":{"self":[{"href":"https:\/\/www.europesays.com\/no\/wp-json\/wp\/v2\/posts\/92755","targetHints":{"allow":["GET"]}}],"collection":[{"href":"https:\/\/www.europesays.com\/no\/wp-json\/wp\/v2\/posts"}],"about":[{"href":"https:\/\/www.europesays.com\/no\/wp-json\/wp\/v2\/types\/post"}],"author":[{"embeddable":true,"href":"https:\/\/www.europesays.com\/no\/wp-json\/wp\/v2\/users\/2"}],"replies":[{"embeddable":true,"href":"https:\/\/www.europesays.com\/no\/wp-json\/wp\/v2\/comments?post=92755"}],"version-history":[{"count":0,"href":"https:\/\/www.europesays.com\/no\/wp-json\/wp\/v2\/posts\/92755\/revisions"}],"wp:featuredmedia":[{"embeddable":true,"href":"https:\/\/www.europesays.com\/no\/wp-json\/wp\/v2\/media\/92756"}],"wp:attachment":[{"href":"https:\/\/www.europesays.com\/no\/wp-json\/wp\/v2\/media?parent=92755"}],"wp:term":[{"taxonomy":"category","embeddable":true,"href":"https:\/\/www.europesays.com\/no\/wp-json\/wp\/v2\/categories?post=92755"},{"taxonomy":"post_tag","embeddable":true,"href":"https:\/\/www.europesays.com\/no\/wp-json\/wp\/v2\/tags?post=92755"}],"curies":[{"name":"wp","href":"https:\/\/api.w.org\/{rel}","templated":true}]}}