{"id":92757,"date":"2025-11-21T09:40:14","date_gmt":"2025-11-21T09:40:14","guid":{"rendered":"https:\/\/www.europesays.com\/no\/92757\/"},"modified":"2025-11-21T09:40:14","modified_gmt":"2025-11-21T09:40:14","slug":"feiret-bragden-med-haaland-og-de-norske-heltene","status":"publish","type":"post","link":"https:\/\/www.europesays.com\/no\/92757\/","title":{"rendered":"Feiret bragden med Haaland og de norske heltene"},"content":{"rendered":"\n<p data-testid=\"textWithMarkup-text\" data-v-6836129a=\"\" data-v-c0623ac3=\"\">Lystad er gjest i ukas episode av RB-sporten. Nordm\u00f8ringen som ble moldenser har v\u00e6rt manuellterapeut for Norges Fotballforbund i 30 \u00e5r. Han har jobbet tett p\u00e5 alle de norske profilene under Drillo, Nils Johan Semb, \u00c5ge Hareide, Per-Mathias H\u00f8gmo, Lars Lagerb\u00e4ck og St\u00e5le Solbakken.<\/p>\n<p>Leif Arne Lystad flankert av lege Ola Sand (t.v.) og fysioterapeut Thomas \u00d8degaard etter seieren mot Italia.\u00a0<strong data-v-91367220=\"\">Foto:<\/strong> PRIVAT<\/p>\n<p data-testid=\"textWithMarkup-text\" data-v-6836129a=\"\" data-v-c0623ac3=\"\">N\u00e5r Norge skal til mesterskapet som arrangeres i USA, Canada og Mexico neste sommer, er Lystad \u00e9n av kun tre i den norske delegasjonen som har erfaring fra VM-sluttspill. De to andre er landslagssjef St\u00e5le Solbakken og keepertrener Frode Grod\u00e5s, som var spillere i 1998.<\/p>\n<p>Leif Arne Lystad er gjest i ukas episode av RB-sporten.\u00a0<strong data-v-91367220=\"\">Foto:<\/strong> TROND HUSTAD<\/p>\n<p data-testid=\"textWithMarkup-text\" data-v-6836129a=\"\" data-v-c0623ac3=\"\">I podkasten forteller Lystad om veien til VM, jubelen p\u00e5 San Siro, det kongelige bes\u00f8ket i garderoben og feiringa i Oslo. Han deler sine tanker rundt Erling Haaland, Martin \u00d8degaard og de andre stjernene p\u00e5 det norske landslaget. <\/p>\n<p>Leif Arne Lystad gratulerer David M\u00f8ller Wolfe mens St\u00e5le Solbakken klemmer Erling Haaland p\u00e5 San Siro.\u00a0<strong data-v-91367220=\"\">Foto:<\/strong> Fredrik Varfjell \/ NTB<\/p>\n<p data-testid=\"textWithMarkup-text\" data-v-6836129a=\"\" data-v-c0623ac3=\"\">Lystad snakker ogs\u00e5 om \u00c5ge Hareide, som er rammet av alvorlig sjukdom. Hareide var til stede p\u00e5 kampen i Milano sammen med Kjell Inge R\u00f8kke og flere andre lokale fotballfolk. Lystad jobbet sammen med Hareide i MFK og deler noen historier fra 90-tallet.<\/p>\n<p>Det norske st\u00f8tteapparatet under VM i Frankrike i 1998. Foran f.v.: Bj\u00f8rn Nilsen, Bj\u00f8rn Hansen, Egil Drillo Olsen, Nils Johan Semb og Erik Thorstvedt. Midten f.v.  Svein Mundal, \u00d8yvind Larsen, Erik Kristiansen, Trygve Kase, Leif Arne Lystad og  Roar Robinson. Bak f.v. Jon Jamessen, Guttorm Dilling, Kjell Borgersen og Dag Vestlund.\u00a0<strong data-v-91367220=\"\">Foto:<\/strong> Trygve Indrelid \/ Aftenposten<\/p>\n<p data-testid=\"textWithMarkup-text\" data-v-6836129a=\"\" data-v-c0623ac3=\"\">Leif Arne Lystad bes\u00f8ker RB-sporten i samtale med Martin Br\u00f8ste og Trond Hustad. <\/p>\n<p data-testid=\"textWithMarkup-text\" data-v-6836129a=\"\" data-v-c0623ac3=\"\">Du kan h\u00f8re episoden p\u00e5 Spotify, i vinduet \u00f8verst i saken eller der du vanligvis h\u00f8rer podkast.<\/p>\n","protected":false},"excerpt":{"rendered":"Lystad er gjest i ukas episode av RB-sporten. Nordm\u00f8ringen som ble moldenser har v\u00e6rt manuellterapeut for Norges Fotballforbund&hellip;\n","protected":false},"author":2,"featured_media":92758,"comment_status":"","ping_status":"","sticky":false,"template":"","format":"standard","meta":{"footnotes":""},"categories":[59],"tags":[30,28,29,83,82],"class_list":{"0":"post-92757","1":"post","2":"type-post","3":"status-publish","4":"format-standard","5":"has-post-thumbnail","7":"category-sport","8":"tag-no","9":"tag-norge","10":"tag-norway","11":"tag-sport","12":"tag-sports"},"share_on_mastodon":{"url":"https:\/\/pubeurope.com\/@no\/115587030923814917","error":""},"_links":{"self":[{"href":"https:\/\/www.europesays.com\/no\/wp-json\/wp\/v2\/posts\/92757","targetHints":{"allow":["GET"]}}],"collection":[{"href":"https:\/\/www.europesays.com\/no\/wp-json\/wp\/v2\/posts"}],"about":[{"href":"https:\/\/www.europesays.com\/no\/wp-json\/wp\/v2\/types\/post"}],"author":[{"embeddable":true,"href":"https:\/\/www.europesays.com\/no\/wp-json\/wp\/v2\/users\/2"}],"replies":[{"embeddable":true,"href":"https:\/\/www.europesays.com\/no\/wp-json\/wp\/v2\/comments?post=92757"}],"version-history":[{"count":0,"href":"https:\/\/www.europesays.com\/no\/wp-json\/wp\/v2\/posts\/92757\/revisions"}],"wp:featuredmedia":[{"embeddable":true,"href":"https:\/\/www.europesays.com\/no\/wp-json\/wp\/v2\/media\/92758"}],"wp:attachment":[{"href":"https:\/\/www.europesays.com\/no\/wp-json\/wp\/v2\/media?parent=92757"}],"wp:term":[{"taxonomy":"category","embeddable":true,"href":"https:\/\/www.europesays.com\/no\/wp-json\/wp\/v2\/categories?post=92757"},{"taxonomy":"post_tag","embeddable":true,"href":"https:\/\/www.europesays.com\/no\/wp-json\/wp\/v2\/tags?post=92757"}],"curies":[{"name":"wp","href":"https:\/\/api.w.org\/{rel}","templated":true}]}}