{"id":92759,"date":"2025-11-21T09:43:07","date_gmt":"2025-11-21T09:43:07","guid":{"rendered":"https:\/\/www.europesays.com\/no\/92759\/"},"modified":"2025-11-21T09:43:07","modified_gmt":"2025-11-21T09:43:07","slug":"det-blir-bare-verre-volkswagen-deler-en-trist-beskjed","status":"publish","type":"post","link":"https:\/\/www.europesays.com\/no\/92759\/","title":{"rendered":"Det blir bare verre: Volkswagen deler en trist beskjed"},"content":{"rendered":"<p>Volkswagen st\u00e5r midt i en finansielle situasjon som er s\u00e5 alvorlig at den kan p\u00e5virke b\u00e5de utviklingsplaner og framtidige bilmodeller. <\/p>\n<p>If\u00f8lge opplysninger fra interne kilder har konsernet et betydelig underskudd som gj\u00f8r det n\u00f8dvendig \u00e5 sette flere sentrale investeringer p\u00e5 vent.<\/p>\n<p>Investeringer utsettes p\u00e5 ubestemt tid<\/p>\n<p>Den tyske avisen Bild skriver at Volkswagen mangler rundt 11 milliarder euro i investeringsplanen for 2026. <\/p>\n<p>Styret har derfor valgt \u00e5 utsette godkjenningen av en st\u00f8rre investeringspakke som skal avgj\u00f8re hvilke modeller som skal videreutvikles, hvilke fabrikker som skal moderniseres og hvilke teknologier som skal prioriteres i \u00e5rene fremover.<\/p>\n<p>Kildene ansl\u00e5r at beslutningene kan bli forsinket i flere m\u00e5neder. <\/p>\n<p>Den \u00f8konomiske usikkerheten forventes \u00e5 f\u00e5 globale konsekvenser for b\u00e5de Volkswagen og konsernets omfattende nettverk av underleverand\u00f8rer. <\/p>\n<p>Flere utviklingsprosjekter kan bli satt p\u00e5 pause, og enkelte p\u00e5begynte moderniseringer risikerer \u00e5 bli stoppet.<\/p>\n<p>Det skriver mediet <a href=\"https:\/\/tekniikanmaailma.fi\/volkswagenin-ahdinko-syvenee\/#google_vignette\" target=\"_blank\" rel=\"noopener nofollow\">tekniikanmaailma<\/a>.<\/p>\n<p>\u00c5rsakene bak krisen<\/p>\n<p>Situasjonen er et resultat av flere forhold. Volkswagens amerikanske virksomhet har f\u00e5tt overskuddet redusert med 67 prosent, delvis p\u00e5 grunn av \u00f8kte importtollsatser. <\/p>\n<p>Konsernet opplever samtidig h\u00f8yere produksjonskostnader, lavere ettersp\u00f8rsel i Kina og Europa og en betydelig \u00f8konomisk belastning knyttet til overgangen til elektriske drivlinjer.<\/p>\n<p>Volkswagen har forpliktet seg til investeringer p\u00e5 om lag 160 milliarder euro i en strategi som omfatter elbiler, programvareutvikling, plattformer og modernisering av fabrikkbygg. <\/p>\n<p>En vesentlig del av denne planen er n\u00e5 midlertidig frosset. Analytikere peker p\u00e5 at driftsmarginen har falt markant og ligger betydelig under niv\u00e5et til konkurrenter som BMW og Mercedes.<\/p>\n<p>Mulige konsekvenser for modeller og fabrikker<\/p>\n<p>Investeringsstansen ber\u00f8rer nesten 100 fabrikker globalt. Moderniseringer utsettes, og tidsplanene for kommende bilmodeller kan bli skj\u00f8vet frem i tid. <\/p>\n<p>Flere prosjekter som er planlagt mot slutten av 2020-\u00e5rene, risikerer omfattende forsinkelser eller full avlysning. <\/p>\n<p>Dette kan gjelde alt fra designvalg til batteriproduksjon og utvikling av nye elbiler og SUV-modeller.<\/p>\n<p>Forbrukere kan i l\u00f8pet av de kommende \u00e5rene oppleve et redusert utvalg av nye Volkswagen-modeller, s\u00e6rlig innen elbilsegmentet. <\/p>\n<p>Investeringene hos Audi i USA er ogs\u00e5 i faresonen dersom nedprioriteringer blir n\u00f8dvendige.<\/p>\n<p>En kritisk periode for Volkswagen<\/p>\n<p>Konsernet har enkelte lyspunkter i form av sterke SUV-modeller og gode sikkerhetsvurderinger, men disse resultatene er ikke nok til \u00e5 kompensere for bredden i utfordringene.<\/p>\n<p>Volkswagen har ikke \u00f8nsket \u00e5 kommentere opplysningene. <\/p>\n<p>Situasjonen beskrives av flere kilder som alvorlig, og raske l\u00f8sninger anses som n\u00f8dvendige for \u00e5 hindre omfattende konsekvenser for konsernets modellplaner de neste \u00e5rene.<\/p>\n","protected":false},"excerpt":{"rendered":"Volkswagen st\u00e5r midt i en finansielle situasjon som er s\u00e5 alvorlig at den kan p\u00e5virke b\u00e5de utviklingsplaner og&hellip;\n","protected":false},"author":2,"featured_media":92760,"comment_status":"","ping_status":"","sticky":false,"template":"","format":"standard","meta":{"footnotes":""},"categories":[56],"tags":[60,61,62,30,28,29],"class_list":{"0":"post-92759","1":"post","2":"type-post","3":"status-publish","4":"format-standard","5":"has-post-thumbnail","7":"category-naeringsliv","8":"tag-business","9":"tag-economy","10":"tag-naeringsliv","11":"tag-no","12":"tag-norge","13":"tag-norway"},"share_on_mastodon":{"url":"https:\/\/pubeurope.com\/@no\/115587042846079813","error":""},"_links":{"self":[{"href":"https:\/\/www.europesays.com\/no\/wp-json\/wp\/v2\/posts\/92759","targetHints":{"allow":["GET"]}}],"collection":[{"href":"https:\/\/www.europesays.com\/no\/wp-json\/wp\/v2\/posts"}],"about":[{"href":"https:\/\/www.europesays.com\/no\/wp-json\/wp\/v2\/types\/post"}],"author":[{"embeddable":true,"href":"https:\/\/www.europesays.com\/no\/wp-json\/wp\/v2\/users\/2"}],"replies":[{"embeddable":true,"href":"https:\/\/www.europesays.com\/no\/wp-json\/wp\/v2\/comments?post=92759"}],"version-history":[{"count":0,"href":"https:\/\/www.europesays.com\/no\/wp-json\/wp\/v2\/posts\/92759\/revisions"}],"wp:featuredmedia":[{"embeddable":true,"href":"https:\/\/www.europesays.com\/no\/wp-json\/wp\/v2\/media\/92760"}],"wp:attachment":[{"href":"https:\/\/www.europesays.com\/no\/wp-json\/wp\/v2\/media?parent=92759"}],"wp:term":[{"taxonomy":"category","embeddable":true,"href":"https:\/\/www.europesays.com\/no\/wp-json\/wp\/v2\/categories?post=92759"},{"taxonomy":"post_tag","embeddable":true,"href":"https:\/\/www.europesays.com\/no\/wp-json\/wp\/v2\/tags?post=92759"}],"curies":[{"name":"wp","href":"https:\/\/api.w.org\/{rel}","templated":true}]}}