{"id":92761,"date":"2025-11-21T09:44:09","date_gmt":"2025-11-21T09:44:09","guid":{"rendered":"https:\/\/www.europesays.com\/no\/92761\/"},"modified":"2025-11-21T09:44:09","modified_gmt":"2025-11-21T09:44:09","slug":"langer-ut-mot-magne-leros-ukraina-dom","status":"publish","type":"post","link":"https:\/\/www.europesays.com\/no\/92761\/","title":{"rendered":"Langer ut mot Magne Ler\u00f8s Ukraina-dom"},"content":{"rendered":"<p>\n        KRITISKE: B\u00e5de fra venstre Palle Ydsteb\u00f8, Jonas Andersen Sayed og John F\u00e6rstad er uenig i redakt\u00f8r Magne Ler\u00f8s Ukrania-utspill.<br \/>\n        Karl Almedal \/ Anders Artmark Aanensen \/ Ole Berg-Rusten\/NTB\n    <\/p>\n<p>    Redakt\u00f8r Magne Ler\u00f8 mener Ukraina m\u00e5 innse at slaget er tapt og godta tapte landomr\u00e5der. Det skaper sterke reaksjoner.\u00a0<\/p>\n<p>I forrige uke deltok sjefredakt\u00f8r Magne Ler\u00f8 i Dagens Perspektiv p\u00e5 NRK Debatten mot Venstres Guri Melby og NUPI-forsker Karsten Friis.\u00a0<\/p>\n<p>\u2013 Ukraina taper terreng nesten hver eneste dag i krigen. Jeg tror det er umulig \u00e5 bevilge seg til \u00e5 vinne denne krigen, sa Ler\u00f8 i debatten.<\/p>\n<p>Etter en str\u00f8m av tilbakemeldinger, bestemte Ler\u00f8 seg for \u00e5 utdype sine synspunkt i en lederartikkel.<\/p>\n","protected":false},"excerpt":{"rendered":"KRITISKE: B\u00e5de fra venstre Palle Ydsteb\u00f8, Jonas Andersen Sayed og John F\u00e6rstad er uenig i redakt\u00f8r Magne Ler\u00f8s&hellip;\n","protected":false},"author":2,"featured_media":92762,"comment_status":"","ping_status":"","sticky":false,"template":"","format":"standard","meta":{"footnotes":""},"categories":[12],"tags":[20,21,24,25,15,22,23,13,30,28,29,14,16,26,27,42,43,44,45],"class_list":{"0":"post-92761","1":"post","2":"type-post","3":"status-publish","4":"format-standard","5":"has-post-thumbnail","7":"category-verden","8":"tag-breaking-news","9":"tag-breakingnews","10":"tag-featured-news","11":"tag-featurednews","12":"tag-headlines","13":"tag-latest-news","14":"tag-latestnews","15":"tag-news","16":"tag-no","17":"tag-norge","18":"tag-norway","19":"tag-nyheter","20":"tag-overskrifter","21":"tag-top-stories","22":"tag-topstories","23":"tag-verden","24":"tag-world","25":"tag-world-news","26":"tag-worldnews"},"share_on_mastodon":{"url":"https:\/\/pubeurope.com\/@no\/115587046665432649","error":""},"_links":{"self":[{"href":"https:\/\/www.europesays.com\/no\/wp-json\/wp\/v2\/posts\/92761","targetHints":{"allow":["GET"]}}],"collection":[{"href":"https:\/\/www.europesays.com\/no\/wp-json\/wp\/v2\/posts"}],"about":[{"href":"https:\/\/www.europesays.com\/no\/wp-json\/wp\/v2\/types\/post"}],"author":[{"embeddable":true,"href":"https:\/\/www.europesays.com\/no\/wp-json\/wp\/v2\/users\/2"}],"replies":[{"embeddable":true,"href":"https:\/\/www.europesays.com\/no\/wp-json\/wp\/v2\/comments?post=92761"}],"version-history":[{"count":0,"href":"https:\/\/www.europesays.com\/no\/wp-json\/wp\/v2\/posts\/92761\/revisions"}],"wp:featuredmedia":[{"embeddable":true,"href":"https:\/\/www.europesays.com\/no\/wp-json\/wp\/v2\/media\/92762"}],"wp:attachment":[{"href":"https:\/\/www.europesays.com\/no\/wp-json\/wp\/v2\/media?parent=92761"}],"wp:term":[{"taxonomy":"category","embeddable":true,"href":"https:\/\/www.europesays.com\/no\/wp-json\/wp\/v2\/categories?post=92761"},{"taxonomy":"post_tag","embeddable":true,"href":"https:\/\/www.europesays.com\/no\/wp-json\/wp\/v2\/tags?post=92761"}],"curies":[{"name":"wp","href":"https:\/\/api.w.org\/{rel}","templated":true}]}}