{"id":92763,"date":"2025-11-21T09:45:09","date_gmt":"2025-11-21T09:45:09","guid":{"rendered":"https:\/\/www.europesays.com\/no\/92763\/"},"modified":"2025-11-21T09:45:09","modified_gmt":"2025-11-21T09:45:09","slug":"forbruker-elverum-stromprisene-blir-uvanlig-hoye-fredag","status":"publish","type":"post","link":"https:\/\/www.europesays.com\/no\/92763\/","title":{"rendered":"Forbruker, Elverum | Str\u00f8mprisene blir uvanlig h\u00f8ye fredag"},"content":{"rendered":"\n<p><b>Fredag er det de h\u00f8yeste prisene i \u00d8sterdalen, Elverum og Sol\u00f8r s\u00e5 langt i h\u00f8st.<\/b><\/p>\n<p>Fredagens h\u00f8yeste pris kommer klokka 17 med 359 \u00f8re\/kWh.\u00a0<\/p>\n<p>Laveste pris er 127 \u00f8re\/kWh kl. 03 natt til l\u00f8rdag.\u00a0<\/p>\n<p>Det viser en oversikt fra <a rel=\"Follow nofollow noopener\" href=\"https:\/\/www.strompriser.no\/\" target=\"_blank\">strompriser.no<\/a>.<\/p>\n<p>\u2013 Str\u00f8mprisene blir uvanlig h\u00f8ye p\u00e5 grunn av kombinasjonen av kaldt v\u00e6r, h\u00f8yt str\u00f8mforbruk og lite vindkraft i timene med pristopp. I tillegg struper svenske vannkraftverk produksjonen for \u00e5 f\u00e5 kontrollert islegging av elver og vann, noe som l\u00f8fter prisene i hele Norden. N\u00e5r dette skjer samtidig ender vi opp med de sv\u00e6rt h\u00f8ye prisene vi ser i dag, sier Alf-Henning Drage i strompriser.no via en pressemelding.<\/p>\n<p>Med dagens prisniv\u00e5 fremst\u00e5r Norgespris som det rimeligste alternativet for de fleste husholdninger.\u00a0<\/p>\n<p>If\u00f8lge Drage har 48 prosent av befolkningen i for eksempel Hamar kommune valgt ordningen. Det er ganske n\u00f8yaktig det samme som resten av str\u00f8mprisomr\u00e5de NO1, som dekker \u00d8stlandet.<\/p>\n<p>Ordningen gir en fast pris p\u00e5 50 \u00f8re\/kWh inkludert mva., uavhengig av spotpris, og gjelder for inntil 5 000 kWh per m\u00e5ned.<\/p>\n<p>Sammenlignet med dagens snittpris p\u00e5 208 \u00f8re\/kWh utgj\u00f8r det en besparelse p\u00e5 158 \u00f8re\/kWh.<\/p>\n<p>\u2013 Det er nesten garantert at Norgespris vil l\u00f8nne seg for forbrukere p\u00e5 Hedmarken slik prisbildet ser ut n\u00e5, sier Drage.<\/p>\n<p>Han mener det ogs\u00e5 er sannsynlig at vi f\u00e5r enda h\u00f8yere topper i vinter.<\/p>\n<p>\u2013 Det er ogs\u00e5 sannsynlig at vi f\u00e5r enda h\u00f8yere topper i vinter. For de som likevel velger spotpris dekker str\u00f8mst\u00f8tten deler av pristoppene i de h\u00f8yeste timene, men niv\u00e5et blir fortsatt h\u00f8yt, avslutter Drage<\/p>\n","protected":false},"excerpt":{"rendered":"Fredag er det de h\u00f8yeste prisene i \u00d8sterdalen, Elverum og Sol\u00f8r s\u00e5 langt i h\u00f8st. Fredagens h\u00f8yeste pris&hellip;\n","protected":false},"author":2,"featured_media":92764,"comment_status":"","ping_status":"","sticky":false,"template":"","format":"standard","meta":{"footnotes":"","_share_on_mastodon":"0"},"categories":[10],"tags":[4178,7554,36,575,20,21,1070,8137,24,25,4179,823,15,22,23,1272,13,30,28,29,14,2932,16,2256,7555,1510,4176,26,27,2040,4177,1986],"class_list":["post-92763","post","type-post","status-publish","format-standard","has-post-thumbnail","category-norge","tag-alvdal","tag-amot","tag-art","tag-asnes","tag-breaking-news","tag-breakingnews","tag-elverum","tag-engerdal","tag-featured-news","tag-featurednews","tag-folldal","tag-forbruker","tag-headlines","tag-latest-news","tag-latestnews","tag-loten","tag-news","tag-no","tag-norge","tag-norway","tag-nyheter","tag-os","tag-overskrifter","tag-rendalen","tag-stor-elvdal","tag-story","tag-tolga","tag-top-stories","tag-topstories","tag-trysil","tag-tynset","tag-valer"],"share_on_mastodon":{"url":"https:\/\/pubeurope.com\/@no\/115587050761950652","error":""},"_links":{"self":[{"href":"https:\/\/www.europesays.com\/no\/wp-json\/wp\/v2\/posts\/92763","targetHints":{"allow":["GET"]}}],"collection":[{"href":"https:\/\/www.europesays.com\/no\/wp-json\/wp\/v2\/posts"}],"about":[{"href":"https:\/\/www.europesays.com\/no\/wp-json\/wp\/v2\/types\/post"}],"author":[{"embeddable":true,"href":"https:\/\/www.europesays.com\/no\/wp-json\/wp\/v2\/users\/2"}],"replies":[{"embeddable":true,"href":"https:\/\/www.europesays.com\/no\/wp-json\/wp\/v2\/comments?post=92763"}],"version-history":[{"count":0,"href":"https:\/\/www.europesays.com\/no\/wp-json\/wp\/v2\/posts\/92763\/revisions"}],"wp:featuredmedia":[{"embeddable":true,"href":"https:\/\/www.europesays.com\/no\/wp-json\/wp\/v2\/media\/92764"}],"wp:attachment":[{"href":"https:\/\/www.europesays.com\/no\/wp-json\/wp\/v2\/media?parent=92763"}],"wp:term":[{"taxonomy":"category","embeddable":true,"href":"https:\/\/www.europesays.com\/no\/wp-json\/wp\/v2\/categories?post=92763"},{"taxonomy":"post_tag","embeddable":true,"href":"https:\/\/www.europesays.com\/no\/wp-json\/wp\/v2\/tags?post=92763"}],"curies":[{"name":"wp","href":"https:\/\/api.w.org\/{rel}","templated":true}]}}