{"id":92770,"date":"2025-11-21T09:51:14","date_gmt":"2025-11-21T09:51:14","guid":{"rendered":"https:\/\/www.europesays.com\/no\/92770\/"},"modified":"2025-11-21T09:51:14","modified_gmt":"2025-11-21T09:51:14","slug":"debatt-eu-robert-bergersen-skaar-kommer-med-lovord-om-eu-etter-at-han-sendte-sin-datter-pa-studietur-til-fransk-guyana","status":"publish","type":"post","link":"https:\/\/www.europesays.com\/no\/92770\/","title":{"rendered":"Debatt, EU | Robert Bergersen Skaar kommer med lovord om EU etter at han sendte sin datter p\u00e5 studietur til Fransk Guyana."},"content":{"rendered":"\n<p><b>Min datter kan<\/b> dra p\u00e5 studietur gjennom EU sitt <a href=\"https:\/\/en.wikipedia.org\/wiki\/Erasmus_Programme\" rel=\"Follow nofollow noopener\" target=\"_blank\">Erasmus-program<\/a>. Siden Fransk Guyana er et fransk oversj\u00f8isk territorium, er omr\u00e5det \u00e5 anse som en del av EU. Det betyr at hun kan \u00abRoam like home\u00bb med mobilen. Takket v\u00e6re <a href=\"https:\/\/en.wikipedia.org\/wiki\/European_Union_roaming_regulations\" rel=\"Follow nofollow noopener\" target=\"_blank\">EU-regler<\/a>.<\/p>\n<p>Dette tror jeg de aller fleste er glad for. Selv den mest hardbarkede EU-motstander synes dette er fint. Ta deg en tur til Sveits om du vil mimre litt om gamle dager. Men ikke d\u00e5n n\u00e5r du ser regningen.<\/p>\n<p><b>P\u00e5 turen har<\/b> hun heldigvis med seg <a href=\"https:\/\/www.helsenorge.no\/turist-i-utlandet\/europeisk-helsetrygdkort\" rel=\"Follow nofollow noopener\" target=\"_blank\">EU sitt helsetrygdekort<\/a>. H\u00e5per hun ikke trenger det, men det er fint \u00e5 vite for oss foreldre.<\/p>\n<p>S\u00e5 har hun med seg sertifikatet sitt, som selvf\u00f8lgelig er <a href=\"https:\/\/www.vegvesen.no\/forerkort\/har-forerkort\/forerkort-i-og-utenfor-norge\/norske-forerkort-i-utlandet\" rel=\"Follow nofollow noopener\" target=\"_blank\">godkjent i EU<\/a>. Jo da, litt neglebiting blir det jo alltid. Men hun er en flink og forsiktig sj\u00e5f\u00f8r.<\/p>\n<p>N\u00e5 kj\u00f8rer hun visstnok en fossil-bil der, men hjemme kj\u00f8rer hun v\u00e5r elbil. Den er forresten EU-godkjent. Det gj\u00f8r at hun kan l\u00e5ne den med seg p\u00e5 en ferietur utenlands om hun vil. Og f\u00e5r lov. EU har selvf\u00f8lgelig ogs\u00e5 for lengst pekt ut en felles lade-l\u00f8sning s\u00e5nn at vi slipper \u00e5 styre med <a href=\"https:\/\/en.wikipedia.org\/wiki\/Combined_Charging_System\" rel=\"Follow nofollow noopener\" target=\"_blank\">forskjellige st\u00f8psel<\/a>.<\/p>\n<p><b>Selvf\u00f8lgelig har hun<\/b> med seg mobilen, headset, kamera, ladebank osv. Alt dette kan hun lade med en lader, og en ledning, fordi EU har f\u00e5tt innf\u00f8rt felles regler for <a href=\"https:\/\/commission.europa.eu\/news-and-media\/news\/eu-common-charger-rules-power-all-your-devices-single-charger-2024-12-28_en\" rel=\"Follow nofollow noopener\" target=\"_blank\">ladere til elektronikk<\/a>.<\/p>\n<p>Hun liker \u00e5 \u00abtappe\u00bb med mobilen, og tidvis g\u00e5r vippsen litt varm. Men takket v\u00e6re EU s\u00e5 funker alts\u00e5 dette p\u00e5 <a href=\"https:\/\/www.op.no\/vipps-lanserer-tapping-i-norge-betal-med-mobilen-uten-a-apne-appen\/s\/5-36-1692956\" rel=\"Follow nofollow noopener\" target=\"_blank\">iPhonen hennes.<\/a><\/p>\n<p><b>Jeg har hatt<\/b> henne med p\u00e5 en av mine 8 <a href=\"https:\/\/www.interrail.eu\/en\/interrail-passes\/what-is-discovereu\" rel=\"Follow nofollow noopener\" target=\"_blank\">Interrailturer<\/a> siste 3 \u00e5rene. Jeg synes nok det er g\u00f8yere enn henne, men b\u00e5de Interrail, pass-regler, og nasjonalt ID-kort er brillefine EU-ordninger. Er hun heldig kan hun f\u00e5 seg en gratis ferie gjennom DiscoverEU.<\/p>\n<p>Uansett hvor vi reiser i EU s\u00e5 vet vi ogs\u00e5 at matvarer skal inneholde en <a href=\"https:\/\/europa.eu\/youreurope\/business\/product-requirements\/food-labelling\/general-rules\/index_en.htm\" rel=\"Follow nofollow noopener\" target=\"_blank\">ingrediensliste<\/a>. Det synes jeg er fint.<\/p>\n<p><b>Jeg synes jo<\/b> det er litt artig \u00e5 tenke p\u00e5 at jentungen min er i et EU-land i S\u00f8r-Amerika. Som forresten er stedet hvor EU sender opp sine <a href=\"https:\/\/en.wikipedia.org\/wiki\/Guiana_Space_Centre\" rel=\"Follow nofollow noopener\" target=\"_blank\">romraketter.<\/a><\/p>\n<p>S\u00e5 f\u00e5r vi heller snakke om fransk kolonialisme en annen gang.<\/p>\n<p>Dette er en br\u00f8kdel av det EU betyr for meg. Hvordan er det med deg?<\/p>\n","protected":false},"excerpt":{"rendered":"Min datter kan dra p\u00e5 studietur gjennom EU sitt Erasmus-program. Siden Fransk Guyana er et fransk oversj\u00f8isk territorium,&hellip;\n","protected":false},"author":2,"featured_media":92771,"comment_status":"","ping_status":"","sticky":false,"template":"","format":"standard","meta":{"footnotes":""},"categories":[12],"tags":[36,20,21,37,12085,279,12086,10786,24,25,15,22,23,13,30,28,29,14,1533,16,26,27,42,43,44,45],"class_list":{"0":"post-92770","1":"post","2":"type-post","3":"status-publish","4":"format-standard","5":"has-post-thumbnail","7":"category-verden","8":"tag-art","9":"tag-breaking-news","10":"tag-breakingnews","11":"tag-debatt","12":"tag-erasmus","13":"tag-eu","14":"tag-eu-debatt","15":"tag-eu-medlemskap","16":"tag-featured-news","17":"tag-featurednews","18":"tag-headlines","19":"tag-latest-news","20":"tag-latestnews","21":"tag-news","22":"tag-no","23":"tag-norge","24":"tag-norway","25":"tag-nyheter","26":"tag-opinion","27":"tag-overskrifter","28":"tag-top-stories","29":"tag-topstories","30":"tag-verden","31":"tag-world","32":"tag-world-news","33":"tag-worldnews"},"share_on_mastodon":{"url":"https:\/\/pubeurope.com\/@no\/115587074234435250","error":""},"_links":{"self":[{"href":"https:\/\/www.europesays.com\/no\/wp-json\/wp\/v2\/posts\/92770","targetHints":{"allow":["GET"]}}],"collection":[{"href":"https:\/\/www.europesays.com\/no\/wp-json\/wp\/v2\/posts"}],"about":[{"href":"https:\/\/www.europesays.com\/no\/wp-json\/wp\/v2\/types\/post"}],"author":[{"embeddable":true,"href":"https:\/\/www.europesays.com\/no\/wp-json\/wp\/v2\/users\/2"}],"replies":[{"embeddable":true,"href":"https:\/\/www.europesays.com\/no\/wp-json\/wp\/v2\/comments?post=92770"}],"version-history":[{"count":0,"href":"https:\/\/www.europesays.com\/no\/wp-json\/wp\/v2\/posts\/92770\/revisions"}],"wp:featuredmedia":[{"embeddable":true,"href":"https:\/\/www.europesays.com\/no\/wp-json\/wp\/v2\/media\/92771"}],"wp:attachment":[{"href":"https:\/\/www.europesays.com\/no\/wp-json\/wp\/v2\/media?parent=92770"}],"wp:term":[{"taxonomy":"category","embeddable":true,"href":"https:\/\/www.europesays.com\/no\/wp-json\/wp\/v2\/categories?post=92770"},{"taxonomy":"post_tag","embeddable":true,"href":"https:\/\/www.europesays.com\/no\/wp-json\/wp\/v2\/tags?post=92770"}],"curies":[{"name":"wp","href":"https:\/\/api.w.org\/{rel}","templated":true}]}}