{"id":92784,"date":"2025-11-21T10:01:37","date_gmt":"2025-11-21T10:01:37","guid":{"rendered":"https:\/\/www.europesays.com\/no\/92784\/"},"modified":"2025-11-21T10:01:37","modified_gmt":"2025-11-21T10:01:37","slug":"silje-31-for-sesongapningen-et-ekstra-spenningsmoment-itromso-no","status":"publish","type":"post","link":"https:\/\/www.europesays.com\/no\/92784\/","title":{"rendered":"(+) Silje (31) f\u00f8r sesong\u00e5pningen: \u2013 Et ekstra spenningsmoment &#8211; itromso.no"},"content":{"rendered":"<ol>\n<li><a href=\"https:\/\/news.google.com\/rss\/articles\/CBMimAFBVV95cUxNME1hYjRCbzNWU0pPTVpMQmtLTXk1blJQcERwWFNjMUtQQkRQYnRIaTNYemV4WXRPYnlwNUJQdVZyc09IajBfNjB1bFk1bVNSOUZlOFBOQk02c0NKVFR5Ny1CTEVzOGF1Q3g5Z3FGS21FeEU4QTJEa241cWR4UkZQM0xpajJGbkZHZGFTMEl0dU43ZFVrcjBuZQ?oc=5\" target=\"_blank\" rel=\"nofollow noopener\">(+) Silje (31) f\u00f8r sesong\u00e5pningen: \u2013 Et ekstra spenningsmoment<\/a>&nbsp;&nbsp;itromso.no<\/li>\n<li><a href=\"https:\/\/news.google.com\/rss\/articles\/CBMizAFBVV95cUxNN3JVUHYwSlZKd3U0OGNIZGNXa2NzSDFscTQxcVFSVWU2QVJRNml4Q0Voc3hLMXJiUXNvUUU5SHZNcUR5WFNpSlUwQXBWeGxaaHhuWDc0a1ZtWEpuYXNyVnpFMGVaUkxjcmRseTl6dk1wMTVscUF4WjQ5d1BhcGIwcUdWZ1N1ZXFSU1FqYlBmMkVHcUR5b2JweW9RWlNCYVJCai1ONlJ5WFpFVTZwYW1QNWVQYkxWSFJlLVU3bUJMRmIzekpiMEtmdThlLWY?oc=5\" target=\"_blank\" rel=\"nofollow noopener\">Sprengkulde i svensk langrenns\u00e5pning \u2013 arrang\u00f8ren tar grep<\/a>&nbsp;&nbsp;TV2.no<\/li>\n<li><a href=\"https:\/\/news.google.com\/rss\/articles\/CBMihgFBVV95cUxOYUIzQXVDWEpOZ1NPYktOSDlhMGVVNXJ2QVhDMWp5TVk5WDBFSWRBTzRicWF0TUkyVDJTUUUzb1hlQjBwb0toOHQ3cmNLcV9ldURWMmJja3pINk9QMUhjWVJoQmdHd19SVnp5QlNvdm1Xam1GZVJJaTA0SWEydVUyVEMyS2RuQQ?oc=5\" target=\"_blank\" rel=\"nofollow noopener\">(+) F\u00f8lg de lokale skipro\u00adfilene i sesong\u00ad\u00e5pnin\u00adgen<\/a>&nbsp;&nbsp;fvn.no<\/li>\n<li><a href=\"https:\/\/news.google.com\/rss\/articles\/CBMijAFBVV95cUxPS2JoSmJKUGdNc19MTXExT1MwODZIeUhiaHJSYktlSDEzVjNQS3I2d1Y0NUItZWo3SUdCcXNUREw0cnhnMzF3MVcyMTRQT3NaUkdVbE5sSjNXODE5VmVRR0F6VWphWWNRdEFyQkE0ZFppSW8ydXBoTGR2V3dMOHRJaHZWNnBNdGVud2JRMg?oc=5\" target=\"_blank\" rel=\"nofollow noopener\">(+) Vi f\u00f8lger Valnes direkte i sesong\u00e5pningen<\/a>&nbsp;&nbsp;itromso.no<\/li>\n<li><a href=\"https:\/\/news.google.com\/rss\/articles\/CBMi8gFBVV95cUxOaVJXMFFzQjBnNThyTFYzZWE3aTZ2cndpamRsQWtrVzEwMTd6TklvYjE2QUlIQlp2UTc2NFpXaDFjVmdtcFdVOTExVFNzaXdrbnBfVzVRRWNoUW1fNVF0eEpoRnhralFoQ0NXZDh2clpFbklfWXA4RDZvdEpFQnBHWVR2eXZ1bWVTMDRnbHlUdDdSM2dtelJ1LVBaYXZBREhPeUtNU295eHhJd09CYUNpY1BfOVJyb0NTdHRzQ1N1WVdGWUhBSkpaNndxS3htN2FyZmYwZjNLQWl3TWRYU2piRVctQnd6OHdhNTZtdlYzemZuQQ?oc=5\" target=\"_blank\" rel=\"nofollow noopener\">Program for sesong\u00e5pningen p\u00e5 Beitost\u00f8len 2025<\/a>&nbsp;&nbsp;MSN<\/li>\n<\/ol>\n","protected":false},"excerpt":{"rendered":"(+) Silje (31) f\u00f8r sesong\u00e5pningen: \u2013 Et ekstra spenningsmoment&nbsp;&nbsp;itromso.no Sprengkulde i svensk langrenns\u00e5pning \u2013 arrang\u00f8ren tar grep&nbsp;&nbsp;TV2.no (+)&hellip;\n","protected":false},"author":2,"featured_media":92785,"comment_status":"","ping_status":"","sticky":false,"template":"","format":"standard","meta":{"footnotes":""},"categories":[59],"tags":[12007,30,28,29,12087,83,82],"class_list":{"0":"post-92784","1":"post","2":"type-post","3":"status-publish","4":"format-standard","5":"has-post-thumbnail","7":"category-sport","8":"tag-beitostolen","9":"tag-no","10":"tag-norge","11":"tag-norway","12":"tag-silje-theodorsen","13":"tag-sport","14":"tag-sports"},"share_on_mastodon":{"url":"https:\/\/pubeurope.com\/@no\/115587113509477927","error":""},"_links":{"self":[{"href":"https:\/\/www.europesays.com\/no\/wp-json\/wp\/v2\/posts\/92784","targetHints":{"allow":["GET"]}}],"collection":[{"href":"https:\/\/www.europesays.com\/no\/wp-json\/wp\/v2\/posts"}],"about":[{"href":"https:\/\/www.europesays.com\/no\/wp-json\/wp\/v2\/types\/post"}],"author":[{"embeddable":true,"href":"https:\/\/www.europesays.com\/no\/wp-json\/wp\/v2\/users\/2"}],"replies":[{"embeddable":true,"href":"https:\/\/www.europesays.com\/no\/wp-json\/wp\/v2\/comments?post=92784"}],"version-history":[{"count":0,"href":"https:\/\/www.europesays.com\/no\/wp-json\/wp\/v2\/posts\/92784\/revisions"}],"wp:featuredmedia":[{"embeddable":true,"href":"https:\/\/www.europesays.com\/no\/wp-json\/wp\/v2\/media\/92785"}],"wp:attachment":[{"href":"https:\/\/www.europesays.com\/no\/wp-json\/wp\/v2\/media?parent=92784"}],"wp:term":[{"taxonomy":"category","embeddable":true,"href":"https:\/\/www.europesays.com\/no\/wp-json\/wp\/v2\/categories?post=92784"},{"taxonomy":"post_tag","embeddable":true,"href":"https:\/\/www.europesays.com\/no\/wp-json\/wp\/v2\/tags?post=92784"}],"curies":[{"name":"wp","href":"https:\/\/api.w.org\/{rel}","templated":true}]}}