{"id":92812,"date":"2025-11-21T10:23:12","date_gmt":"2025-11-21T10:23:12","guid":{"rendered":"https:\/\/www.europesays.com\/no\/92812\/"},"modified":"2025-11-21T10:23:12","modified_gmt":"2025-11-21T10:23:12","slug":"jeg-tenkte-na-er-det-over-na-er-jeg-for-gammel","status":"publish","type":"post","link":"https:\/\/www.europesays.com\/no\/92812\/","title":{"rendered":"\u2013 Jeg tenkte \u00abn\u00e5 er det over, n\u00e5 er jeg for gammel\u00bb"},"content":{"rendered":"<p>\u2013 Jeg har aldri hatt noen store dr\u00f8mmer, en plan om \u00e5 ta over verden, og jeg har aldri skrevet en l\u00e5t i dur.<\/p>\n<p>Line Saus har nettopp f\u00e5tt det store sp\u00f8rsm\u00e5let \u00abhvorfor musikk\u00bb.<\/p>\n<p>Inne p\u00e5 kj\u00f8kkenet i dette huset som snart er 100 \u00e5r gammelt, lukter det kanelboller og nytrukket kaffe. Nina Simone synger noe jazzete i bakgrunnen, sn\u00f8en har tatt en velfortjent pause utenfor.<\/p>\n<p>Det er kanskje ikke denne koselighetsgraden man hadde ventet seg, skulle man gjettet seg til hvem hun er og hvor hun bor kun basert p\u00e5 musikken hennes \u2013 det raffe, kule, nordicnoir-aktige i uttrykket.<\/p>\n<p><img decoding=\"async\" src=\"data:image\/gif;base64,R0lGODlhEAAJAIAAAP\/\/\/wAAACH5BAEAAAAALAAAAAAQAAkAAAIKhI+py+0Po5yUFQA7\" alt=\"\"\/><br \/>\n  EP-en \u00abDown the Hole\u00bb fra 2019.<br \/>\n  <strong>Foto:<\/strong> Marianne Saus<\/p>\n<p>Saus ler.<\/p>\n<p>\u2013 Hvis du sp\u00f8r mannen min vil han nok si at jeg kan v\u00e6re like kantete som musikken min, og pessimistisk av natur, sier hun og legger til et \u00abnei da\u00bb.<\/p>\n<p>Men denne \u00abhappy go lucky\u00bb-stemninga i kunsten, den har hun aldri blitt tiltrukket av.<\/p>\n<p>\u2013 Det m\u00e5 v\u00e6re noe der som skurrer, noe som er skjevt, en kant som man kan snuble i for at det skal v\u00e6re interessant for meg.<\/p>\n<p>\u2013 Det blir som p\u00e5 film. Hvem gidder \u00e5 se en film der alt bare g\u00e5r bra hele tida?<\/p>\n<p><img decoding=\"async\" src=\"data:image\/gif;base64,R0lGODlhEAAJAIAAAP\/\/\/wAAACH5BAEAAAAALAAAAAAQAAkAAAIKhI+py+0Po5yUFQA7\" alt=\"\"\/><br \/>\n  I et gammelt hus ved R\u00f8stbakken bor Line Saus sammen med mannen sin og s\u00f8nnen p\u00e5 17. Dattera p\u00e5 20 \u00e5r bor i K\u00f8benhavn.<br \/>\n  <strong>Foto:<\/strong> Eline Gr\u00f8nvoll\u2013 Jeg bare hoppet p\u00e5 en buss<\/p>\n<p>Saus var 50 \u00e5r da hun ga ut sin f\u00f8rste plate, og for noen uker siden kom album nummer to.<\/p>\n<p>Likevel, hun er ingen fersking.<\/p>\n<p>Siden nittitallet har hun v\u00e6rt i front av flere rockeband, blant annet Pulp Vixen, Polka Jugend og John Walkers.<\/p>\n<p>S\u00e6rlig Pulp Vixen fikk masse oppmerksomhet og muligheter rundt omkring i landet.<\/p>\n<p>\u2013 Jeg har nok alltid hatt mye rock i meg, sier Saus og ser opp, som for \u00e5 hente noen minner ut av hjernen.<\/p>\n<p>\u2013 Det var en skikkelig artig tid. Det var lenge f\u00f8r barna kom, men vi hadde med oss et barn, Herman Rundberg. Han var bare 17 \u00e5r da han var med oss som trommis p\u00e5 turn\u00e9 i Tyskland.<\/p>\n<p><img decoding=\"async\" src=\"data:image\/gif;base64,R0lGODlhEAAJAIAAAP\/\/\/wAAACH5BAEAAAAALAAAAAAQAAkAAAIKhI+py+0Po5yUFQA7\" alt=\"\"\/><br \/>\n  \u2013 Da barna mine var mindre syntes de det var kleint at jeg holdt p\u00e5 med musikk. N\u00e5 tror jeg de syns det er artig.<br \/>\n  <strong>Foto:<\/strong> Eline Gr\u00f8nvoll<\/p>\n<p><strong>\u2013 Hvorfor ble Pulp Vixen oppl\u00f8st?<\/strong><\/p>\n<p>\u2013 Det ble bare s\u00e5nn, en naturlig avgang, ingen dramatikk. Vi snakka aldri om at det var over heller, som jeg kan huske. Men s\u00e5 er det ikke alltid man kan stole p\u00e5 hodet sitt.<\/p>\n<p>Saus ler, og s\u00e5 kommer hun p\u00e5 noe apropos:<\/p>\n<p>\u2013 I sommer dukket det plutselig opp et minne. Jeg er liten og st\u00e5r og synger i ei kirke, men jeg kan ikke huske \u00e5 ha v\u00e6rt med i noe barnekor. Da ble jeg s\u00e5nn: \u00aber det et falskt minne eller noe jeg har dr\u00f8mt?\u00bb.<\/p>\n<p><img decoding=\"async\" src=\"data:image\/gif;base64,R0lGODlhEAAJAIAAAP\/\/\/wAAACH5BAEAAAAALAAAAAAQAAkAAAIKhI+py+0Po5yUFQA7\" alt=\"\"\/><br \/>\n  I 1997 starta Saus bandet Pulp Vixen sammen med blant annet Mona Helleland Varpe og Kathrine Wold.<br \/>\n  <strong>Foto:<\/strong> Jon Terje Eiter\u00e5<\/p>\n<p>Det er bare en ting \u00e5 gj\u00f8re n\u00e5r man vil finne ut av slikt, og det er \u00e5 sp\u00f8rre mamma.<\/p>\n<p>\u2013 Hun sa at jeg hadde hoppet p\u00e5 en buss der det satt et kor og blitt med dem til en nabobygd!<\/p>\n<p>\u2013 Det resulterte i at jeg plutselig sto der i kirka i topplua, cherrox og med ullvotter p\u00e5 og sang for full hals.<\/p>\n<p><strong>\u2013 Er du en s\u00e5nn en, som bare kan hoppe p\u00e5 en buss p\u00e5 impuls?<\/strong><\/p>\n<p>\u2013 Nei, nei, overhodet ikke, men jeg var visst det da jeg var sju, sier Saus og tar en slurk kaffe f\u00f8r hun legger til:<\/p>\n<p>\u2013 Jeg syns egentlig det rareste er at ingen heiv den lille sn\u00f8rrungen av bussen, at de lot meg v\u00e6re med.<\/p>\n<p>Den m\u00f8rke fortida som danseband-artist<\/p>\n<p>Egentlig har Saus drevet p\u00e5 med musikk hele livet. Det var kanskje ikke helt uten grunn at hun bare kunne hive seg med et fremmed kor, for bygda hennes, Indre Billefjord, var veldig kulturell p\u00e5 den tida. S\u00e5nn husker i hvert fall Saus det. Det var revy og konserter, bygdefester og konserter, masse som skjedde hele tida.<\/p>\n<p>\u2013 Jeg vokste opp i et hjem fullt av instrumenter. Pappa spilte i band, og hadde gitarer og et orgel han hadde koblet til forsterkere. Vi spilte p\u00e5 det hele tiden, b\u00e5de jeg og s\u00f8strene mine.<\/p>\n<p>\u2013 Det var fet orgellyd til frokost og kvelds, helt til noen fikk nok. Plutselig en dag var forsterkerne byttet ut med h\u00f8retelefoner og s\u00e5nn forble det.<\/p>\n<p><img decoding=\"async\" src=\"data:image\/gif;base64,R0lGODlhEAAJAIAAAP\/\/\/wAAACH5BAEAAAAALAAAAAAQAAkAAAIKhI+py+0Po5yUFQA7\" alt=\"\"\/><br \/>\n  Hjemme i stua har Saus et piano, en elgitar hun fikk for en billig penge av en fyr p\u00e5 Middagskjelleren en gang og en H\u00f6fner hun har f\u00e5tt av pappaen sin.<br \/>\n  <strong>Foto:<\/strong> Eline Gr\u00f8nvoll<\/p>\n<p>Til jul fikk de tre s\u00f8strene en gitar p\u00e5 deling. Siden har Saus spilt.<\/p>\n<p><strong>\u2013 Husker du den f\u00f8rste l\u00e5ta du l\u00e6rte deg?<\/strong><\/p>\n<p>\u2013 Mitt f\u00f8rste minne er iallfall at jeg spiller og synger \u00abEin bi\u00dfchen Frieden\u00bb, sier Saus, ler og nynner litt p\u00e5 den vesttyske Eurovision-l\u00e5ta fra \u00e5ttitallet.<\/p>\n<p>\u2013 Gud, n\u00e5 kom jeg p\u00e5 noe!<\/p>\n<p>\u2013 Jeg spilte jo i danseband ogs\u00e5, med noen menn fra Billefjord. Vi dro rundt omkring og spilte p\u00e5 julebord og s\u00e5nn, h\u00e5vet inn penger.<\/p>\n<p>\u00abA Whiter Shade of Pale\u00bb av Procul Harum. Det var l\u00e5ta hun gledet seg til \u00e5 synge hver konsert.<\/p>\n<p>\u2013 Jeg har ikke tenkt p\u00e5 det der p\u00e5 over tredve \u00e5r. Det er rart hvordan man kan glemme noe som sikkert var en stor greie der og da.<\/p>\n<p><img decoding=\"async\" src=\"data:image\/gif;base64,R0lGODlhEAAJAIAAAP\/\/\/wAAACH5BAEAAAAALAAAAAAQAAkAAAIKhI+py+0Po5yUFQA7\" alt=\"\"\/><br \/>\n  \u2013 Det har v\u00e6rt perioder der jeg ikke har r\u00f8rt et instrument p\u00e5 et \u00e5r, men jeg finner alltid tilbake til musikken igjen, sier hun.<br \/>\n  <strong>Foto:<\/strong> Eline Gr\u00f8nvoll\u00abN\u00e5 er det over, jeg er for gammel\u00bb<\/p>\n<p>For ti \u00e5r siden ble det ganske stille. Bandprosjektet John Walkers rant ut i sanden, og Saus tenkte at \u00abn\u00e5 er det over, jeg er for gammel\u00bb. Men en kveld da hun satt og s\u00e5 p\u00e5 TV, v\u00e5knet det noe i henne.<\/p>\n<p>Det var \u00abTrue Detective\u00bb sesong 2. Ei kvinne med elgitar, som hun n\u00e5 vet er Lera Lynn, satt alene p\u00e5 en trist scene i bakgrunnen med en elgitar og sang.<\/p>\n<p>\u2013 Det var bare s\u00e5 fint, og jeg tenkte \u00abg\u00e5r det der an\u00bb?<\/p>\n<p>\u2013 Jeg har aldri v\u00e6rt en kassegitardame, s\u00e5 det \u00e5pnet noe nytt i meg, kun elgitar og sang.<\/p>\n<p>Hun rigget opp biblioteket, som hun kaller det, med mikrofon og effekter, og vipps var de f\u00f8rste l\u00e5tene klare. P\u00e5 \u00e5tte \u00e5r har det kommet to singler, en EP og to album.<\/p>\n<p><img decoding=\"async\" src=\"data:image\/gif;base64,R0lGODlhEAAJAIAAAP\/\/\/wAAACH5BAEAAAAALAAAAAAQAAkAAAIKhI+py+0Po5yUFQA7\" alt=\"\"\/><br \/>\n  Den nye plata til Line Saus heter Erosion Day. \u2013 Jeg kan v\u00e6re litt diktator i studio iblant, men en snill en. Det handler om \u00e5 f\u00e5 l\u00e5ta til \u00e5 bli slik den er i hodet mitt.<br \/>\n  <strong>Foto:<\/strong> Carl Christian Lein St\u00f8rmer <\/p>\n<p>Saus jobber hundre prosent som ungdomsskolel\u00e6rer. Hun sparer penger for \u00e5 g\u00e5 i studio.<\/p>\n<p>\u2013 Jeg er egentlig veldig bedagelig anlagt, men heldigvis har jeg en mann som er en veldig stor motivator. Han sier \u00abklart du kan\u00bb og \u00abklart det g\u00e5r\u00bb. Han er veldig positiv, noe som er veldig bra siden jeg er s\u00e5 negativ.<\/p>\n<p>Mobilen hennes er full av l\u00e5tideer hun har fortet seg \u00e5 synge inn f\u00f8r de forsvinner.<\/p>\n<p><img decoding=\"async\" src=\"data:image\/gif;base64,R0lGODlhEAAJAIAAAP\/\/\/wAAACH5BAEAAAAALAAAAAAQAAkAAAIKhI+py+0Po5yUFQA7\" alt=\"\"\/><br \/>\n  \u2013 Jeg fikk pappa sin H\u00f6fner i 50-\u00e5rsgave. Det var ganske sterkt og r\u00f8rende, b\u00e5de fordi jeg vet hvor glad han er i den samtidig som det sier noe om at en tid er forbi, at han har sluttet \u00e5 spille.<br \/>\n  <strong>Foto:<\/strong> Eline Gr\u00f8nvoll<\/p>\n<p>\u2013 Jeg har tenkt noen ganger, hva hvis jeg plutselig d\u00f8r og s\u00e5 skal familien min g\u00e5 gjennom telefonen min. Da kommer de til \u00e5 h\u00f8re alt tullet jeg har sunget inn. Huff, sier Saus og ler.<\/p>\n<p><strong>\u2013 Hvor sikker er du i prosessen?<\/strong><\/p>\n<p>\u2013 Iblant er jeg helt sikker, jeg vet liksom at denne l\u00e5ta her, der er det noe. Andre ganger syns jeg alt er skikkelig r\u00e6va. Men igjen, mannen min er veldig bra p\u00e5 \u00e5 gi tilbakemeldinger. Han kan rett som det er si \u00abdet der gir meg ingenting\u00bb.<\/p>\n<p><strong>\u2013 Au!<\/strong><\/p>\n<p>\u2013 Jo, men det er bra! For \u00e5 kunne stole p\u00e5 tilbakemeldinga m\u00e5 den v\u00e6re \u00e6rlig, og s\u00e5 kan jeg velge om jeg h\u00f8rer p\u00e5 den eller ikke.<\/p>\n<p><img decoding=\"async\" src=\"data:image\/gif;base64,R0lGODlhEAAJAIAAAP\/\/\/wAAACH5BAEAAAAALAAAAAAQAAkAAAIKhI+py+0Po5yUFQA7\" alt=\"\"\/><br \/>\n  \u2013 Det verste er promo, \u00e5 skulle selge seg selv. S\u00e5 jeg slapp bare plata da den var klar, egentlig. Hvis alt skal planlegges s\u00e5 veldig, f\u00e5r jeg ingenting gjort.<br \/>\n  <strong>Foto:<\/strong> Eline Gr\u00f8nvoll\u2013 Etternavnet mitt legger opp til smash<\/p>\n<p>For de som m\u00e5tte lure \u2013 Saus er hennes ekte etternavn, og ja, hun har blitt kalt for b\u00e5de r\u00f8dsaus, brunsaus og bearnaise opp igjennom.<\/p>\n<p>\u2013 Jeg har h\u00f8rt alle varianter og ordspill som fins, og jeg har forst\u00e5else for det. Etternavnet mitt legger jo opp til smash.<\/p>\n<p>Etternavnet kommer fra en familieg\u00e5rd i Br\u00f8nn\u00f8ysund.<\/p>\n<p>\u2013 Jeg tror jeg er i slekt med alle i Norge som heter det, men jeg er ogs\u00e5 i en Facebook-gruppe med folk i verden som heter Saus, sier Saus og fortsetter:<\/p>\n<p>\u2013 Det er ikke jeg som startet den alts\u00e5, men der har jeg funnet ut at Saus-navnet er mest utbredt i Latin-Amerika.<\/p>\n<p><img decoding=\"async\" src=\"data:image\/gif;base64,R0lGODlhEAAJAIAAAP\/\/\/wAAACH5BAEAAAAALAAAAAAQAAkAAAIKhI+py+0Po5yUFQA7\" alt=\"\"\/><br \/>\n  Line Saus spilte p\u00e5 Utf\u00f8rr Bl\u00e5rock i 2024.<br \/>\n  <strong>Foto:<\/strong> Johannes Br\u00f8ndbo<\/p>\n<p>Folk pleier ogs\u00e5 \u00e5 stoppe henne p\u00e5 gata, sp\u00f8rre henne hvordan det er \u00e5 v\u00e6re festivalsjef for Bukta. De forveksler henne med hennes lilles\u00f8ster Marianne Saus.<\/p>\n<p>\u2013 Vi er snarlike, og vi er s\u00e5 vante med det n\u00e5 at vi har en regel p\u00e5 at vi bare later som. Sier folk hei, sier vi hei, og n\u00e5r folk sp\u00f8r om hvordan det g\u00e5r med Buktafestivalen, sier jeg at jeg syns jeg gj\u00f8r en superjobb.<\/p>\n<p>Men p\u00e5 fredag er det alts\u00e5 Line Saus som har releasekonsert for sitt andre album \u2013 ikke ho andre.<\/p>\n<p>\u2013 Alle skal ikke like det<\/p>\n<p>Det er kanskje d\u00e5rlig gjort \u00e5 sp\u00f8rre om hva det verste Saus har opplevd p\u00e5 en scene f\u00f8r er, n\u00e5 rett f\u00f8r konserten, men sp\u00f8rsm\u00e5let plumper ut.<\/p>\n<p>\u2013 Jeg spilte i Oslo for noen \u00e5r siden da noe skjedde med capoen. Det var masse kjentfolk der, alt h\u00f8rtes helt ko-ko ut og s\u00e5 sto jeg der alene p\u00e5 scenen. Det var j\u00e6vlig.<\/p>\n<p>\u2013 En annen gang spilte jeg for folk som hadde v\u00e6rt p\u00e5 \u00f8lsmaking. Jeg var det siste p\u00e5 programmet, og folk var kanakkas, skr\u00e5lte og flirte og ramla. Men n\u00e5r jeg tenker p\u00e5 det, s\u00e5 var det ikke s\u00e5 ille, for jeg kunne bare g\u00e5 inn i min egen boble og slappe av.<\/p>\n<p><img decoding=\"async\" src=\"data:image\/gif;base64,R0lGODlhEAAJAIAAAP\/\/\/wAAACH5BAEAAAAALAAAAAAQAAkAAAIKhI+py+0Po5yUFQA7\" alt=\"\"\/><br \/>\n  Line Saus med band er kanskje det aller, aller beste Musikk-Troms\u00f8 har \u00e5 by p\u00e5, skrev v\u00e5r anmelder da hun spilte p\u00e5 Amtmandens i 2022.<br \/>\n  <strong>Foto:<\/strong> Frode Haugstvedt Henriksen <\/p>\n<p><strong>\u2013 N\u00e5 har jo folk f\u00e5tt noen uker p\u00e5 \u00e5 h\u00f8re p\u00e5 albumet ditt. Legger du opp til allsang?<\/strong><\/p>\n<p>Saus ler og gr\u00f8sser av tanken.<\/p>\n<p>\u2013 Vi gleder oss veldig til \u00e5 ta imot dem som grynner seg vei til konserten, og jeg kan love at det blir garantert allsang-fritt.<\/p>\n<p><strong>\u2013 Du gikk jo solo lenge etter fylte f\u00f8rti. Hva tenker du om at du potensielt kan v\u00e6re et forbilde for mange?<\/strong><\/p>\n<p>\u2013 Det hadde jo i s\u00e5 fall v\u00e6rt helt fantastisk. Jeg syns det er veldig trist hvis man skal tenke at man som kvinne ikke har noe \u00e5 tilby verden fordi man har fylt f\u00f8rti.<\/p>\n<p><img decoding=\"async\" src=\"data:image\/gif;base64,R0lGODlhEAAJAIAAAP\/\/\/wAAACH5BAEAAAAALAAAAAAQAAkAAAIKhI+py+0Po5yUFQA7\" alt=\"\"\/><br \/>\n  \u2013 Mitt st\u00f8rste idol er PJ Harvey. Jeg skulle \u00f8nske jeg hadde skrevet alle l\u00e5tene hennes.<br \/>\n  <strong>Foto:<\/strong> Eline Gr\u00f8nvoll<\/p>\n<p>Takk og pris s\u00e5 fins det mange der ute som ikke bryr seg om at kvinnen bak l\u00e5ta de h\u00f8rer p\u00e5 har gr\u00e5tt h\u00e5r eller rynker. Det kan v\u00e6re greit \u00e5 minne seg selv p\u00e5, syns Saus.<\/p>\n<p>\u2013 For min del har dette handlet om \u00e5 gj\u00f8re noe for min egen del, fordi jeg syns det er berikende.<\/p>\n<p>\u2013 Jeg blir selvsagt glad n\u00e5r folk h\u00f8rer p\u00e5 musikken min og n\u00e5r de liker den, men det er ikke det som driver meg. Motivasjonen min har alltid bare v\u00e6rt \u00e5 skape, sier Saus.<\/p>\n<p><strong>\u2013 Bryr du deg ikke s\u00e5 mye om hva folk syns?<\/strong><\/p>\n<p>\u2013 \u00c5 jo, masse!<\/p>\n<p>\u2013 Det er heftig \u00e5 bli vurdert og veid, og jeg blir p\u00e5virket av det. Men samtidig pr\u00f8ver jeg \u00e5 huske p\u00e5 at m\u00e5let ikke er at alle skal like det. Da hadde jeg skrevet l\u00e5ter i dur.<\/p>\n","protected":false},"excerpt":{"rendered":"\u2013 Jeg har aldri hatt noen store dr\u00f8mmer, en plan om \u00e5 ta over verden, og jeg har&hellip;\n","protected":false},"author":2,"featured_media":92813,"comment_status":"","ping_status":"","sticky":false,"template":"","format":"standard","meta":{"footnotes":""},"categories":[58],"tags":[71,2800,221,30,28,29,72],"class_list":{"0":"post-92812","1":"post","2":"type-post","3":"status-publish","4":"format-standard","5":"has-post-thumbnail","7":"category-underholdning","8":"tag-entertainment","9":"tag-feedback","10":"tag-musikk","11":"tag-no","12":"tag-norge","13":"tag-norway","14":"tag-underholdning"},"share_on_mastodon":{"url":"https:\/\/pubeurope.com\/@no\/115587199976050060","error":""},"_links":{"self":[{"href":"https:\/\/www.europesays.com\/no\/wp-json\/wp\/v2\/posts\/92812","targetHints":{"allow":["GET"]}}],"collection":[{"href":"https:\/\/www.europesays.com\/no\/wp-json\/wp\/v2\/posts"}],"about":[{"href":"https:\/\/www.europesays.com\/no\/wp-json\/wp\/v2\/types\/post"}],"author":[{"embeddable":true,"href":"https:\/\/www.europesays.com\/no\/wp-json\/wp\/v2\/users\/2"}],"replies":[{"embeddable":true,"href":"https:\/\/www.europesays.com\/no\/wp-json\/wp\/v2\/comments?post=92812"}],"version-history":[{"count":0,"href":"https:\/\/www.europesays.com\/no\/wp-json\/wp\/v2\/posts\/92812\/revisions"}],"wp:featuredmedia":[{"embeddable":true,"href":"https:\/\/www.europesays.com\/no\/wp-json\/wp\/v2\/media\/92813"}],"wp:attachment":[{"href":"https:\/\/www.europesays.com\/no\/wp-json\/wp\/v2\/media?parent=92812"}],"wp:term":[{"taxonomy":"category","embeddable":true,"href":"https:\/\/www.europesays.com\/no\/wp-json\/wp\/v2\/categories?post=92812"},{"taxonomy":"post_tag","embeddable":true,"href":"https:\/\/www.europesays.com\/no\/wp-json\/wp\/v2\/tags?post=92812"}],"curies":[{"name":"wp","href":"https:\/\/api.w.org\/{rel}","templated":true}]}}