{"id":92814,"date":"2025-11-21T10:29:27","date_gmt":"2025-11-21T10:29:27","guid":{"rendered":"https:\/\/www.europesays.com\/no\/92814\/"},"modified":"2025-11-21T10:29:27","modified_gmt":"2025-11-21T10:29:27","slug":"molde-var-best-i-norge","status":"publish","type":"post","link":"https:\/\/www.europesays.com\/no\/92814\/","title":{"rendered":"Molde var best i Norge"},"content":{"rendered":"<p>Per-Mathias H\u00f8gmo oste positiv energi da han kom g\u00e5ende inn p\u00e5 Molde flyplass i januar.<\/p>\n<p>Etter \u00e5r med en negativ kurve for klubben, ble trenerveteranen med kallenavnet \u00abPer-Messias\u00bb hentet inn for \u00e5 frelse romsdalingene.<\/p>\n<p>Gliset var enormt. Ordene like store som alltid.<\/p>\n<p>        <img class=\"image__img lazyload\" itemprop=\"image\" title=\"Foto: Kristian Haug Hansen \/ TV 2\" alt=\"ENTUSIASTISK: Per-Mathias H\u00f8gmo kom flyvende inn til Molde med store planer for klubben de neste \u00e5rene. Foto: Kristian Haug Hansen \/ TV 2\" width=\"675\" height=\"453\" bad-src=\"https:\/\/www.europesays.com\/no\/wp-content\/uploads\/2025\/11\/18282582.webp\" fetchpriority=\"auto\" \/><\/p>\n<p>      ENTUSIASTISK: Per-Mathias H\u00f8gmo kom flyvende inn til Molde med store planer for klubben de neste \u00e5rene.<br \/>\n         Foto: Kristian Haug Hansen \/ TV 2<\/p>\n<p>I september fikk han sparken. Da hadde spekulasjonene om hans posisjon allerede p\u00e5g\u00e5tt noen m\u00e5neder.<\/p>\n<p>Molde unng\u00e5r nedrykk \u2013 men 2025 vil st\u00e5 igjen som nok et m\u00f8rkt \u00e5r.<\/p>\n<p>Klubben har hentet inn spillere for enorme summer. Samtidig bl\u00f8r de penger og ser seg n\u00f8dt til \u00e5 si opp ansatte.\u00a0<\/p>\n<p class=\"bold m-bold\" data-lab-font_weight=\"bold\">\u2013 Det har v\u00e6rt spektakul\u00e6rt elendig. I nyere tid er det ikke lett \u00e5 komme p\u00e5 andre lag med den type budsjett som har ramlet s\u00e5nn som Molde har gjort, sier TV 2s fotballekspert Jesper Mathisen.<\/p>\n<p>        <img class=\"image__img lazyload\" itemprop=\"image\" title=\"Foto: Terje Pedersen \/ NTB\" alt=\"SLAKTER KLUBBEN: TV 2s fotballekspert Jesper Mathisen tar i bruk store ord om hvor lite imponert han er av det som har blitt gjort i Molde Fotballklubb de siste \u00e5rene. Foto: Terje Pedersen \/ NTB\" width=\"675\" height=\"453\" bad-src=\"https:\/\/www.europesays.com\/no\/wp-content\/uploads\/2025\/11\/18305237.webp\" fetchpriority=\"auto\" \/><\/p>\n<p>      SLAKTER KLUBBEN: TV 2s fotballekspert Jesper Mathisen tar i bruk store ord om hvor lite imponert han er av det som har blitt gjort i Molde Fotballklubb de siste \u00e5rene.<br \/>\n         Foto: Terje Pedersen \/ NTB<\/p>\n<p data-lab-font_weight=\"\">TV 2 har sett p\u00e5 m\u00e5ten Molde har brukt penger de siste \u00e5rene, valg de har tatt og hvilke konsekvenser det n\u00e5 har f\u00e5tt:<\/p>\n<p> Trofaste ansatte fikk nylig beskjed om at de mister jobben.<\/p>\n<p> Klubben g\u00e5r titalls millioner kroner i minus.<\/p>\n<p>\u00a0De har brukt ekstreme summer p\u00e5 bomkj\u00f8p.<\/p>\n<p> Rekordkj\u00f8pet ble gitt bort gratis.\u00a0<\/p>\n<p> \u2013 Alt har g\u00e5tt galt i Molde, for \u00e5 si det forsiktig, sier Mathisen. <\/p>\n<p>        <img class=\"image__img lazyload\" itemprop=\"image\" title=\"Foto: Carina Johansen \/ NTB\" alt=\"STORHETER: Ole Gunnar Solskj\u00e6r og Erling Braut Haaland hadde et godt samarbeid den tiden Solskj\u00e6r var hovedtrener i Molde og Haaland var Norges st\u00f8rste spisstalent. Foto: Carina Johansen \/ NTB\" width=\"675\" height=\"453\" bad-src=\"https:\/\/www.europesays.com\/no\/wp-content\/uploads\/2025\/11\/18282633.webp\" fetchpriority=\"auto\" \/><\/p>\n<p>      STORHETER: Ole Gunnar Solskj\u00e6r og Erling Braut Haaland hadde et godt samarbeid den tiden Solskj\u00e6r var hovedtrener i Molde og Haaland var Norges st\u00f8rste spisstalent.<br \/>\n         Foto: Carina Johansen \/ NTB<\/p>\n<p>Solskj\u00e6r, Haaland og R\u00f8kke<\/p>\n<p>Tenk deg det. S\u00e5 sent som i 2018 var Ole Gunnar Solskj\u00e6r hovedtrener i Molde.\u00a0<\/p>\n<p>Erling Braut Haaland var ekstremt talentfull, men spilte ikke fast for Solskj\u00e6rs menn.<\/p>\n<p>I kulissene sto, som alltid, to rike menn med kj\u00e6rlighet for Molde.\u00a0<\/p>\n<p>Kjell Inge R\u00f8kke og Bj\u00f8rn Rune Gjelsten fikk de neste \u00e5rene se en klubb som hevdet seg b\u00e5de i Norge og Europa \u2013 uten at deres bidrag til klubben lenger var like store eller n\u00f8dvendige.<\/p>\n<p>Historien videre er kjent. Solskj\u00e6r ble hentet til Manchester som hovedtrener p\u00e5 Old Trafford. Haaland er i 2025 verdens heteste spiss.<\/p>\n<p>Erling Moe ble forfremmet til hovedtrener. Det ble seriegull p\u00e5 f\u00f8rste fors\u00f8k.<\/p>\n<p>        <img class=\"image__img lazyload\" itemprop=\"image\" title=\"Foto: Vegard Gr\u00f8tt \/ BILDBYR\u00c5N\" alt=\"VANT SUVERENT: I 2022 vant Molde Eliteserien med 18 poeng ned til Bod\u00f8\/Glimt. Foto: Vegard Gr\u00f8tt \/ BILDBYR\u00c5N\" width=\"978\" height=\"551\" bad-src=\"https:\/\/www.europesays.com\/no\/wp-content\/uploads\/2025\/11\/18282733.webp\" fetchpriority=\"auto\" \/><\/p>\n<p>      VANT SUVERENT: I 2022 vant Molde Eliteserien med 18 poeng ned til Bod\u00f8\/Glimt.<br \/>\n         Foto: Vegard Gr\u00f8tt \/ BILDBYR\u00c5N<\/p>\n<p class=\"bold m-bold\" data-lab-font_weight=\"bold\">S\u00e5 sent som i 2022 vant de ligaen suverent, 18 (!) poeng foran Bod\u00f8\/Glimt. \u00c5ret etter vant de cupgull.<\/p>\n<p>Regnskapstallene viste at de i 2023 gikk 84 millioner i pluss.<\/p>\n<p>    Molde Fotballklubbs inntekter 2020-2024<\/p>\n<p class=\"description italic m-italic\">Inntektstallene her gjelder for Molde Fotballklubb mellom 2020 og 2024. Her inng\u00e5r ikke inntektstallene hos det samarbeidende aksjeselskapet, Molde Fotball AS. Aksjeselskapene tilf\u00f8rer ogs\u00e5 penger som gj\u00f8r at de totale inntektene er st\u00f8rre enn det regnskapstallene her viser.<\/p>\n<p class=\"bold m-bold\" data-lab-font_weight=\"bold\">Alt l\u00e5 tilsynelatende til rette for at klubben kunne kjempe om seriegull ogs\u00e5 de neste \u00e5rene, men tre \u00e5r senere er Molde blitt en middelhavsfarer, uten permanent hovedtrener og med en sviktende \u00f8konomi.<\/p>\n<p data-lab-font_weight=\"\"> \u2013 Jeg sliter med \u00e5 finne noe jeg har blitt imponert over n\u00e5r det kommer til Molde de siste \u00e5rene. Det er nesten umulig. De har noen spennende unge spillere, men de har kostet en del penger, sier Mathisen. <\/p>\n<p>Hentet som frelser<\/p>\n<p>I norsk m\u00e5lestokk har de brukt veldig store summer p\u00e5 spilleroverganger de neste \u00e5rene, uten \u00e5 f\u00e5 de helt store resultatene.<\/p>\n<p>I 2023 og 2024 endte de p\u00e5 5. plass i Eliteserien.\u00a0<\/p>\n<p>Det var nok til at Erling Moe ble bedt om \u00e5 pakke sakene sine.<\/p>\n<p>Noen uker senere kom H\u00f8gmo med et stort glis inn p\u00e5 Molde lufthavn.\u00a0<\/p>\n<p>\u2013 Den ansettelsen var et signal om de virkelig skulle gi gass, sier Mathisen.<\/p>\n<p>Veteranen som f\u00e5r noen \u00e5r siden fikk heltestatus p\u00e5 andre siden av svenskegrensa, skulle f\u00f8re romsdalingene tilbake p\u00e5 topp og ut i Europa.<\/p>\n<p>        <img class=\"image__img lazyload\" itemprop=\"image\" title=\"Foto: Terje Pedersen \/ NTB\" alt=\"IMPONERTE INGEN: Midtbanespiller Mats M\u00f8ller D\u00e6hli og hovedtrener Per-Mathias H\u00f8gmo hadde mye \u00e5 tenke p\u00e5 etter at Molde spilte 0\u20130 borte mot KFUM i sommer. Foto: Terje Pedersen \/ NTB\" width=\"978\" height=\"656\" bad-src=\"https:\/\/www.europesays.com\/no\/wp-content\/uploads\/2025\/11\/18283343.webp\" fetchpriority=\"auto\" \/><\/p>\n<p>      IMPONERTE INGEN: Midtbanespiller Mats M\u00f8ller D\u00e6hli og hovedtrener Per-Mathias H\u00f8gmo hadde mye \u00e5 tenke p\u00e5 etter at Molde spilte 0\u20130 borte mot KFUM i sommer.<br \/>\n         Foto: Terje Pedersen \/ NTB<\/p>\n<p>Det var han aldri i n\u00e6rheten av \u00e5 f\u00e5 til p\u00e5 den korte tiden han fikk i Molde.<\/p>\n<p>Allerede i mai ristet det under f\u00f8ttene til nordlendingen.<\/p>\n<p>H\u00f8gmo ga uttrykk i flere intervjuer for at laget trengte flere spillere som passet bedre i m\u00e5ten klubben \u00f8nsket at laget skulle p\u00e5, i en 4-3-3-formasjon.<\/p>\n<p>\u2013 De hadde ikke spillermateriell til den strategien de hadde valgt. Da sto han i noe han kanskje ikke egentlig \u00f8nsket selv som trener. Han hadde bundet sine hender litt til et system. Det er noe han ogs\u00e5 m\u00e5 ta selvkritikk p\u00e5, for det visste han da han tok over, sier TV 2s ekspert Petter B\u00f8 Tosterud.<\/p>\n<p>Resultatene uteble, og etter hva TV 2 kjenner til skal flere i garderoben allerede p\u00e5 v\u00e5ren ha \u00f8nsket at noen andre enn H\u00f8gmo ledet laget.<\/p>\n<p class=\"italic m-italic\" data-lab-italic=\"italic\">H\u00f8gmo har forel\u00f8pig ikke \u00f8nsket \u00e5 stille til et intervju om tiden i Molde.\u00a0<\/p>\n<p>        <img class=\"image__img lazyload\" itemprop=\"image\" title=\"Foto: Petter Arvidson \/ BILDBYR\u00c5N\" alt=\"SUKSESSPERIODE: Per-Mathias H\u00f8gmo ble b\u00e5ret som en helt etter \u00e5 ha vunnet cupgull med H\u00e4cken i Sverige. \u00c5ret f\u00f8r ledet han klubben til deres f\u00f8rste ligagull. H\u00f8gmo st\u00e5r igjen med gullskrift i den svenske klubben. Foto: Petter Arvidson \/ BILDBYR\u00c5N\" width=\"675\" height=\"453\" bad-src=\"https:\/\/www.europesays.com\/no\/wp-content\/uploads\/2025\/11\/17342065.webp\" fetchpriority=\"auto\" \/><\/p>\n<p>      SUKSESSPERIODE: Per-Mathias H\u00f8gmo ble b\u00e5ret som en helt etter \u00e5 ha vunnet cupgull med H\u00e4cken i Sverige. \u00c5ret f\u00f8r ledet han klubben til deres f\u00f8rste ligagull. H\u00f8gmo st\u00e5r igjen med gullskrift i den svenske klubben.<br \/>\n         Foto: Petter Arvidson \/ BILDBYR\u00c5N<\/p>\n<p>Nyheten sjokkerte<\/p>\n<p>1. august serverte Molde en sjokkerende nyhet. Kontrakten til Veton Berisha (31) var terminert.<\/p>\n<p class=\"bold m-bold\" data-lab-font_weight=\"bold\">To \u00e5r tidligere ble han tidenes dyreste Molde-kj\u00f8p da de hentet ham for 35 millioner kroner inkludert bonuser fra svenske Hammarby.<\/p>\n<p>        <img class=\"image__img lazyload\" itemprop=\"image\" title=\"Foto: Kristian Haug Hansen \/ TV 2\" alt=\"PUNGET UT: Moldes kj\u00f8p av Veton Berisha i 2023 fikk stor oppmerksomhet. Spissens overgang skal ha hatt en totalramme p\u00e5 rundt 35 millioner kroner. Her er han med dav\u00e6rende Molde-trener Erling Moe. Foto: Kristian Haug Hansen \/ TV 2\" width=\"675\" height=\"453\" bad-src=\"https:\/\/www.europesays.com\/no\/wp-content\/uploads\/2025\/11\/15456969.webp\" fetchpriority=\"auto\" \/><\/p>\n<p>      PUNGET UT: Moldes kj\u00f8p av Veton Berisha i 2023 fikk stor oppmerksomhet. Spissens overgang skal ha hatt en totalramme p\u00e5 rundt 35 millioner kroner. Her er han med dav\u00e6rende Molde-trener Erling Moe.<br \/>\n         Foto: Kristian Haug Hansen \/ TV 2<\/p>\n<p>Etter en gjensidig enighet kom de i sommer frem til at den skadeplagede spissen fritt kunne velge seg en ny klubb \u2013 uten at Molde fikk en overgangssum for en av Eliteseriens st\u00f8rste profiler.<\/p>\n<p>\u2013 Det er et av tidenes st\u00f8rste bomkj\u00f8p i Eliteserien. En kjempestor fiasko. Samtidig trodde vi da han ble hentet at det skulle v\u00e6re en kruttsterk signering. Berisha-overgangen er et godt bilde p\u00e5 hvilke muskler Molde har hatt og fortsatt har, sier Mathisen.<\/p>\n<p>F\u00e5 dager senere ble Berisha presentert for Viking. Der er de to kamper unna \u00e5 kunne vinne seriegull.<\/p>\n<p>        <img class=\"image__img lazyload\" itemprop=\"image\" title=\"Foto: Svein Ove Ekornesv\u00e5g \/ NTB\" alt=\"INGEN SUKSESS: Mads Engg\u00e5rd var en kostbar signering for Molde. Dansken fant seg ikke til rette under Per-Mathias H\u00f8gmos ledelse. Foto: Svein Ove Ekornesv\u00e5g \/ NTB\" width=\"978\" height=\"656\" bad-src=\"https:\/\/www.europesays.com\/no\/wp-content\/uploads\/2025\/11\/18008613.webp\" fetchpriority=\"auto\" \/><\/p>\n<p>      INGEN SUKSESS: Mads Engg\u00e5rd var en kostbar signering for Molde. Dansken fant seg ikke til rette under Per-Mathias H\u00f8gmos ledelse.<br \/>\n         Foto: Svein Ove Ekornesv\u00e5g \/ NTB<\/p>\n<p>Tre uker etter Berishas exit ble danske Mads Engg\u00e5rd (21) sendt p\u00e5 utl\u00e5n til Vejle.<\/p>\n<p data-lab-font_weight=\"\">Prestisjesigneringen fra sommeren f\u00f8r, som fikk draktnummer 10. og kostet Molde 30 millioner kroner, mistrivdes i klubben og ble heller ingen viktig brikke i laget.<\/p>\n<p data-lab-font_weight=\"\">\u2013 Han har minnet mer om en som kostet 3 millioner kroner n\u00e5r du ser p\u00e5 hva han har levert.\u00a0<\/p>\n<p data-lab-font_weight=\"\">\u2013 Engg\u00e5rd, Veton Berisha, Mats M\u00f8ller D\u00e6hli, Magnus Wolff Eikrem og Fredrik Gulbrandsen er spillere vi hadde forventet at skulle dominere i Eliteserien, men de har gjort det stikk motsatte. De har blitt l\u00f8pt fra, slitt med \u00e5 v\u00e6re stabile og hatt skadeproblemer, sier Mathisen.<\/p>\n<p>Engg\u00e5rd er fortsatt under kontrakt med Molde, men lite tyder akkurat n\u00e5 p\u00e5 at de vil f\u00e5 igjen summen de punget ut for ham.<\/p>\n<p> \u2013 Det f\u00f8les som at de litt for mange ganger har betalt inngangsbillett for \u00e5 f\u00e5 tak i den store bamsen p\u00e5 tivoli, uten \u00e5 klare det, sier TV 2s ekspert Petter B\u00f8 Tosterud om spillerkj\u00f8pene de siste \u00e5rene.<\/p>\n<p>P\u00e5stander om overpris<\/p>\n<p> TV 2 har snakket med flere som har v\u00e6rt tett p\u00e5 overganger Molde har v\u00e6rt involvert i, som har reagert p\u00e5 summene klubben har betalt for enkelte spillerkj\u00f8p de siste \u00e5rene.\u00a0<\/p>\n<p>Reaksjonene g\u00e5r p\u00e5 at de opplever at klubben skal ha betalt overpris for noen av spillerne de har hentet.<\/p>\n<p>V\u00e5re kilder opplever at klubben ved et par tilfeller har punget ut det selgende klubb \u00f8nsker \u2013 til overraskelse for selgende klubber, som var forberedte p\u00e5 mer langvarige forhandlinger.<\/p>\n<p>        <img class=\"image__img lazyload\" itemprop=\"image\" title=\"Foto: Jon Olav Nesvold \/ BILDBYR\u00c5N\" alt=\"DYR SIGNERING: Casper \u00d8yvann er blant mange spillere Molde har bladd opp for de siste \u00e5rene. Han kostet i 2023 rundt 20 millioner kroner da Molde kj\u00f8pte han fra Troms\u00f8. Foto: Jon Olav Nesvold \/ BILDBYR\u00c5N\" width=\"675\" height=\"453\" bad-src=\"https:\/\/www.europesays.com\/no\/wp-content\/uploads\/2025\/11\/18308894.webp\" fetchpriority=\"auto\" \/><\/p>\n<p>      DYR SIGNERING: Casper \u00d8yvann er blant mange spillere Molde har bladd opp for de siste \u00e5rene. Han kostet i 2023 rundt 20 millioner kroner da Molde kj\u00f8pte han fra Troms\u00f8.<br \/>\n         Foto: Jon Olav Nesvold \/ BILDBYR\u00c5N<\/p>\n<p>B\u00f8 Tosterud kaller det \u00aboppsiktsvekkende\u00bb at en s\u00e5 stor klubb ikke f\u00f8r oktober i fjor fikk p\u00e5 plass en sportssjef.<\/p>\n<p>Samtidig p\u00e5peker eksperten at klubben b\u00e5de tidligere og enn\u00e5 til tider gj\u00f8r smarte grep p\u00e5 overgangsmarkedet.<\/p>\n<p> \u2013 Molde var en ener i klassen. De kj\u00f8pte unge spillere som ville opp og frem. De utviklet de videre og solgte for store summer. <\/p>\n<p>\u2013 Jeg opplever at de ikke helt har klart \u00e5 beholde roen. De har sett Bod\u00f8\/Glimt seile ifra, og fors\u00f8kt \u00e5 kj\u00f8pe seg tilbake i toppen, ved \u00e5 hente spillere som ikke har samme videresalgspotensial, sier TV 2s ekspert.<\/p>\n<p>Fungerende administrerende direkt\u00f8r i Molde Fotball, Vegard Storvik, sier f\u00f8lgende om det klubben har gjort p\u00e5 overgangsmarkedet de siste \u00e5rene:<\/p>\n<p>\u2013 Klubben har hatt en nedadg\u00e5ende sportslig utvikling og noe av dette kan sikkert tilskrives at vi ikke har lyktes godt nok med spillerkj\u00f8p og stallsammensetning. Samtidig har vi solgt mange spillere de siste \u00e5rene. Bildet er nok derfor komplekst og sammensatt, sier Storvik.<\/p>\n<p>        <img class=\"image__img lazyload\" itemprop=\"image\" title=\"Foto: Svein Ove Ekornesv\u00e5g \/ NTB\" alt=\"REKORDKJ\u00d8P: Oskar Spiten-Nys\u00e6ter ble den dyreste spilleren som er solgt innad i Norge da han i sommer ble hentet fra Stab\u00e6k til Molde. Foto: Svein Ove Ekornesv\u00e5g \/ NTB\" width=\"978\" height=\"656\" bad-src=\"https:\/\/www.europesays.com\/no\/wp-content\/uploads\/2025\/11\/18303850.webp\" fetchpriority=\"auto\" \/><\/p>\n<p>      REKORDKJ\u00d8P: Oskar Spiten-Nys\u00e6ter ble den dyreste spilleren som er solgt innad i Norge da han i sommer ble hentet fra Stab\u00e6k til Molde.<br \/>\n         Foto: Svein Ove Ekornesv\u00e5g \/ NTB<\/p>\n<p>Rekordkj\u00f8p i sommer<\/p>\n<p>Molde har ogs\u00e5 brukt store summer p\u00e5 overganger dette \u00e5ret. To uker f\u00f8r Berisha-exiten punget de ut for den sv\u00e6rt ettertraktede Stab\u00e6k-juvelen Oskar Spiten-Nys\u00e6ter.<\/p>\n<p data-lab-font_weight=\"\">Overgangen skal ha hatt en totalramme p\u00e5 opp mot 30 millioner kroner. Det gj\u00f8r Spiten-Nys\u00e6ter (18) til den dyreste spilleren som er solgt fra en norsk klubb til en annen.<\/p>\n<p data-lab-font_weight=\"\">En uke senere kj\u00f8pte de Blerton Isufi (19) fra Moss. Overgangen skal If\u00f8lge <a href=\"https:\/\/www.nettavisen.no\/sport\/overgangsrykter?p=lc-9946370-5742\" rel=\"nofollow noopener\" target=\"_blank\">Nettavisen<\/a> ha en totalramme p\u00e5 over ti millioner kroner.<\/p>\n<p data-lab-font_weight=\"\">\u2013 Det er to spillerkj\u00f8p i den stilen Molde m\u00e5 tilbake til. Det har blitt mye vanskeligere de siste \u00e5rene \u00e5 f\u00e5 tak i unge spillere i det norske markedet. For \u00e5 kunne konkurrere med de beste m\u00e5 de betale \u00aboverpris\u00bb for noen spillere, sier B\u00f8 Tosterud.<\/p>\n<p class=\"bold m-bold\" data-lab-font_weight=\"bold\">Samtidig som de gir bort sin dyreste spiller gratis, henter en ten\u00e5ring for rekordsum og ikke har bruk for forrige sommers prestisjesignering, f\u00f8rer \u00f8konomien i klubben til kraftige kutt.<\/p>\n<p>Titalls millioner kroner i minus<\/p>\n<p>Molde Fotballklubb gikk dundrende i minus i 2024.<\/p>\n<p> Klubben hadde totale kostnader p\u00e5 280 millioner kroner. Inntektene var p\u00e5 226 millioner kroner. Minusresultatet ble 53 millioner kroner.<\/p>\n<p>\u2013 F\u00e5r situasjonen konsekvenser for spillerkj\u00f8p og den sportslige satsingen for eliteserielaget neste \u00e5r?<\/p>\n<p>\u2013 En fotballklubb s\u00f8ker alltid \u00e5 ha st\u00f8rst fokus p\u00e5 satsingen mot sporten og produktet, og vi vil i minst mulig grad ber\u00f8re det som kan gi oss \u00f8kte inntekter. Vi har fortsatt ambisjoner om \u00e5 konkurrere i toppen slik Molde har gjort over tid, svarer fungerende administrerende direkt\u00f8r Vegard Storvik.<\/p>\n<p>L\u00f8nnskostnadene var p\u00e5 151 millioner kroner.<\/p>\n<p>De siste \u00e5rene har klubben stadig f\u00e5tt flere ansatte og l\u00f8nnskostnadene har \u00f8kt.\u00a0<\/p>\n<p>    L\u00f8nnskostnader Molde Fotballklubb 2020-2024<\/p>\n<p class=\"description italic m-italic\">L\u00f8nnskostnadene her gjelder for Molde Fotballklubb mellom 2020 og 2024. Her inng\u00e5r ikke l\u00f8nnskostnadene hos det samarbeidene aksjeselskapet, Molde Fotball AS.<\/p>\n<p class=\"bold m-bold\" data-lab-font_weight=\"bold\">Samtidig er det viktig \u00e5 p\u00e5peke at\u00a0Molde Fotballklubb har et samarbeidende aksjeselskap som heter Molde Fotball AS.<\/p>\n<p> Molde Fotball AS eies av Stiftelsen Molde Fotball (med 2\/3 eierskap). Det ble etablert av Kjell Inge R\u00f8kke og Bj\u00f8rn Rune Gjelsten (med 1\/3 eierskap). <\/p>\n<p>Selskapet finansierer kj\u00f8p av spillere, og har p\u00e5 papiret rett p\u00e5 fremtidige salgssummer. Men R\u00f8kke har v\u00e6rt klar p\u00e5 at alle inntekter skal tilbake til klubben.<\/p>\n<p class=\"bold m-bold\" data-lab-font_weight=\"bold\">AS-et gikk i fjor 40,8 millioner kroner i minus.\u00a0<\/p>\n<p>Regnskapsprognosene for innev\u00e6rende \u00e5r er ikke offentlige, men n\u00e5r klubben mest sannsynlig heller ikke neste \u00e5r er kvalifisert for spill i europeiske turneringer, f\u00f8rer det til at de gj\u00f8r kutt i administrasjonen for \u00e5 demme opp for mindre inntekter enn tidligere \u00e5r.<\/p>\n<p>        <img class=\"image__img lazyload\" itemprop=\"image\" title=\"Foto: Svein Ove Ekornesv\u00e5g \/ NTB\" alt=\"VIKTIG: Kjell Inge R\u00f8kke (i midten \u00f8verst) var lenge helt avgj\u00f8rende for Moldes suksess. De siste \u00e5rene har han bidratt mindre \u00f8konomisk. Foto: Svein Ove Ekornesv\u00e5g \/ NTB\" width=\"978\" height=\"656\" bad-src=\"https:\/\/www.europesays.com\/no\/wp-content\/uploads\/2025\/11\/18304028.webp\" fetchpriority=\"auto\" \/><\/p>\n<p>      VIKTIG: Kjell Inge R\u00f8kke (i midten \u00f8verst) var lenge helt avgj\u00f8rende for Moldes suksess. De siste \u00e5rene har han bidratt mindre \u00f8konomisk.<br \/>\n         Foto: Svein Ove Ekornesv\u00e5g \/ NTB<\/p>\n<p>Flere mister jobben<\/p>\n<p> I begynnelsen av november ble konsekvensene av den \u00f8konomiske situasjonen for alvor synlige ogs\u00e5 utenfor banen. Klubben varslet nedbemanning.<\/p>\n<p>Eksakt hvor mange er ikke kjent enn\u00e5, men tre i markedsavdelingen har bekreftet til lokalavisen <a href=\"https:\/\/www.rbnett.no\/sport\/moldefk\/n\/8qbpLx\/siste-ferdig-i-mfk\" rel=\"nofollow noopener\" target=\"_blank\">Romsdals Budstikke<\/a> at de er sagt opp.<\/p>\n<p>Storvik, \u00f8nsker ikke \u00e5 svare p\u00e5 hvor mange stillinger som kan bli ber\u00f8rt av nedbemanningen.\u00a0<\/p>\n<p>\u2013\u00a0En prosess med nedbemanninger er krevende b\u00e5de for klubben og de ber\u00f8rte, og vi vil ivareta v\u00e5rt arbeidsgiveransvar med respekt og omtanke. Av hensyn til prosessens karakter og involverte parter vil vi ikke gi l\u00f8pende medieoppdateringer om de interne tiltakene som er iverksatt rundt dette, sier han.<\/p>\n<p>        Svarer dette om avhengighet av R\u00f8kke:<\/p>\n<p>TV 2 har spurt den administrerende direkt\u00f8ren om hvor avhengig klubben vil v\u00e6re av bidrag fra Kjell Inge R\u00f8kke de neste \u00e5rene.<\/p>\n<p>\u2013 Kjell Inge R\u00f8kke har hatt en uvurderlig betydning for Molde FK gjennom mange \u00e5r, og den st\u00f8tten har v\u00e6rt med p\u00e5 \u00e5 l\u00f8fte klubben til et niv\u00e5 vi ellers ikke ville n\u00e5dd. Det er l\u00f8pende og god dialog med ham som eier av Molde Fotball AS, og sammen fokuserer vi b\u00e5de p\u00e5 drift og videre utvikling av Molde fotballklubb etter en sunn og b\u00e6rekraftig \u00f8konomi som gj\u00f8r at vi kan st\u00e5 st\u00f8tt b\u00e5de n\u00e5r vi har stor sportslig suksess og i mer krevende sesonger som 2025 tross alt har v\u00e6rt, sier Storvik.<\/p>\n<p>P\u00e5 sp\u00f8rsm\u00e5l om det er noe han mener klubben kunne gjort annerledes for \u00e5 unng\u00e5 \u00e5 sette seg i en posisjon hvor de m\u00e5 nedbemanne, f\u00e5r vi f\u00f8lgende svar:<\/p>\n<p>\u2013 Molde Fotballklubb har de senere \u00e5rene utviklet et sportslig apparat og en administrativ organisasjon med h\u00f8y kompetanse og profesjonalitet. Dette har medf\u00f8rt et kostnadsniv\u00e5 som reflekterer ambisjonsniv\u00e5et og den strukturelle oppbyggingen klubben har valgt.Samtidig er vi fullt bevisste p\u00e5 at klubbens \u00f8konomiske b\u00e6rekraft forutsetter at kostnadsniv\u00e5et st\u00e5r i rimelig forhold til de inntektene vi faktisk realiserer. <\/p>\n<p>\u2013 Inntekter fra UEFA-turneringer og spillersalg har i enkelte \u00e5r bidratt vesentlig til klubbens finansielle handlingsrom, men disse inntektskildene er ikke garantert p\u00e5 \u00e5rlig basis. V\u00e5r overordnede m\u00e5lsetting er \u00e5 sikre en \u00f8konomisk robust drift, ogs\u00e5 i \u00e5r hvor sportslige resultater og tilh\u00f8rende inntekter ikke samsvarer med tidligere niv\u00e5er, sier Storvik.<\/p>\n<p>TV 2 er kjent med at flere i klubben har reagert p\u00e5 prosessen og m\u00e5ten klubben har g\u00e5tt frem p\u00e5.<\/p>\n<p class=\"italic m-italic\" data-lab-italic=\"italic\">Ingen av de som har blitt sagt opp har \u00f8nsket \u00e5 snakke med TV 2.<\/p>\n<p class=\"no_italic m-no_italic\" data-lab-italic=\"\">Supporterlederen til Tornekrattet, Moldes supportergruppe, reagerer spesielt p\u00e5 at flere med lang ansiennitet mister jobben.<\/p>\n<p class=\"no_italic m-no_italic\" data-lab-italic=\"\">\u2013\u00a0At de sparker ansatte kan man vel til en viss grad skj\u00f8nne p\u00e5 grunn av \u00f8konomi, men n\u00e5r de sparker dem med lengst ansiennitet er det b\u00e5de rart og trist. Jeg h\u00e5per at det er blitt gjort p\u00e5 en bedre m\u00e5te enn tidligere avskjedigelser, sier Anette S\u00e6ther.<\/p>\n<p>        <img class=\"image__img lazyload\" itemprop=\"image\" title=\"Foto: Svein Ove Ekornesv\u00e5g \/ NTB\" alt=\"MIDLERTIDIG: Magne Hoseth tok over hovedtrenerjobben etter Per-Mathias H\u00f8gmo, men det ble kommunisert tydelig at ansettelsen var midlertidig i p\u00e5vente av en permanent l\u00f8sning. Tre m\u00e5neder senere har klubben fortsatt ikke f\u00e5tt p\u00e5 plass en permanent hovedtrener. Foto: Svein Ove Ekornesv\u00e5g \/ NTB\" width=\"978\" height=\"656\" bad-src=\"https:\/\/www.europesays.com\/no\/wp-content\/uploads\/2025\/11\/18304087.webp\" fetchpriority=\"auto\" \/><\/p>\n<p>      MIDLERTIDIG: Magne Hoseth tok over hovedtrenerjobben etter Per-Mathias H\u00f8gmo, men det ble kommunisert tydelig at ansettelsen var midlertidig i p\u00e5vente av en permanent l\u00f8sning. Tre m\u00e5neder senere har klubben fortsatt ikke f\u00e5tt p\u00e5 plass en permanent hovedtrener.<br \/>\n         Foto: Svein Ove Ekornesv\u00e5g \/ NTB<\/p>\n<p>\u2013 Den viktigste ansettelsen<\/p>\n<p>H\u00f8gmo fikk sparken i september. Da l\u00e5 klubben p\u00e5 11. plass.<\/p>\n<p>\u2013 Det burde kanskje skjedd enda tidligere. Med fasit i h\u00e5nd har de ikke kommet noe videre. De er i et vakuum. Vi har ikke f\u00e5tt flere svar p\u00e5 hvilken retning klubben er p\u00e5 vei, sier B\u00f8 Tosterud.<\/p>\n<p>Magne Hoseth fikk hovedtrenerjobben midlertidig, men det ble kommunisert at han ikke var \u00f8nsket som en permanent l\u00f8sning. Likevel er det fortsatt han som leder Molde.<\/p>\n<p>\u2013 Prosessen har sett veldig rotete ut. Det var kl\u00f8nete \u00e5 g\u00e5 ut s\u00e5 tydelig \u00e5 si at han ikke var aktuell som hovedtrener. Jeg kan ikke forst\u00e5 hva de hadde \u00e5 tjene p\u00e5 \u00e5 si det p\u00e5 det tidspunktet. Han mister litt av kraften i garderoben n\u00e5r spillerne vet at han ikke blir trener videre, sier Mathisen.<\/p>\n<p>KFUM-trener Johannes Moesgaard var \u00f8nsket i Molde, men det lyktes ikke romsdalingene \u00e5 f\u00e5 tak i profeten p\u00e5 Ekeberg.<\/p>\n<p>        <img class=\"image__img lazyload\" itemprop=\"image\" title=\"Foto: Marius Simensen \/ BILDBYR\u00c5N\" alt=\"VAR \u00d8NSKET: Johannes Moesgaard, her fra da KFUM sikret opprykket til Eliteserien for to \u00e5r siden, har v\u00e6rt \u00f8verst p\u00e5 Moldes \u00f8nskeliste blant trenerkandidater. Foto: Marius Simensen \/ BILDBYR\u00c5N\" width=\"675\" height=\"453\" bad-src=\"https:\/\/www.europesays.com\/no\/wp-content\/uploads\/2025\/11\/18302117.webp\" fetchpriority=\"auto\" \/><\/p>\n<p>      VAR \u00d8NSKET: Johannes Moesgaard, her fra da KFUM sikret opprykket til Eliteserien for to \u00e5r siden, har v\u00e6rt \u00f8verst p\u00e5 Moldes \u00f8nskeliste blant trenerkandidater.<br \/>\n         Foto: Marius Simensen \/ BILDBYR\u00c5N<\/p>\n<p>\u2013 Jeg stusser litt over at de ikke skal ha v\u00e6rt villige til \u00e5 legge mer penger p\u00e5 bordet om Moesgaard faktisk er f\u00f8rstevalget deres. Denne treneransettelsen er den viktigste ansettelsen i Molde p\u00e5 kanskje ti \u00e5r, sier B\u00f8 Tosterud.<\/p>\n<p>Han begrunner det blant annet med hvor kostbart det er \u00e5 st\u00e5 p\u00e5 utsiden n\u00e5r toppklubbene soper inn penger gjennom spill i Europa.<\/p>\n<p>\u2013 De har ikke r\u00e5d til \u00e5 v\u00e6re n\u00e6rmere nedrykk enn Europa-plasser, sier eksperten, som ikke lenger f\u00f8ler seg s\u00e5 sikker p\u00e5 at Molde vil gj\u00f8re et nytt fremst\u00f8t p\u00e5 Moesgaard og hans assistent, Thomas Holm.<\/p>\n<p>Supporterleder S\u00e6ther opplever at flere supportere blir mer og mer likegyldige til Moldes prestasjoner.<\/p>\n<p class=\"bold m-bold\" data-lab-font_weight=\"bold\">\u2013\u00a0Det har mildt sagt ikke v\u00e6rt spesielt underholdende \u00e5 f\u00f8lge Molde i \u00e5r. Vi har riktig nok v\u00e6rt like d\u00e5rlig tidligere, men det var f\u00f8r alle gullmedaljene og suksessen, s\u00e5 denne gangen er nok folk enda mer forbanna og kravstore, sier hun.<\/p>\n<p>L\u00f8rdag leder Magne Hoseth Molde i deres siste hjemmekamp for sesongen.\u00a0<\/p>\n<p class=\"bold m-bold\" data-lab-font_weight=\"bold\">Du kan se Molde \u2013 Brann p\u00e5 TV 2 Sport 1 og TV 2 Play fra 18.00. Sendingen begynner 17.30.<\/p>\n","protected":false},"excerpt":{"rendered":"Per-Mathias H\u00f8gmo oste positiv energi da han kom g\u00e5ende inn p\u00e5 Molde flyplass i januar. Etter \u00e5r med&hellip;\n","protected":false},"author":2,"featured_media":92815,"comment_status":"","ping_status":"","sticky":false,"template":"","format":"standard","meta":{"footnotes":""},"categories":[5],"tags":[20,21,24,25,15,19,22,23,17,18,13,30,28,29,14,16,26,27],"class_list":{"0":"post-92814","1":"post","2":"type-post","3":"status-publish","4":"format-standard","5":"has-post-thumbnail","7":"category-overskrifter","8":"tag-breaking-news","9":"tag-breakingnews","10":"tag-featured-news","11":"tag-featurednews","12":"tag-headlines","13":"tag-hovedoppslag","14":"tag-latest-news","15":"tag-latestnews","16":"tag-main-news","17":"tag-mainnews","18":"tag-news","19":"tag-no","20":"tag-norge","21":"tag-norway","22":"tag-nyheter","23":"tag-overskrifter","24":"tag-top-stories","25":"tag-topstories"},"share_on_mastodon":{"url":"https:\/\/pubeurope.com\/@no\/115587223884903925","error":""},"_links":{"self":[{"href":"https:\/\/www.europesays.com\/no\/wp-json\/wp\/v2\/posts\/92814","targetHints":{"allow":["GET"]}}],"collection":[{"href":"https:\/\/www.europesays.com\/no\/wp-json\/wp\/v2\/posts"}],"about":[{"href":"https:\/\/www.europesays.com\/no\/wp-json\/wp\/v2\/types\/post"}],"author":[{"embeddable":true,"href":"https:\/\/www.europesays.com\/no\/wp-json\/wp\/v2\/users\/2"}],"replies":[{"embeddable":true,"href":"https:\/\/www.europesays.com\/no\/wp-json\/wp\/v2\/comments?post=92814"}],"version-history":[{"count":0,"href":"https:\/\/www.europesays.com\/no\/wp-json\/wp\/v2\/posts\/92814\/revisions"}],"wp:featuredmedia":[{"embeddable":true,"href":"https:\/\/www.europesays.com\/no\/wp-json\/wp\/v2\/media\/92815"}],"wp:attachment":[{"href":"https:\/\/www.europesays.com\/no\/wp-json\/wp\/v2\/media?parent=92814"}],"wp:term":[{"taxonomy":"category","embeddable":true,"href":"https:\/\/www.europesays.com\/no\/wp-json\/wp\/v2\/categories?post=92814"},{"taxonomy":"post_tag","embeddable":true,"href":"https:\/\/www.europesays.com\/no\/wp-json\/wp\/v2\/tags?post=92814"}],"curies":[{"name":"wp","href":"https:\/\/api.w.org\/{rel}","templated":true}]}}