{"id":92817,"date":"2025-11-21T10:31:16","date_gmt":"2025-11-21T10:31:16","guid":{"rendered":"https:\/\/www.europesays.com\/no\/92817\/"},"modified":"2025-11-21T10:31:16","modified_gmt":"2025-11-21T10:31:16","slug":"silya-nymoen-og-heidi-ruud-ellingsen-i-hovedrollene","status":"publish","type":"post","link":"https:\/\/www.europesays.com\/no\/92817\/","title":{"rendered":"Silya Nymoen og Heidi Ruud Ellingsen i hovedrollene"},"content":{"rendered":"<p>Tidligere i h\u00f8st kom Taran AS med nyheten om at den suksessfulle musikalen, \u00abChicago\u00bb, kommer til Oslo i september neste \u00e5r.<\/p>\n<p>\u2013 \u00abChicago\u00bb er rett og slett en fest full av jazz, satire, glitter, og en historie om mord, mediehysteri og ber\u00f8mmelse. Det er lett \u00e5 skj\u00f8nne hvorfor denne musikalen har tatt verden med storm, sa daglig leder i Taran, Pia Bergersen, i en pressemelding den gang. <\/p>\n<p>\u2013 Musikalen f\u00f8les like aktuell i dag, og vi gleder oss stort til \u00e5 bringe 1920- tallet til Majorstua og Chateau Neuf.<\/p>\n<p>Fredag kunngj\u00f8r de ogs\u00e5 hvem hovedrolleinnehaverne er.<\/p>\n<p>Dette er hovedrollene<\/p>\n<p>Det er l\u00e5tskriver og artist Silya Nymoen (47) og skuespiller, sanger og danser Heidi Ruud Ellingsen (40) man vil se i rollene som Velma Kelly og Roxie Hart \u2013 to kvinner som har \u00e9n ting til felles:<\/p>\n<p>\u2013 De begge har drept sine menn, sier Nymoen.<\/p>\n<p>\u2013 Disse damene er kriminelle, kyniske manipulatorer, legger Ruud Ellingsen til.<\/p>\n<p>        <img class=\"image__img lazyload\" itemprop=\"image\" title=\"Foto: Tommy Storhaug \/ TV 2\" alt=\"HOVEDROLLER: Silya Nymoen og Heidi Ruud Ellingsen blir hovedroller i den nye musikalen som kommer til Oslo neste \u00e5r. Foto: Tommy Storhaug \/ TV 2\" width=\"978\" height=\"551\" bad-src=\"https:\/\/www.europesays.com\/no\/wp-content\/uploads\/2025\/11\/18308229.webp\" fetchpriority=\"auto\" \/><\/p>\n<p>      HOVEDROLLER: Silya Nymoen og Heidi Ruud Ellingsen blir hovedroller i den nye musikalen som kommer til Oslo neste \u00e5r.<br \/>\n         Foto: Tommy Storhaug \/ TV 2<\/p>\n<p>B\u00e5de Nymoen og Ruud Ellingsen har begge god erfaring fra flere andre musikaler tidligere.<\/p>\n<p>\u2013 Men jeg kjenner p\u00e5 meg selv at jeg ikke tar lett p\u00e5 dette, det er en stor \u00e6re, sier Nymoen f\u00f8r hun fortsetter:<\/p>\n<p>\u2013 Jeg vil egentlig bare begynne med \u00f8vingen n\u00e5!<\/p>\n<p>Ruud Ellingsen er takknemlig over \u00e5 f\u00e5 jobbe sammen med Nymoen:<\/p>\n<p>\u2013 Silya var en av mine store helter da jeg kom til Oslo for \u00e5 pr\u00f8ve meg i denne bransjen. Hun var b\u00e5de skuespiller, danser og sanger, s\u00e5 jeg synes det er kjempestas \u00e5 f\u00e5 jobbe med henne, sier hun.<\/p>\n<p>Vil ha en annen rolle<\/p>\n<p>Et annet kjent fjes som skal v\u00e6re en del av musikalen, er skuespiller Marie Blokhus (43), som flere kanskje kjenner igjen fra NRK-suksessen \u00abSide om side\u00bb.<\/p>\n<p>Denne gangen er ikke Blokhus med som skuespiller selv, men som regiss\u00f8r.<\/p>\n<p>        <img class=\"image__img lazyload\" itemprop=\"image\" title=\"Foto: Tommy Storhaug \/ TV 2\" alt=\"ANNEN ROLLE: Denne gangen har Marie Blokhus satt seg i regiss\u00f8rstolen. Foto: Tommy Storhaug \/ TV 2\" width=\"978\" height=\"551\" bad-src=\"https:\/\/www.europesays.com\/no\/wp-content\/uploads\/2025\/11\/18308270.webp\" fetchpriority=\"auto\" \/><\/p>\n<p>      ANNEN ROLLE: Denne gangen har Marie Blokhus satt seg i regiss\u00f8rstolen.<br \/>\n         Foto: Tommy Storhaug \/ TV 2<\/p>\n<p>\u2013 Det mest utfordrende for meg personlig, blir at jeg ikke har jobbet med en produksjon av denne st\u00f8rrelsen f\u00f8r, sier hun.<\/p>\n<p>Med god erfaring som skuespiller, synes 43-\u00e5ringen det er givende i rollen som regiss\u00f8r.<\/p>\n<p>\u2013 Jeg liker \u00e5 se veldig talentfulle mennesker slippe opp og v\u00e6re modige, og synes det er g\u00f8y \u00e5 legge til rette for at folk kan strekke seg enda lenger enn de har gjort tidligere. Det har jeg tenkt til \u00e5 pr\u00f8ve \u00e5 gj\u00f8re denne gangen og, sier hun.<\/p>\n<p>\u2013 Fikk bare tilbud<\/p>\n<p>Videre forteller Blokhus hvorfor valget falt p\u00e5 Nymoen og Ruud Ellingsen som hovedrollene.<\/p>\n<p>\u2013 I dette tilfellet, s\u00e5 har de bare f\u00e5tt tilbud om rollene. De har ikke v\u00e6rt n\u00f8dt til \u00e5 bevise noen ting, for jeg vet allerede veldig godt hvem de er, og hvilke skyh\u00f8ye niv\u00e5 de holder, sier hun f\u00f8r hun legger til:<\/p>\n<p>        <img class=\"image__img lazyload\" itemprop=\"image\" title=\"Foto: FABRIZIO BENSCH \/ Reuters \/ NTB\" alt=\"FILM: I 2002 kom musikalen \u00abChicago\u00bb som film, der skuespillerne Catherine Zeta-Jones (til h\u00f8yre) og Ren\u00e9e Zellweger spilte hovedrollene. Foto: FABRIZIO BENSCH \/ Reuters \/ NTB\" width=\"675\" height=\"379\" bad-src=\"https:\/\/www.europesays.com\/no\/wp-content\/uploads\/2025\/11\/18308283.webp\" fetchpriority=\"auto\" \/><\/p>\n<p>      FILM: I 2002 kom musikalen \u00abChicago\u00bb som film, der skuespillerne Catherine Zeta-Jones (til h\u00f8yre) og Ren\u00e9e Zellweger spilte hovedrollene.<br \/>\n         Foto: FABRIZIO BENSCH \/ Reuters \/ NTB<\/p>\n<p>\u2013 S\u00e5 rollene har de f\u00e5tt i kraft av seg selv, og sitt eget virke.<\/p>\n<p>Musikalen er blant annet kjent for \u00e5 kombinere satire og humor med det m\u00f8rke og s\u00e5re. P\u00e5 sp\u00f8rsm\u00e5l om hvordan de skal f\u00e5 frem dette i musikalen, svarer Blokhus f\u00f8lgende:<\/p>\n<p>\u2013 Kanskje pr\u00f8ve \u00e5 ikke ha de tingene opp\u00e5 hverandre samtidig, men la hvert \u00f8yeblikk f\u00e5 sin plass. Forh\u00e5pentligvis blir summen av dem en helhetlig opplevelse som er underholdende, og kanskje ogs\u00e5 litt til ettertanke.<\/p>\n<p class=\"italic m-italic\" data-lab-italic=\"italic\">\u00abChicago\u00bb vil bli satt opp p\u00e5 Chateau Neuf i Oslo i begynnelsen av september 2026.<\/p>\n","protected":false},"excerpt":{"rendered":"Tidligere i h\u00f8st kom Taran AS med nyheten om at den suksessfulle musikalen, \u00abChicago\u00bb, kommer til Oslo i&hellip;\n","protected":false},"author":2,"featured_media":92818,"comment_status":"","ping_status":"","sticky":false,"template":"","format":"standard","meta":{"footnotes":""},"categories":[58],"tags":[71,30,28,29,72],"class_list":{"0":"post-92817","1":"post","2":"type-post","3":"status-publish","4":"format-standard","5":"has-post-thumbnail","7":"category-underholdning","8":"tag-entertainment","9":"tag-no","10":"tag-norge","11":"tag-norway","12":"tag-underholdning"},"share_on_mastodon":{"url":"https:\/\/pubeurope.com\/@no\/115587231478469170","error":""},"_links":{"self":[{"href":"https:\/\/www.europesays.com\/no\/wp-json\/wp\/v2\/posts\/92817","targetHints":{"allow":["GET"]}}],"collection":[{"href":"https:\/\/www.europesays.com\/no\/wp-json\/wp\/v2\/posts"}],"about":[{"href":"https:\/\/www.europesays.com\/no\/wp-json\/wp\/v2\/types\/post"}],"author":[{"embeddable":true,"href":"https:\/\/www.europesays.com\/no\/wp-json\/wp\/v2\/users\/2"}],"replies":[{"embeddable":true,"href":"https:\/\/www.europesays.com\/no\/wp-json\/wp\/v2\/comments?post=92817"}],"version-history":[{"count":0,"href":"https:\/\/www.europesays.com\/no\/wp-json\/wp\/v2\/posts\/92817\/revisions"}],"wp:featuredmedia":[{"embeddable":true,"href":"https:\/\/www.europesays.com\/no\/wp-json\/wp\/v2\/media\/92818"}],"wp:attachment":[{"href":"https:\/\/www.europesays.com\/no\/wp-json\/wp\/v2\/media?parent=92817"}],"wp:term":[{"taxonomy":"category","embeddable":true,"href":"https:\/\/www.europesays.com\/no\/wp-json\/wp\/v2\/categories?post=92817"},{"taxonomy":"post_tag","embeddable":true,"href":"https:\/\/www.europesays.com\/no\/wp-json\/wp\/v2\/tags?post=92817"}],"curies":[{"name":"wp","href":"https:\/\/api.w.org\/{rel}","templated":true}]}}