{"id":92821,"date":"2025-11-21T10:36:16","date_gmt":"2025-11-21T10:36:16","guid":{"rendered":"https:\/\/www.europesays.com\/no\/92821\/"},"modified":"2025-11-21T10:36:16","modified_gmt":"2025-11-21T10:36:16","slug":"protest-london-gran-klatrer-opp-i-london-grana-i-protest","status":"publish","type":"post","link":"https:\/\/www.europesays.com\/no\/92821\/","title":{"rendered":"Protest, London-gran | Klatrer opp i London-grana i protest"},"content":{"rendered":"\n<p>(<a rel=\"Follow nofollow noopener\" href=\"https:\/\/www.ao.no\/klatrer-opp-i-london-grana-i-protest\/s\/5-128-1197798\" target=\"_blank\">Avisa Oslo<\/a>\/Nettavisen): Hvert \u00e5r sender Norge et stort juletre over til London, som takk st\u00f8tten under krigen. Treet st\u00e5r p\u00e5 Trafalgar Square hele jula, og \u00e5rets gran er pekt ut ved L\u00f8rensetertjern i n\u00e6rheten av Slakteren i Nordmarka.<\/p>\n<p>Ordf\u00f8rer Anne Lindboe (H) og Lord Mayor Pauk Dimoldenberg m\u00f8tte opp til seremonien 09.40, men det var det andre som ogs\u00e5 hadde gjort.<\/p>\n<p>Extinction Rebellion og deres talsperson i Norge, Jonas Kittelsen, har m\u00f8tt opp med flere demonstranter. En av deres demonstranter har klatret opp i treet i protest mot britisk og norsk oljeutvinning.<\/p>\n<p><b>\u2013 En klatrer er oppe i julegrana n\u00e5. Vi krever at Equinor og Kier Starmer stopper Rosebank, sier Kittelsen.<\/b><\/p>\n<p>Klokken 10.32 melder politiet at aktivisten har klatret ned fra treet, og arrangementet fortsetter som planlagt.<\/p>\n<p>   <img decoding=\"async\" width=\"1200\" height=\"800\" fetchpriority=\"low\"  loading=\"lazy\"  src=\"https:\/\/www.europesays.com\/no\/wp-content\/uploads\/2025\/11\/protest.jpg\" alt=\"\" class=\"brick-c-cFOWSL\" style=\"--brick-image-ratio: 1200 \/ 800;\"\/><\/p>\n<p>      Ordf\u00f8rer Anne Lindboe (H) og Lord Mayor Pauk Dimoldenberg m\u00f8ter pressen og andre oppm\u00f8tte.<br \/>\n      Foto: Ingvild Karijord (NAB)\n    <\/p>\n<p>   <img decoding=\"async\" width=\"1200\" height=\"800\" fetchpriority=\"low\"  loading=\"lazy\"  src=\"https:\/\/www.europesays.com\/no\/wp-content\/uploads\/2025\/11\/protest+4.jpg\" alt=\"\" class=\"brick-c-cFOWSL\" style=\"--brick-image-ratio: 1200 \/ 800;\"\/><\/p>\n<p>      &#8216;Stop Rosebank now&#8217;, st\u00e5r det p\u00e5 banneret.<br \/>\n      Foto: Ingvild Karijord (NAB)\n    <\/p>\n<p>  \u2013 Skal vi han en trygg framtid, kan vi ikke \u00e5pne Rosebank<\/p>\n<p>\u2013 FNs generalsekret\u00e6r sa for flere \u00e5r siden: \u00abIngen nye felt.\u00bb Det betyr ingen nye felt, sier Kittelsen.<\/p>\n<p><b>Les ogs\u00e5: <a rel=\"Follow nofollow noopener\" href=\"https:\/\/www.nettavisen.no\/kjendis\/tor-hakon-gabriel-havardsen-fra-forrader-jeg-har-loyet-om-det-i-30-ar\/s\/5-95-2735813\" target=\"_blank\">Holdt kriminell handling skjult: \u2013 Jeg har l\u00f8yet i 30 \u00e5r<\/a><\/b><\/p>\n<p>   <img decoding=\"async\" width=\"1200\" height=\"800\" fetchpriority=\"low\"  loading=\"lazy\"  src=\"https:\/\/www.europesays.com\/no\/wp-content\/uploads\/2025\/11\/protest+2.jpg\" alt=\"\" class=\"brick-c-cFOWSL\" style=\"--brick-image-ratio: 1200 \/ 800;\"\/><\/p>\n<p>      Jonas Kittelsen og hans demonstranter sier dette handler om \u00e5 stoppe oljefeltet Rosebank i Nordsj\u00f8en.<br \/>\n      Foto: Ingvild Karijord (NAB)\n    <\/p>\n<p>\u2013 Det er et gigantisk oljefelt i Nordsj\u00f8en som kommer til \u00e5 true framtida v\u00e5r. Vi \u00f8nsker \u00e5 sende en knallhard beskjed til Equinor og Starmer om at det kan vi faktisk stoppe dette, sier han.<\/p>\n<p>If\u00f8lge Kittelsen vil en demonstrant v\u00e6re oppe i treet med et banner under seremonien.<\/p>\n<p>\u2013 Det er enkelte som ikke er forn\u00f8yde, da dette er en takk til England fra 2. verdenskrig. Men skal vi han en trygg framtid, kan vi ikke \u00e5pne Rosebank.<\/p>\n<p>   <img decoding=\"async\" width=\"2400\" height=\"1600\" fetchpriority=\"low\"  loading=\"lazy\"  src=\"https:\/\/www.europesays.com\/no\/wp-content\/uploads\/2025\/11\/1763721372_56_photo+%2813%29.jpg\" alt=\"\" class=\"brick-c-cFOWSL\" style=\"--brick-image-ratio: 2400 \/ 1600;\"\/><\/p>\n<p>      Jonas Kittelsen forbereder demonstrantene sine.<br \/>\n      Foto: Ingvild Karijord (NAB)\n    <\/p>\n<p>   <img decoding=\"async\" width=\"1200\" height=\"800\" fetchpriority=\"low\"  loading=\"lazy\"  src=\"https:\/\/www.europesays.com\/no\/wp-content\/uploads\/2025\/11\/protest+7.jpg\" alt=\"\" class=\"brick-c-cFOWSL\" style=\"--brick-image-ratio: 1200 \/ 800;\"\/><\/p>\n<p>      De oppm\u00f8tte venter og f\u00f8lger med.<br \/>\n      Foto: Ingvild Karijord (NAB)\n    <\/p>\n<p>  Politiet var p\u00e5 vei<\/p>\n<p>If\u00f8lge Kittelsen er de ti demonstranter p\u00e5 stedet. De har l\u00f8pende kontakt med politiet.<\/p>\n<p>Klokka 10.06 meldte politiet at de var p\u00e5 vei, for \u00e5 snakke med aktivistene.<\/p>\n<p>   <img decoding=\"async\" width=\"1200\" height=\"800\" fetchpriority=\"low\"  loading=\"lazy\"  src=\"https:\/\/www.europesays.com\/no\/wp-content\/uploads\/2025\/11\/protest+8.jpg\" alt=\"\" class=\"brick-c-cFOWSL\" style=\"--brick-image-ratio: 1200 \/ 800;\"\/><\/p>\n<p>      Demonstranten i treet er h\u00f8yt over bakken<br \/>\n      Foto: Ingvild Karijord (NAB)\n    <\/p>\n<p>If\u00f8lge Nordre Akers Budstikkes reporter p\u00e5 stedet har Knut Johanson og de andre fra Bymilj\u00f8etaten kjeftet p\u00e5 demonstrantene. Ogs\u00e5 skiforeningen har utrykt misn\u00f8ye.<\/p>\n<p>Etter planen skal elever fra Maridalen og Manglerud skole synge julemusikk, politikerne skal prate og sette i gang fellinga, og det skal plantes et nytt tre.<\/p>\n<p>Men fellingen kan ikke skje f\u00f8r demonstranten er nede.<\/p>\n<p>   <img decoding=\"async\" width=\"1200\" height=\"800\" fetchpriority=\"low\"  loading=\"lazy\"  src=\"https:\/\/www.europesays.com\/no\/wp-content\/uploads\/2025\/11\/protest+6.jpg\" alt=\"\" class=\"brick-c-cFOWSL\" style=\"--brick-image-ratio: 1200 \/ 800;\"\/><\/p>\n<p>      Mannskaper fra kommunen har kjeftet p\u00e5 demonstrantene.<br \/>\n      Foto: Ingvild Karijord (NAB)\n    <\/p>\n<p>   <img decoding=\"async\" width=\"1200\" height=\"800\" fetchpriority=\"low\"  loading=\"lazy\"  src=\"https:\/\/www.europesays.com\/no\/wp-content\/uploads\/2025\/11\/protest+3.jpg\" alt=\"\" class=\"brick-c-cFOWSL\" style=\"--brick-image-ratio: 1200 \/ 800;\"\/><\/p>\n<p>      En demonstrant vil holde seg i treet i et fors\u00f8k p\u00e5 \u00e5 stoppe fellingen.<br \/>\n      Foto: Ingvild Karijord (NAB)\n    <\/p>\n<p><b>Les ogs\u00e5: <a rel=\"Follow nofollow noopener\" href=\"https:\/\/www.nettavisen.no\/kjendis\/harald-ronneberg-ble-hardt-rammet-av-omgangssyke-pa-ekspedisjonen-en-utfordring-jeg-ikke-sa-komme\/s\/5-95-2733790\" target=\"_blank\">Hardt rammet av sykdom: \u2013 Ting du ikke har kontroll over<\/a><\/b><\/p>\n","protected":false},"excerpt":{"rendered":"(Avisa Oslo\/Nettavisen): Hvert \u00e5r sender Norge et stort juletre over til London, som takk st\u00f8tten under krigen. Treet&hellip;\n","protected":false},"author":2,"featured_media":92822,"comment_status":"","ping_status":"","sticky":false,"template":"","format":"standard","meta":{"footnotes":""},"categories":[5],"tags":[20,21,24,25,15,19,22,23,17,18,13,30,28,29,14,16,26,27],"class_list":{"0":"post-92821","1":"post","2":"type-post","3":"status-publish","4":"format-standard","5":"has-post-thumbnail","7":"category-overskrifter","8":"tag-breaking-news","9":"tag-breakingnews","10":"tag-featured-news","11":"tag-featurednews","12":"tag-headlines","13":"tag-hovedoppslag","14":"tag-latest-news","15":"tag-latestnews","16":"tag-main-news","17":"tag-mainnews","18":"tag-news","19":"tag-no","20":"tag-norge","21":"tag-norway","22":"tag-nyheter","23":"tag-overskrifter","24":"tag-top-stories","25":"tag-topstories"},"share_on_mastodon":{"url":"https:\/\/pubeurope.com\/@no\/115587251344009625","error":""},"_links":{"self":[{"href":"https:\/\/www.europesays.com\/no\/wp-json\/wp\/v2\/posts\/92821","targetHints":{"allow":["GET"]}}],"collection":[{"href":"https:\/\/www.europesays.com\/no\/wp-json\/wp\/v2\/posts"}],"about":[{"href":"https:\/\/www.europesays.com\/no\/wp-json\/wp\/v2\/types\/post"}],"author":[{"embeddable":true,"href":"https:\/\/www.europesays.com\/no\/wp-json\/wp\/v2\/users\/2"}],"replies":[{"embeddable":true,"href":"https:\/\/www.europesays.com\/no\/wp-json\/wp\/v2\/comments?post=92821"}],"version-history":[{"count":0,"href":"https:\/\/www.europesays.com\/no\/wp-json\/wp\/v2\/posts\/92821\/revisions"}],"wp:featuredmedia":[{"embeddable":true,"href":"https:\/\/www.europesays.com\/no\/wp-json\/wp\/v2\/media\/92822"}],"wp:attachment":[{"href":"https:\/\/www.europesays.com\/no\/wp-json\/wp\/v2\/media?parent=92821"}],"wp:term":[{"taxonomy":"category","embeddable":true,"href":"https:\/\/www.europesays.com\/no\/wp-json\/wp\/v2\/categories?post=92821"},{"taxonomy":"post_tag","embeddable":true,"href":"https:\/\/www.europesays.com\/no\/wp-json\/wp\/v2\/tags?post=92821"}],"curies":[{"name":"wp","href":"https:\/\/api.w.org\/{rel}","templated":true}]}}