{"id":92825,"date":"2025-11-21T10:43:07","date_gmt":"2025-11-21T10:43:07","guid":{"rendered":"https:\/\/www.europesays.com\/no\/92825\/"},"modified":"2025-11-21T10:43:07","modified_gmt":"2025-11-21T10:43:07","slug":"politiet-avfyrte-varselskudd-pa-campingplass-nrk-vestfold-og-telemark-lokale-nyheter-tv-og-radio","status":"publish","type":"post","link":"https:\/\/www.europesays.com\/no\/92825\/","title":{"rendered":"Politiet avfyrte varselskudd p\u00e5 campingplass \u2013 NRK Vestfold og Telemark \u2013 Lokale nyheter, TV og radio"},"content":{"rendered":"<p>Politiet fikk melding om et p\u00e5g\u00e5ende innbrudd i en campingbil, og rykket ut til stedet.<\/p>\n<p>Ved ankomst ble situasjonen raskt dramatisk.<\/p>\n<p><strong>\u2013 Da patruljen ankom holdt mannen en kniv i h\u00e5nden og oppf\u00f8rte seg truende. Politiet avfyrte varselskudd i luften og m\u00e5tte bruke tazer for \u00e5 f\u00e5 kontroll p\u00e5 han, opplyser politiets operasjonsleder til NRK.<\/strong><\/p>\n<p>Det er ingen som er skadd som f\u00f8lge av hendelsen.<\/p>\n<p>Det er heller ingen andre personer involvert enn mistenkte.<\/p>\n<p>Mannen ble p\u00e5grepet.<\/p>\n<p>Publisert<\/p>\n<p>21.11.2025, kl. 10.51<\/p>\n<p>Oppdatert<\/p>\n<p>21.11.2025, kl. 11.37<\/p>\n","protected":false},"excerpt":{"rendered":"Politiet fikk melding om et p\u00e5g\u00e5ende innbrudd i en campingbil, og rykket ut til stedet. Ved ankomst ble&hellip;\n","protected":false},"author":2,"featured_media":62464,"comment_status":"","ping_status":"","sticky":false,"template":"","format":"standard","meta":{"footnotes":""},"categories":[5],"tags":[20,21,24,25,15,19,22,23,17,18,13,30,28,29,14,16,26,27],"class_list":{"0":"post-92825","1":"post","2":"type-post","3":"status-publish","4":"format-standard","5":"has-post-thumbnail","7":"category-overskrifter","8":"tag-breaking-news","9":"tag-breakingnews","10":"tag-featured-news","11":"tag-featurednews","12":"tag-headlines","13":"tag-hovedoppslag","14":"tag-latest-news","15":"tag-latestnews","16":"tag-main-news","17":"tag-mainnews","18":"tag-news","19":"tag-no","20":"tag-norge","21":"tag-norway","22":"tag-nyheter","23":"tag-overskrifter","24":"tag-top-stories","25":"tag-topstories"},"share_on_mastodon":{"url":"https:\/\/pubeurope.com\/@no\/115587278642704924","error":""},"_links":{"self":[{"href":"https:\/\/www.europesays.com\/no\/wp-json\/wp\/v2\/posts\/92825","targetHints":{"allow":["GET"]}}],"collection":[{"href":"https:\/\/www.europesays.com\/no\/wp-json\/wp\/v2\/posts"}],"about":[{"href":"https:\/\/www.europesays.com\/no\/wp-json\/wp\/v2\/types\/post"}],"author":[{"embeddable":true,"href":"https:\/\/www.europesays.com\/no\/wp-json\/wp\/v2\/users\/2"}],"replies":[{"embeddable":true,"href":"https:\/\/www.europesays.com\/no\/wp-json\/wp\/v2\/comments?post=92825"}],"version-history":[{"count":0,"href":"https:\/\/www.europesays.com\/no\/wp-json\/wp\/v2\/posts\/92825\/revisions"}],"wp:featuredmedia":[{"embeddable":true,"href":"https:\/\/www.europesays.com\/no\/wp-json\/wp\/v2\/media\/62464"}],"wp:attachment":[{"href":"https:\/\/www.europesays.com\/no\/wp-json\/wp\/v2\/media?parent=92825"}],"wp:term":[{"taxonomy":"category","embeddable":true,"href":"https:\/\/www.europesays.com\/no\/wp-json\/wp\/v2\/categories?post=92825"},{"taxonomy":"post_tag","embeddable":true,"href":"https:\/\/www.europesays.com\/no\/wp-json\/wp\/v2\/tags?post=92825"}],"curies":[{"name":"wp","href":"https:\/\/api.w.org\/{rel}","templated":true}]}}