{"id":92826,"date":"2025-11-21T10:48:10","date_gmt":"2025-11-21T10:48:10","guid":{"rendered":"https:\/\/www.europesays.com\/no\/92826\/"},"modified":"2025-11-21T10:48:10","modified_gmt":"2025-11-21T10:48:10","slug":"okt-ettersporsel-etter-lange-kontrakter-e24","status":"publish","type":"post","link":"https:\/\/www.europesays.com\/no\/92826\/","title":{"rendered":"\u2013 \u00d8kt ettersp\u00f8rsel etter lange kontrakter \u2013 E24"},"content":{"rendered":"<p class=\"fullWidthDesktop hyperion-css-71ztg2\" data-test-tag=\"lead-text\">Fredag signerer Equinor-sjef Anders Opedal en ti\u00e5rig gassavtale i Tsjekkia. \u2013 Norsk gass er viktig i et Europa som er ganske kaldt for tiden.<\/p>\n<p><img decoding=\"async\" class=\"image-asset hyperion-css-u06ts1\" data-test-tag=\"image-asset\" src=\"https:\/\/www.europesays.com\/no\/wp-content\/uploads\/2025\/11\/744432d7-3325-4f5e-9174-227c1edf1b36\"  alt=\"Fredag undertegner Equinor-sjef en ti\u00e5rig gassavtale i Tsjekkias hovedstad Praha. Dette er Karlsbroen, en popul\u00e6r turistattraksjon.\"  loading=\"eager\" fetchpriority=\"high\" style=\"aspect-ratio:1900 \/ 1267\"\/>Fredag undertegner Equinor-sjef en ti\u00e5rig gassavtale i Tsjekkias hovedstad Praha. Dette er Karlsbroen, en popul\u00e6r turistattraksjon. Foto: Eva Korinkova \/ Reuters \/ NTBPublisert: Publisert: <\/p>\n<p>For mindre enn 50 minutter siden<\/p>\n<p>Kortversjonen<\/p>\n<ul class=\"hyperion-css-pkq1ci\" data-test-tag=\"list\">\n<li class=\"hyperion-css-12h2ush\">Equinor signerer en ti\u00e5rig avtale om gassleveranser til gass- og kraftselskapet Pra\u017esk\u00e1 plyn\u00e1rensk\u00e1 i Praha i Tsjekkia.<\/li>\n<li class=\"hyperion-css-12h2ush\">Det norske selskapet opplever \u00f8kt ettersp\u00f8rsel etter lange gasskontrakter i Europa.<\/li>\n<li class=\"hyperion-css-12h2ush\">Selskapet har blant annet gasskontrakter med akt\u00f8rer som polske PGNiG, britiske Centrica og tyske BASF og Sefe.<\/li>\n<\/ul>\n<p class=\"hyperion-css-10lbhat\">Oppsummeringen er laget av AI-verkt\u00f8yet ChatGPT og kvalitetssikret av E24s journalister<\/p>\n<p>Vis mer <\/p>\n<ul class=\"hyperion-css-pte5x0\">\n<li aria-label=\"link\" class=\"narrow-button hyperion-css-1sz7d3n\">Kopier lenke<\/li>\n<li aria-label=\"link\" class=\"wide-button hyperion-css-1sz7d3n\">Kopier lenke<\/li>\n<li aria-label=\"facebook\" class=\"narrow-button hyperion-css-1sz7d3n\">Del p\u00e5 Facebook<\/li>\n<li aria-label=\"facebook\" class=\"wide-button hyperion-css-1sz7d3n\">Del p\u00e5 Facebook<\/li>\n<li aria-label=\"email\" class=\"narrow-button hyperion-css-1sz7d3n\">Del med e-post<\/li>\n<li aria-label=\"email\" class=\"wide-button hyperion-css-1sz7d3n\">Del med e-post<\/li>\n<\/ul>\n<p class=\"hyperion-css-1lemvax\">Konsernsjefen er i Praha for \u00e5 signere en ti\u00e5rig gassavtale med gass- og elektrisitetsselskapet Pra\u017esk\u00e1 plyn\u00e1rensk\u00e1.<\/p>\n<p class=\"hyperion-css-1lemvax\">E24 har f\u00e5tt tilsendt bilder av konsernsjefen som tenner lys (se nedenfor).<\/p>\n<p class=\"hyperion-css-1lemvax\"><strong>\u2013 Det var fint \u00e5 se slottsplassen ved Praha Slott opplyst med gassbluss, sier Opedal til E24.<\/strong><\/p>\n<p class=\"hyperion-css-1lemvax\">I adventstiden er det ogs\u00e5 tradisjon \u00e5 opplyse den kjente turistattraksjonen Karlsbroen med gassbluss.<\/p>\n<p class=\"hyperion-css-1lemvax\">\u2013 Jeg har f\u00e5tt beskjed om \u00e5 ta med varme kl\u00e6r, for det er ganske kaldt. Og norsk gass er viktig i et Europa som er ganske kaldt for tiden, sier Opedal.<\/p>\n<p class=\"hyperion-css-1lemvax\">Fredag signerer han gassavtalen p\u00e5 r\u00e5dhuset i Praha sammen med byens ordf\u00f8rer og ledelsen i Pra\u017esk\u00e1 plyn\u00e1rensk\u00e1.<\/p>\n<p class=\"hyperion-css-1lemvax\"><strong>\u2013 N\u00e5r jeg er ute i Europa ser jeg hvor viktig Norge er og den jobben som gj\u00f8res hver dag p\u00e5 norsk sokkel er for \u00f8konomisk velstand, forsyningssikkerhet og jobber i Europa, i en tid hvor andre bruker energi som v\u00e5pen, sier Opedal.<\/strong><\/p>\n<p class=\"hyperion-css-1lemvax\">Avtalen varer frem til 1. oktober 2035.<\/p>\n<p><img decoding=\"async\" class=\"image-asset hyperion-css-u06ts1\" data-test-tag=\"image-asset\" src=\"https:\/\/www.europesays.com\/no\/wp-content\/uploads\/2025\/11\/5c006bc4-5d22-470d-95a5-227233ab2ec6\"  alt=\"Equinor-sjef Anders Opedal tenner et gassbluss p\u00e5 Slottsplassen i Praha i Tsjekkia. Fredag undertegner han en gassavtale med det lokale gass- og kraftselskapet.\"  loading=\"eager\" fetchpriority=\"high\" style=\"aspect-ratio:1900 \/ 1266\"\/>Equinor-sjef Anders Opedal tenner et gassbluss p\u00e5 Slottsplassen i Praha i Tsjekkia. Fredag undertegner han en gassavtale med det lokale gass- og kraftselskapet. Foto: Helga Hovland, Equinor\u2013 Fornyelse<\/p>\n<p class=\"hyperion-css-1lemvax\">Det <a data-test-tag=\"internal-link\" href=\"https:\/\/e24.no\/energi-og-klima\/i\/Kz4v6M\/danmark-og-polen-koblet-seg-til-norsk-gassroer\" class=\"hyperion-css-1rezu2g\" rel=\"nofollow noopener\" target=\"\" aria-label=\"dansk-polske gassr\u00f8ret Baltic Pipe\">dansk-polske gassr\u00f8ret Baltic Pipe<\/a> er koblet til det norske gassr\u00f8rsystemet, og \u00e5pner nye d\u00f8rer for Equinor.<\/p>\n<p class=\"hyperion-css-1lemvax\">Tidligere har selskapet ogs\u00e5 inng\u00e5tt en ti\u00e5rig <a data-test-tag=\"internal-link\" href=\"https:\/\/e24.no\/boers-og-finans\/i\/Ll1OeQ\/equinor-inngaar-langsiktig-gassalgsavtale-med-polsk-gassgigant\" class=\"hyperion-css-1rezu2g\" rel=\"nofollow noopener\" target=\"\" aria-label=\"gassavtale med polske PGNiG\">gassavtale med polske PGNiG<\/a>.<\/p>\n<p class=\"hyperion-css-1lemvax\">\u2013 Vi ser \u00f8kt ettersp\u00f8rsel etter norsk gass i sentral- og S\u00f8r-Europa, sier Opedal.<\/p>\n<p class=\"hyperion-css-1lemvax\">\u2013 Tradisjonelt har norsk gass s\u00e6rlig blitt solgt rundt nordsj\u00f8bassenget. Med Baltic Pipe kom en ti\u00e5rig avtale i Polen, og r\u00f8rledningen har ogs\u00e5 gjort det mulig for oss \u00e5 selge volumer p\u00e5 korte kontrakter til Finland via den baltiske infrastrukturen.<\/p>\n<p><img decoding=\"async\" class=\"image-asset hyperion-css-u06ts1\" data-test-tag=\"image-asset\" src=\"https:\/\/www.europesays.com\/no\/wp-content\/uploads\/2025\/11\/c3f937e1-1727-4f1c-96fa-9b254b34a579\"  alt=\"Dette bildet er fra byggingen av gassr\u00f8ret Baltic Pipe, som frakter norsk gass videre til Danmark, Polen og Baltikum.\"  loading=\"eager\" fetchpriority=\"high\" style=\"aspect-ratio:848 \/ 636\"\/>Dette bildet er fra byggingen av gassr\u00f8ret Baltic Pipe, som frakter norsk gass videre til Danmark, Polen og Baltikum. Foto: Baltic Pipe<a data-test-tag=\"teaser-small:link-internal\" href=\"https:\/\/e24.no\/energi-og-klima\/i\/KMdl34\/equinor-topp-ingen-olje-skal-ligge-igjen-paa-norsk-sokkel\" class=\"imagePosition-top inline hyperion-css-6238vu\" rel=\"nofollow noopener\" target=\"\" aria-label=\"Equinor-topp: \u2013 Ingen olje skal ligge igjen p\u00e5 norsk sokkel\"><\/p>\n<p>Les ogs\u00e5<\/p>\n<p>Equinor-topp: \u2013 Ingen olje skal ligge igjen p\u00e5 norsk sokkel<\/p>\n<p><\/a>Skal erstatte kullkraft<\/p>\n<p class=\"hyperion-css-1lemvax\">Equinor har levert gass til Tsjekkia f\u00f8r, men da har kunden hentet den p\u00e5 landingspunkt i Tyskland.<\/p>\n<p class=\"hyperion-css-1lemvax\">\u2013 N\u00e5 skal vi frakte gassen fra Tyskland til den tsjekkiske huben. Gassen skal brukes til \u00e5 erstatte kullkraft og bidra til at landet fortsatt kan klare seg uten russisk gass. Vi opplever en fornyelse av markedsinteressen i dette omr\u00e5det, sier Opedal.<\/p>\n<p class=\"hyperion-css-1lemvax\">Han opplyser at Tsjekkia fortsatt f\u00e5r 36 prosent av str\u00f8mmen sin fra kull, men at kull skal fases ut.<\/p>\n<p class=\"hyperion-css-1lemvax\">\u2013 Da er det viktig \u00e5 kombinere gasskraft med fornybar energi, og sikre lange avtaler med et selskap og et land som er til \u00e5 stole p\u00e5, sier han.<\/p>\n<p><a data-test-tag=\"teaser-small:link-internal\" href=\"https:\/\/e24.no\/energi-og-klima\/i\/Pp6XE0\/store-sprik-i-ieas-oljeanslag\" class=\"imagePosition-top inline hyperion-css-6238vu\" rel=\"nofollow noopener\" target=\"\" aria-label=\"Store sprik i IEAs oljeanslag\"><\/p>\n<p>Les ogs\u00e5<\/p>\n<p>Store sprik i IEAs oljeanslag<\/p>\n<p><\/a>\u2013 Til \u00e5 stole p\u00e5<\/p>\n<p class=\"hyperion-css-1lemvax\">Equinor har i \u00e5r signert en ti\u00e5rig gassavtale med britiske Centrica <a data-test-tag=\"internal-link\" href=\"https:\/\/e24.no\/boers-og-finans\/i\/Avnm2z\/kjempekontrakt-skal-levere-gass-for-270-mrd\" class=\"hyperion-css-1rezu2g\" rel=\"nofollow noopener\" target=\"\" aria-label=\"verdt rundt 270 milliarder\">verdt rundt 270 milliarder<\/a>, og en ti\u00e5rig gassavtale med <a aria-label=\"kjemikaliekjempen BASF\" class=\"default hyperion-css-1rezu2g\" href=\"https:\/\/www.equinor.com\/no\/nyheter\/20250718-basf-og-equinor-bekrefter-strategisk-partnerskap-og-signerer-tiaarig-gassavtale?utm_source=newssubscription&amp;utm_medium=email\" rel=\"noopener nofollow noreferrer\" data-test-tag=\"external-link\" target=\"_blank\">kjemikaliekjempen BASF<\/a>.<\/p>\n<p class=\"hyperion-css-1lemvax\">For to \u00e5r siden signerte Equinor en gasskontrakt <a aria-label=\"verdt n\u00e6r 600 milliarder\" class=\"default hyperion-css-1rezu2g\" href=\"https:\/\/www.vg.no\/nyheter\/i\/kE5E3Q\/equinor-har-landet-gigantisk-gassavtale\" rel=\"noopener nofollow noreferrer\" data-test-tag=\"external-link\" target=\"_blank\">verdt n\u00e6r 600 milliarder<\/a> med tyske Sefe. Denne strekker seg over 15 \u00e5r.<\/p>\n<p class=\"hyperion-css-1lemvax\">Tyskland trenger if\u00f8lge Opedal gasskraft for \u00e5 balansere \u00f8kende innslag av fornybar kraft i energimiksen.<\/p>\n<p class=\"hyperion-css-1lemvax\"><strong>\u2013 Vi ser \u00f8kt ettersp\u00f8rsel etter lange kontrakter. En tysk industrileder sa til meg at Norge er et sikkerhetsnett n\u00e5r de gjennomf\u00f8rer energiomstillingen.<\/strong><\/p>\n<p class=\"hyperion-css-1lemvax\">Norge<a data-test-tag=\"internal-link\" href=\"https:\/\/e24.no\/energi-og-klima\/i\/0VkJGJ\/rekord-for-norsk-gass\" class=\"hyperion-css-1rezu2g\" rel=\"nofollow noopener\" target=\"\" aria-label=\" solgte rekordmye gass \"> solgte rekordmye gass <\/a>i fjor, til tross for at Europa ogs\u00e5 har begynt \u00e5 importere mer flytende naturgass (LNG) fra land som USA og Qatar.<\/p>\n<p class=\"hyperion-css-1lemvax\">Norsk gass har blant annet bidratt til at Storbritannia har kunnet kvitte seg med kullkraft, p\u00e5peker konsernsjefen.<\/p>\n<p class=\"hyperion-css-1lemvax\">\u2013 N\u00e5 vil norsk gass spille den viktige rollen ogs\u00e5 i Polen, Baltikum, Tsjekkia og andre land. Gasskraft har halvparten s\u00e5 store utslipp som kullkraft, og du klarer ikke \u00e5 erstatte all kullkraften med fornybar energi, sier han.<\/p>\n<p><a data-test-tag=\"teaser-small:link-internal\" href=\"https:\/\/e24.no\/energi-og-klima\/i\/Vz27dp\/gassfallet-til-2029-mer-enn-hele-den-tyske-kjernekraften\" class=\"imagePosition-top inline hyperion-css-6238vu\" rel=\"nofollow noopener\" target=\"\" aria-label=\"Gassfallet til 2029: \u2013 Mer enn hele den tyske kjernekraften\"><\/p>\n<p>Les ogs\u00e5<\/p>\n<p>Gassfallet til 2029: \u2013 Mer enn hele den tyske kjernekraften<\/p>\n<p><\/a><\/p>\n","protected":false},"excerpt":{"rendered":"Fredag signerer Equinor-sjef Anders Opedal en ti\u00e5rig gassavtale i Tsjekkia. \u2013 Norsk gass er viktig i et Europa&hellip;\n","protected":false},"author":2,"featured_media":92827,"comment_status":"","ping_status":"","sticky":false,"template":"","format":"standard","meta":{"footnotes":""},"categories":[12],"tags":[20,21,24,25,15,22,23,13,30,28,29,14,16,26,27,42,43,44,45],"class_list":{"0":"post-92826","1":"post","2":"type-post","3":"status-publish","4":"format-standard","5":"has-post-thumbnail","7":"category-verden","8":"tag-breaking-news","9":"tag-breakingnews","10":"tag-featured-news","11":"tag-featurednews","12":"tag-headlines","13":"tag-latest-news","14":"tag-latestnews","15":"tag-news","16":"tag-no","17":"tag-norge","18":"tag-norway","19":"tag-nyheter","20":"tag-overskrifter","21":"tag-top-stories","22":"tag-topstories","23":"tag-verden","24":"tag-world","25":"tag-world-news","26":"tag-worldnews"},"share_on_mastodon":{"url":"https:\/\/pubeurope.com\/@no\/115587298802355069","error":""},"_links":{"self":[{"href":"https:\/\/www.europesays.com\/no\/wp-json\/wp\/v2\/posts\/92826","targetHints":{"allow":["GET"]}}],"collection":[{"href":"https:\/\/www.europesays.com\/no\/wp-json\/wp\/v2\/posts"}],"about":[{"href":"https:\/\/www.europesays.com\/no\/wp-json\/wp\/v2\/types\/post"}],"author":[{"embeddable":true,"href":"https:\/\/www.europesays.com\/no\/wp-json\/wp\/v2\/users\/2"}],"replies":[{"embeddable":true,"href":"https:\/\/www.europesays.com\/no\/wp-json\/wp\/v2\/comments?post=92826"}],"version-history":[{"count":0,"href":"https:\/\/www.europesays.com\/no\/wp-json\/wp\/v2\/posts\/92826\/revisions"}],"wp:featuredmedia":[{"embeddable":true,"href":"https:\/\/www.europesays.com\/no\/wp-json\/wp\/v2\/media\/92827"}],"wp:attachment":[{"href":"https:\/\/www.europesays.com\/no\/wp-json\/wp\/v2\/media?parent=92826"}],"wp:term":[{"taxonomy":"category","embeddable":true,"href":"https:\/\/www.europesays.com\/no\/wp-json\/wp\/v2\/categories?post=92826"},{"taxonomy":"post_tag","embeddable":true,"href":"https:\/\/www.europesays.com\/no\/wp-json\/wp\/v2\/tags?post=92826"}],"curies":[{"name":"wp","href":"https:\/\/api.w.org\/{rel}","templated":true}]}}