{"id":92840,"date":"2025-11-21T11:03:12","date_gmt":"2025-11-21T11:03:12","guid":{"rendered":"https:\/\/www.europesays.com\/no\/92840\/"},"modified":"2025-11-21T11:03:12","modified_gmt":"2025-11-21T11:03:12","slug":"bolig-og-eiendom-norges-bank","status":"publish","type":"post","link":"https:\/\/www.europesays.com\/no\/92840\/","title":{"rendered":"Bolig og eiendom, Norges Bank"},"content":{"rendered":"\n<p>I en fersk rapport (staff memo) advarer Norges Bank om kraftige \u00f8konomiske konsekvenser av v\u00e6r- og klimaendringer. <a href=\"https:\/\/www.norges-bank.no\/contentassets\/afc40bb030be4a58a316d58a5f52308c\/25_08492-1-staff-memo-nr-12-2025-1971479_1_1.pdf?v=11112025104705\" rel=\"Follow nofollow noopener\" target=\"_blank\">Rapporten<\/a> ble publisert i slutten av uke 46.<\/p>\n<p><a href=\"https:\/\/www.nettavisen.no\/okonomi\/enormt-prishopp-for-forsikringer-frykter-det-fortsetter\/s\/5-95-2684593\" rel=\"Follow nofollow noopener\" target=\"_blank\">Som Nettavisen nylig omtalte har norske forsikringsselskaper \u00f8kt premiene med nesten 30 prosent de siste \u00e5rene<\/a>. Norges Bank peker p\u00e5 at skadeutbetalinger har \u00f8kt markant. Det er ikke bare naturskader som er \u00e5rsaken:<\/p>\n<p>\u00abNorge har god forsikringsdekning og en kollektiv ordning for \u00e5 dekke naturskader, men ogs\u00e5 andre skadeformer har \u00f8kt. \u00d8kte v\u00e6rrelaterte skader kan de neste \u00e5rene f\u00f8re til \u00f8kte kostnader for dem som eier egen bolig\u00bb, skriver Norges Bank.<\/p>\n<p>S\u00e5 mange som over 350.000 av landets om lag 2,75 millioner boliger, (13 prosent) er utsatt, sl\u00e5r Norges Bank fast i et kort sammendrag:<\/p>\n<p>\u00abDet har lenge v\u00e6rt tilgjengelig data for boliger som er utsatt for flom, skred og stormflo, men vi har n\u00e5 ogs\u00e5 tall som viser eksponering mot overvannsrisiko. Vi finner at om lag 13 prosent av norske boliger og 11,5 prosent av norske boligverdier ligger i omr\u00e5der som er s\u00e6rlig utsatt for naturskaderisiko og andre v\u00e6rrelaterte skader.\u00bb<\/p>\n<p>Skyh\u00f8ye erstatninger<\/p>\n<p>I flere artikler nylig dokumenterte Nettavisen at forsikringspremiene \u00f8ker. Det er flere kostnader som \u00f8ker.<\/p>\n<p>If\u00f8lge Norges Bank har prisen p\u00e5 villaforsikring steget med over 60 prosent siden 2016, mens kommunale avgifter har vokst med over 115 prosent i samme periode (m\u00e5lt i 2024-kroner).<\/p>\n<p>   <img decoding=\"async\" width=\"1230\" height=\"927\" fetchpriority=\"low\"  loading=\"lazy\"  src=\"https:\/\/www.europesays.com\/no\/wp-content\/uploads\/2025\/11\/priser_komavg_forsikring.bin\" alt=\"\" class=\"brick-c-cFOWSL\" style=\"--brick-image-ratio: 1230 \/ 927;\"\/><\/p>\n<p>      DYRERE: Som tabellen viser har prisene p\u00e5 forsikring g\u00e5tt kraftig opp siden 2016, men det har ogs\u00e5 de kommunale avgiftene.<br \/>\n      Foto: Kilder: SSB, Norges Bank, Finans Norge\n    <\/p>\n<p>For Norge totalt er litt over 8 prosent av boligene i \u00e9n eller flere soner for naturskade (flom, skred, stormflo), mens 5,4 prosent har h\u00f8y risiko for overvannsskader, viser rapporten.<\/p>\n<p>Skader for\u00e5rsaket av vanninntrengning utenfra (overvann) har ogs\u00e5 \u00f8kt kraftig i perioden 2008\u20132024. Overvann utgj\u00f8r en s\u00e6rskilt risiko fordi slike skader ikke dekkes gjennom Naturskadepoolen, men via private forsikringsavtaler.<\/p>\n<p>Selv om median utbetaling ved v\u00e6rrelaterte skader ligger rundt 25 000 kroner, har de st\u00f8rste utbetalingene i enkelte \u00e5r ligget n\u00e6r 500 000 kroner.<\/p>\n<p>Advarer regjeringen<\/p>\n<p>I statsbudsjettet har regjeringen satt av n\u00e6r 800 millioner kroner til forebyggende klimatiltak.<\/p>\n<p><b>Det er altfor lite, har Elin Spjelkavik, oppgj\u00f8rssjef i Storebrand forsikring, uttalt til Nettavisen. <\/b><\/p>\n<p>Forskere i Menon Economics og NGI (Norges Geotekniske institutt) mener rammen b\u00f8r \u00f8kes til mellom tre og seks milliarder kroner i \u00e5ret for \u00e5 dekke behovet.<\/p>\n<p>   <img decoding=\"async\" width=\"5674\" height=\"3783\" fetchpriority=\"low\"  loading=\"lazy\"  src=\"https:\/\/www.europesays.com\/no\/wp-content\/uploads\/2025\/11\/NTB_wbhE_QcOecQ.jpg\" alt=\"Sandefjord 20251004. &#10;Ekstremv\u00e6ret Amy vil prege v\u00e6ret fra utp\u00e5 fredag til l\u00f8rdag ettermiddag. Meteorologisk institutt har utstedt flere farevarsler, og S\u00f8r-Norge f\u00e5r v\u00e6rforhold som kan p\u00e5virke transport og utend\u00f8rsaktiviteter gjennom helgen.&#10;Foto: Trond R. Teigen \/ NTB\" class=\"brick-c-cFOWSL\" style=\"--brick-image-ratio: 5674 \/ 3783;\"\/><\/p>\n<p>      AMY HERJET: Hyppigere ekstremv\u00e6r kan gj\u00f8r det langt dyrere \u00e5 forsikre boliger i utsatte str\u00f8k i \u00e5rene framover. Bildet er fra Sandefjord 4. oktober.<br \/>\n      Foto: Trond R. Teigen\n    <\/p>\n<p>Spjelkavik advarer mot hva som skjer, og h\u00e5per regjeringens budsjettpartnere forhandler fram mer penger til tiltak:<\/p>\n<p>\u2013 Om ikke, kommer stadig flere innbyggere til \u00e5 miste hjemmene sine, m\u00e5tte evakueres eller f\u00e5 skadet sine verdier og eiendeler, sier hun.<\/p>\n<p>Kan svekke betalingsevnen<\/p>\n<p>\u00d8kte faste kostnader knyttet til bolig (forsikring og avgifter) kan svekke gjeldsbetjeningsevnen og redusere husholdningenes evne til \u00e5 justere konsumet ved negative sjokk, p\u00e5peker Norges Bank.<\/p>\n<p><b>Dette utgj\u00f8r en risiko for banker, ettersom bolig brukes som pantesikkerhet ved gjeldsopptak.<\/b><\/p>\n<p>Norsk Naturskadepool, en kollektiv ordning, skal sikre bred forsikringsdekning mot naturskade.<\/p>\n<p>Men dette kan gi svakere insentiver til forebygging for dem som er mest utsatt, skriver Norges Bank i rapporten. Utenlandske erfaringer viser at boliger i risikosoner kan selges med et prisavslag p\u00e5 fem til ti prosent.<\/p>\n<p>Andelen av boligverdier som ligger i risikosoner varierer mellom bankene, fra rundt 9 prosent til nesten 16 prosent av utl\u00e5n for eneboliger og sm\u00e5hus.<\/p>\n<p>Norges Bank konkluderer med at v\u00e6rrelaterte skader fremdeles utgj\u00f8r en liten risiko for finansiell stabilitet, men utviklingen m\u00e5 f\u00f8lges n\u00f8ye.<\/p>\n","protected":false},"excerpt":{"rendered":"I en fersk rapport (staff memo) advarer Norges Bank om kraftige \u00f8konomiske konsekvenser av v\u00e6r- og klimaendringer. Rapporten&hellip;\n","protected":false},"author":2,"featured_media":91709,"comment_status":"","ping_status":"","sticky":false,"template":"","format":"standard","meta":{"footnotes":""},"categories":[10],"tags":[36,198,20,21,24,25,15,22,23,13,30,28,241,29,14,16,216,1510,26,27],"class_list":{"0":"post-92840","1":"post","2":"type-post","3":"status-publish","4":"format-standard","5":"has-post-thumbnail","7":"category-norge","8":"tag-art","9":"tag-bolig-og-eiendom","10":"tag-breaking-news","11":"tag-breakingnews","12":"tag-featured-news","13":"tag-featurednews","14":"tag-headlines","15":"tag-latest-news","16":"tag-latestnews","17":"tag-news","18":"tag-no","19":"tag-norge","20":"tag-norges-bank","21":"tag-norway","22":"tag-nyheter","23":"tag-overskrifter","24":"tag-okonomi-og-naeringsliv","25":"tag-story","26":"tag-top-stories","27":"tag-topstories"},"share_on_mastodon":{"url":"https:\/\/pubeurope.com\/@no\/115587357592382410","error":""},"_links":{"self":[{"href":"https:\/\/www.europesays.com\/no\/wp-json\/wp\/v2\/posts\/92840","targetHints":{"allow":["GET"]}}],"collection":[{"href":"https:\/\/www.europesays.com\/no\/wp-json\/wp\/v2\/posts"}],"about":[{"href":"https:\/\/www.europesays.com\/no\/wp-json\/wp\/v2\/types\/post"}],"author":[{"embeddable":true,"href":"https:\/\/www.europesays.com\/no\/wp-json\/wp\/v2\/users\/2"}],"replies":[{"embeddable":true,"href":"https:\/\/www.europesays.com\/no\/wp-json\/wp\/v2\/comments?post=92840"}],"version-history":[{"count":0,"href":"https:\/\/www.europesays.com\/no\/wp-json\/wp\/v2\/posts\/92840\/revisions"}],"wp:featuredmedia":[{"embeddable":true,"href":"https:\/\/www.europesays.com\/no\/wp-json\/wp\/v2\/media\/91709"}],"wp:attachment":[{"href":"https:\/\/www.europesays.com\/no\/wp-json\/wp\/v2\/media?parent=92840"}],"wp:term":[{"taxonomy":"category","embeddable":true,"href":"https:\/\/www.europesays.com\/no\/wp-json\/wp\/v2\/categories?post=92840"},{"taxonomy":"post_tag","embeddable":true,"href":"https:\/\/www.europesays.com\/no\/wp-json\/wp\/v2\/tags?post=92840"}],"curies":[{"name":"wp","href":"https:\/\/api.w.org\/{rel}","templated":true}]}}