{"id":92843,"date":"2025-11-21T11:06:16","date_gmt":"2025-11-21T11:06:16","guid":{"rendered":"https:\/\/www.europesays.com\/no\/92843\/"},"modified":"2025-11-21T11:06:16","modified_gmt":"2025-11-21T11:06:16","slug":"dronning-sonja-inntar-scenen-nar-chat-noir-jazzer-opp","status":"publish","type":"post","link":"https:\/\/www.europesays.com\/no\/92843\/","title":{"rendered":"Dronning Sonja inntar scenen n\u00e5r Chat Noir jazzer opp"},"content":{"rendered":"<p class=\"kicker \" style=\"\">Dronning Sonja:<\/p>\n<p>  Det er ikke hver dag publikum f\u00e5r se\u00a0dronning Sonja\u00a0innta scenen p\u00e5 det legendariske revyteateret.<\/p>\n<p>\n    MIDT I TRAFIKKEN: Her er dronning Sonja p\u00e5 vei inn til jazzkjelleren p\u00e5 Hotell Amerikalinjen. Snart dukker hun opp p\u00e5 Chat Noirs revyscene. Foto: NTB\n  <\/p>\n<p>Det blir en kveld utenom det vanlige n\u00e5r <a href=\"https:\/\/www.seher.no\/kongelig\/sonja-i-tarer-etter-tv-sjokket\/83672253\" rel=\"nofollow noopener\" target=\"_blank\">dronning Sonja (88)\u00a0<\/a>trer frem p\u00e5 <a href=\"https:\/\/www.chatnoir.no\/\" rel=\"nofollow noopener\" target=\"_blank\">Chat Noir<\/a> s\u00f8ndag 30. november.\u00a0\u00a0<\/p>\n<p>If\u00f8lge <a href=\"https:\/\/www.kongehuset.no\/program.html?tid=27511&amp;sek=26946\" rel=\"nofollow noopener\" target=\"_blank\">Kongehusets<\/a> kalender skjer det klokken 17.<\/p>\n<p>I forkant av konserten \u00abJazz Noir: The Walt Disney Songbook\u00bb skal hun motta den aller f\u00f8rste \u00abThe Messenger Award\u00bb, en ny pris opprettet av Jazz Music Norway.\u00a0<\/p>\n<p>    <a itemprop=\"url\" href=\"https:\/\/www.seher.no\/kongelig\/skjelver-i-buksene\/83862723\" rel=\"nofollow noopener\" target=\"_blank\"><\/p>\n<p>      <img loading=\"lazy\" decoding=\"async\" src=\"https:\/\/www.europesays.com\/no\/wp-content\/uploads\/2025\/11\/1763723171_554_80768578.webp\" width=\"980\" height=\"441\" title=\"- Skjelver i buksene\" alt=\"\" class=\"lazyload\" style=\"--aspect-ratio-image: 2.22; \"\/><\/p>\n<p>        &#8211; Skjelver i buksene<\/p>\n<p>    <\/a><\/p>\n<p>Utmerkelsen g\u00e5r til personer som har gjort en s\u00e6rlig innsats for \u00e5 bevare, l\u00f8fte fram og formidle jazzens betydning.<\/p>\n<p>          <img loading=\"lazy\" decoding=\"async\" src=\"https:\/\/www.europesays.com\/no\/wp-content\/uploads\/2025\/11\/83882711.webp\" width=\"686\" height=\"426\" title=\"JAZZDRONNING: Dav\u00e6rende kronprinsesse Sonja i Moldes gater p\u00e5 jazzfestival i 1985. Bak til h\u00f8yre ser vi Kjell Magne Bondevik Foto: NTB\" alt=\"\" class=\"\" style=\"--aspect-ratio-image: 1.61; \"\/><\/p>\n<p>\n          JAZZDRONNING: Dav\u00e6rende kronprinsesse Sonja i Moldes gater p\u00e5 jazzfestival i 1985. Bak til h\u00f8yre ser vi Kjell Magne Bondevik Foto: NTB\n      <\/p>\n<p>Dronning Sonja har gjennom mange \u00e5r vist et oppriktig engasjement for jazzmusikk.<\/p>\n<p>I begrunnelsen fra juryen beskrives hun som \u00aben livslang kulturforkjemper\u00bb som med sin varme, tilstedev\u00e6relse og trofasthet har bidratt til \u00e5 styrke jazzens posisjon i Norge.<\/p>\n<p>        RISTER L\u00d8S: Kongefamilien er i Stavanger for \u00e5 markere Dronning Sonja sin f\u00f8dselsdag. Reporter: H\u00e5vard Steffensen \/ Video: Karolina Rushov-Hansen \/ Dagbladet TV<\/p>\n<p class=\"font-weight-bold m-font-weight-bold\" data-lab-font_weight=\"font-weight-bold\">\u2013 H.M. Dronning Sonja har med sitt engasjement v\u00e6rt en uvurderlig st\u00f8ttespiller for denne tradisjonen, og det er en stor \u00e6re \u00e5 overrekke prisen til henne p\u00e5 vegner av hele jazzmilj\u00f8et, sier initiativtaker og administrerande direkt\u00f8r i Jazz Music Norway, Felix Peikli i en pressemelding.<\/p>\n<p>Selv om dronningen er mest kjent for sin lidenskap for kunst &#8211; er hun minst like glad i jazz. Dronning Sonja dukker ofte opp inkognito p\u00e5 ulike jazzkonserter, sammen med venner. <\/p>\n<p>          <img loading=\"lazy\" decoding=\"async\" src=\"https:\/\/www.europesays.com\/no\/wp-content\/uploads\/2025\/11\/83882821.webp\" width=\"686\" height=\"563\" title=\"HEMMELIG LIDENSKAP: Dronning Sonja brenner for kunst og kultur - og jazz. N\u00e5 skal hun hedres. Foto: Shad Madian\" alt=\"\" class=\"\" style=\"--aspect-ratio-image: 1.22; \"\/><\/p>\n<p>\n          HEMMELIG LIDENSKAP: Dronning Sonja brenner for kunst og kultur &#8211; og jazz. N\u00e5 skal hun hedres. Foto: Shad Madian\n      <\/p>\n<p>Nylig gjestet hun kjeller-scenen p\u00e5 Hotell Amerikalinjen, hvor Nina Simones legendariske sanger ble fremf\u00f8rt fra scenen av prisutdeler\u00a0Peikli &amp; Friends.<\/p>\n<p>Jazzen har fulgt Sonja nesten hele livet:<\/p>\n<p>        TULLER OG T\u00d8YSER: Vi fikk se en litt mer t\u00f8ysete dronning n\u00e5r hun og kronprinsesse Mette-Marit inviterte selveste presidentfruen i Frankrike, Brigitte Macron, til sin KunstStall. Video: H\u00e5vard Bj\u00f8rnerem \/\/ Reporter: Caroline Vagle<\/p>\n<p>\u00abEn ung jazzentusiast \u2013 som viste seg \u00e5 ikke ha de st\u00f8rste talentene som ut\u00f8ver \u2013 vokste opp p\u00e5 Vinderen og het Sonja Haraldsen. Jeg hadde en bror som hadde eget jazzorkester, og som selv spilte b\u00e5de saksofon og piano. De \u00f8vet i mitt barndomshjem, og jeg snek meg ned i pysjen, gjemte meg i trappen og lyttet! Jeg har et minne om at jeg ogs\u00e5 sang \u00abI den lille lysegr\u00f8nne prammen\u00bb i 5-\u00e5rsalderen\u00bb, fortalte dronningen i sin tale under \u00e5pningen av Oslo Jazzfestival i 2017.<\/p>\n<p>H\u00f8rer p\u00e5 jazz i tunge stunder\t<\/p>\n<p>I samme tale fortalte den musikkglade dronningen ogs\u00e5 om hva jazzen har betydd for henne gjennom livet. Ja, p\u00e5 mange m\u00e5ter beskriver hun at jazzen er god \u00e5 ha ogs\u00e5 i tunge stunder, slik som kongefamilien g\u00e5r gjennom n\u00e5:<\/p>\n<p>    <a itemprop=\"url\" href=\"https:\/\/www.seher.no\/kongelig\/ikke-sagt-det-til-ingrid\/83880710\" rel=\"nofollow noopener\" target=\"_blank\"><\/p>\n<p>      <img loading=\"lazy\" decoding=\"async\" src=\"https:\/\/www.europesays.com\/no\/wp-content\/uploads\/2025\/11\/83881030.webp\" width=\"980\" height=\"441\" title=\"- Ikke sagt det til Ingrid\" alt=\"\" class=\"lazyload\" style=\"--aspect-ratio-image: 2.22; \"\/><\/p>\n<p>        &#8211; Ikke sagt det til Ingrid<\/p>\n<p>    <\/a><\/p>\n<p>\u00abJazzen har fulgt meg videre gjennom livet \u2013 til stor glede. Jazzen rommer hele livet! Den har s\u00e5 mye dans, lek og glede i seg! Men den har ogs\u00e5 dyp melankoli, lengsel, drama og uro. Jazz er musikksjangeren for alle livets stadier, anledninger og stemninger\u00bb.<\/p>\n<p>Lidenskapen for denne musikksjangeren deler dronningen ogs\u00e5 med sin ektemann kong Harald (88).\u00a0<\/p>\n<p>          <img loading=\"lazy\" decoding=\"async\" src=\"https:\/\/www.europesays.com\/no\/wp-content\/uploads\/2025\/11\/83882506.webp\" width=\"686\" height=\"392\" title=\"FAVORITT: Jazzmusikeren H\u00e5kon Kornstad er en av Sonjas norske favoritter. Her fra Kavli-prisen. Foto: NTB\" alt=\"\" class=\"\" style=\"--aspect-ratio-image: 1.75; \"\/><\/p>\n<p>\n          FAVORITT: Jazzmusikeren H\u00e5kon Kornstad er en av Sonjas norske favoritter. Her fra Kavli-prisen. Foto: NTB\n      <\/p>\n<p>Allerede da det oppsto s\u00f8t musikk mellom de to, var jazz et tema:<\/p>\n<p>\u00abVi fant raskt ut at vi snakket godt sammen. Vi var i hvert fall innom jazz, litteratur, idrett og seiling\u00bb, forteller Sonja i boken \u00abDronningen\u00bb om kvelden de to fant tonen.<\/p>\n<p><a href=\"https:\/\/www.seher.no\/kongelig\/dro-pa-hemmelig-operaaften\/64163444\" rel=\"nofollow noopener\" target=\"_blank\">Og n\u00e5r kongeparet drar utenlands p\u00e5 statsbes\u00f8k f\u00e5r ofte norske jazzmusikere vist seg frem. En av Sonjas store favoritter er Haakon Kornstad (48).<\/a><\/p>\n<p>Disney-klassikere i ny drakt\t<\/p>\n<p>I tillegg til prisutdelingen byr kvelden p\u00e5 et musikalsk tilbakeblikk gjennom noen av de mest kjente melodiene fra Walt Disney-universet.\u00a0<\/p>\n<p>          <img loading=\"lazy\" decoding=\"async\" src=\"https:\/\/www.europesays.com\/no\/wp-content\/uploads\/2025\/11\/83882762.webp\" width=\"980\" height=\"559\" title=\"2007: Kong Harald h\u00f8rer H\u00e5kon Kornstad under \u00e5pningen av H\u00f8stutstillingen p\u00e5 Kunstnernes hus. Foto: NTB\" alt=\"\" class=\"\" style=\"--aspect-ratio-image: 1.75; \"\/><\/p>\n<p>\n          2007: Kong Harald h\u00f8rer H\u00e5kon Kornstad under \u00e5pningen av H\u00f8stutstillingen p\u00e5 Kunstnernes hus. Foto: NTB\n      <\/p>\n<p>Konserten, som er en del av en ny m\u00e5nedlig serie p\u00e5 Chat Noir, arrangeres av Norsk Jazzorkester i samarbeid med musiker og produsent Felix Peikli.<\/p>\n<p>Serien skal fremheve jazzens mangfold og historiske forankring, og nettopp Disney-katalogen viser hvordan klassiske melodilinjer kan f\u00e5 nytt liv gjennom improvisasjon og moderne jazzuttrykk.<\/p>\n<p>Peikli understreker i programmet hvor sterkt Disney-musikk har preget generasjoner: enten det er en melodi fra \u00abSkj\u00f8nnheten og Udyret\u00bb eller en sang fra \u00abSnehvit\u00bb, vekker disse temaene umiddelbare minner hos publikum.\u00a0<\/p>\n<p>    <a itemprop=\"url\" href=\"https:\/\/www.seher.no\/video\/vekker-oppsikt-pa-flyplassen\/0lLqPCgO\" rel=\"nofollow noopener\" target=\"_blank\"><\/p>\n<p>      <img loading=\"lazy\" decoding=\"async\" src=\"https:\/\/www.europesays.com\/no\/wp-content\/uploads\/2025\/11\/83446399.webp\" width=\"147\" height=\"100\" title=\"Vekker oppsikt p\u00e5 flyplassen\" alt=\"\" class=\"lazyload\" style=\"--aspect-ratio-image: 1.47; \"\/><\/p>\n<p>        Vekker oppsikt p\u00e5 flyplassen<\/p>\n<p>    <\/a><\/p>\n<p>M\u00e5let er \u00e5 skape en varm og nostalgisk atmosf\u00e6re \u2013 samtidig som musikerne f\u00e5r rom til \u00e5 gi l\u00e5tene en ny profil.<\/p>\n<p>Stjerneskudd fra New York\t<\/p>\n<p>Som kveldens hovedgjest st\u00e5r trompetisten og vokalisten Benny Benack III (34), en av jazzens mest etterspurte unge artister. Han er kjent for sin kombinasjon av virtuos trompettone og klassisk crooner-vokal, og har markert seg p\u00e5 scener som \u00abSmalls Jazz Club\u00bb og \u00abEmmet\u2019s Place\u00bb i New York.<\/p>\n<p>    <a itemprop=\"url\" href=\"https:\/\/www.seher.no\/kongelig\/legger-seg-flate-etter-tv-blemme\/83865667\" rel=\"nofollow noopener\" target=\"_blank\"><\/p>\n<p>      <img loading=\"lazy\" decoding=\"async\" src=\"https:\/\/www.europesays.com\/no\/wp-content\/uploads\/2025\/11\/83865682.webp\" width=\"980\" height=\"441\" title=\"Legger seg flate etter TV-blemme\" alt=\"\" class=\"lazyload\" style=\"--aspect-ratio-image: 2.22; \"\/><\/p>\n<p>        Legger seg flate etter TV-blemme<\/p>\n<p>    <\/a><\/p>\n<p>Med samarbeid som spenner fra Postmodern Jukebox til 8-Bit Big Band har han etablert seg som en moderne formidler av amerikanske musikktradisjoner.<\/p>\n<p>          <img loading=\"lazy\" decoding=\"async\" src=\"https:\/\/www.europesays.com\/no\/wp-content\/uploads\/2025\/11\/83882515.webp\" width=\"686\" height=\"762\" title=\"ENORMT TALENT: Benny Benack III kan b\u00e5de synge og spille trompet. Her slukker han t\u00f8rsten med en drink. Foto: @bbjazziii\/Instagram\" alt=\"\" class=\"\" style=\"--aspect-ratio-image: 0.90; \"\/><\/p>\n<p>\n          ENORMT TALENT: Benny Benack III kan b\u00e5de synge og spille trompet. Her slukker han t\u00f8rsten med en drink. Foto: @bbjazziii\/Instagram\n      <\/p>\n<p>Hans to album \u00abThis Is The Life\u00bb og \u00abThird Time\u2019s the Charm\u00bb har h\u00f8stet ros internasjonalt, og dronning Sonja\u00a0 kan vente seg en kveld utenom det vanlige.<\/p>\n<p>        RISTER L\u00d8S: Kongefamilien er i Stavanger for \u00e5 markere Dronning Sonja sin f\u00f8dselsdag. Reporter: H\u00e5vard Steffensen \/ Video: Karolina Rushov-Hansen \/ Dagbladet TV<\/p>\n","protected":false},"excerpt":{"rendered":"Dronning Sonja: Det er ikke hver dag publikum f\u00e5r se\u00a0dronning Sonja\u00a0innta scenen p\u00e5 det legendariske revyteateret. MIDT I&hellip;\n","protected":false},"author":2,"featured_media":92844,"comment_status":"","ping_status":"","sticky":false,"template":"","format":"standard","meta":{"footnotes":""},"categories":[58],"tags":[12091,2592,1560,4104,71,12092,76,30,28,29,72],"class_list":{"0":"post-92843","1":"post","2":"type-post","3":"status-publish","4":"format-standard","5":"has-post-thumbnail","7":"category-underholdning","8":"tag-chat-noir","9":"tag-den-norske-kongefamilien","10":"tag-dronning-sonja","11":"tag-eksklusivt","12":"tag-entertainment","13":"tag-jazzpris","14":"tag-kongelig","15":"tag-no","16":"tag-norge","17":"tag-norway","18":"tag-underholdning"},"share_on_mastodon":{"url":"https:\/\/pubeurope.com\/@no\/115587369581819805","error":""},"_links":{"self":[{"href":"https:\/\/www.europesays.com\/no\/wp-json\/wp\/v2\/posts\/92843","targetHints":{"allow":["GET"]}}],"collection":[{"href":"https:\/\/www.europesays.com\/no\/wp-json\/wp\/v2\/posts"}],"about":[{"href":"https:\/\/www.europesays.com\/no\/wp-json\/wp\/v2\/types\/post"}],"author":[{"embeddable":true,"href":"https:\/\/www.europesays.com\/no\/wp-json\/wp\/v2\/users\/2"}],"replies":[{"embeddable":true,"href":"https:\/\/www.europesays.com\/no\/wp-json\/wp\/v2\/comments?post=92843"}],"version-history":[{"count":0,"href":"https:\/\/www.europesays.com\/no\/wp-json\/wp\/v2\/posts\/92843\/revisions"}],"wp:featuredmedia":[{"embeddable":true,"href":"https:\/\/www.europesays.com\/no\/wp-json\/wp\/v2\/media\/92844"}],"wp:attachment":[{"href":"https:\/\/www.europesays.com\/no\/wp-json\/wp\/v2\/media?parent=92843"}],"wp:term":[{"taxonomy":"category","embeddable":true,"href":"https:\/\/www.europesays.com\/no\/wp-json\/wp\/v2\/categories?post=92843"},{"taxonomy":"post_tag","embeddable":true,"href":"https:\/\/www.europesays.com\/no\/wp-json\/wp\/v2\/tags?post=92843"}],"curies":[{"name":"wp","href":"https:\/\/api.w.org\/{rel}","templated":true}]}}