{"id":92851,"date":"2025-11-21T11:15:14","date_gmt":"2025-11-21T11:15:14","guid":{"rendered":"https:\/\/www.europesays.com\/no\/92851\/"},"modified":"2025-11-21T11:15:14","modified_gmt":"2025-11-21T11:15:14","slug":"reitan-selskap-kjoper-ladeapp-mn24-no","status":"publish","type":"post","link":"https:\/\/www.europesays.com\/no\/92851\/","title":{"rendered":"Reitan-selskap kj\u00f8per ladeapp &#8211; mn24.no"},"content":{"rendered":"<p>Uno-X Mobility har i l\u00f8pet av f\u00e5 \u00e5r etablert seg i Norge og Danmark, med l\u00f8sninger for drivstoff, elbillading og bilvask. Selskapet har ogs\u00e5 profilert seg hardt gjennom<a href=\"https:\/\/www.adressa.no\/okonomi\/i\/dRoOjo\/historisk-opprykk-for-reitan-lag-sprettet-et-par-champagneflasker\" rel=\"noopener nofollow\" target=\"_blank\"> kommersielle samarbeid med ulike idrettsprofiler.<\/a><\/p>\n<p>Elton har p\u00e5 samme tid v\u00e6rt i markedet med sin app, som gir alle brukere muligheten til \u00e5 lade p\u00e5 tvers av ulike operat\u00f8rer i Norden, med en og samme digitale brukeropplevelse.<\/p>\n<p>N\u00e5 blir alts\u00e5 Elton kj\u00f8pt opp av det Reitan-eide selskapet.<\/p>\n<p>For kunder og partnere vil Elton-appen fortsette som f\u00f8r, heter det i en pressemelding fra Uno-X Mobility Norge.<\/p>\n<p>&#8211; Oppkj\u00f8pet handler ikke bare om teknologi, men ogs\u00e5 om menneskene bak. Vi har latt oss imponere over det Elton-teamet har bygget opp, og vi gleder oss til \u00e5 fortsatt utvikle og promotere l\u00f8sninger for fremtidens mobilitet sammen med dem, sier Thor Kristian Korsvold, daglig leder i Uno-X Mobility Norge AS i pressemeldingen.<\/p>\n<p>\u2013 Vi har funnet hverandre gjennom felles verdier, basert p\u00e5 tillitsbasert ledelse og en sterk tro p\u00e5 dyktige enkeltmennesker \u2013 med kunden som \u00f8verste sjef, sier J\u00f8rgen Elton Nilsen, gr\u00fcnder og daglig leder i Elton Mobility AS.<\/p>\n<p>Den mest popul\u00e6re ladeappen i markedet skal n\u00e5 videreutvikles som kundens foretrukne ladeapp, b\u00e5de for bedrifter og privatpersoner. Det er ikke kjent hva Reitan-konsernet betaler for appen. Elton Mobility AS hadde 72,2 millioner kroner i omsetning i 2024, med 37,6 millioner kroner i negativt resultat f\u00f8r skatt.<\/p>\n<p><a href=\"https:\/\/www.mn24.no\/adresseavisen\/i\/o3dr27\/neste-generasjon-reitan\" rel=\"nofollow noopener\" target=\"_blank\"> <img decoding=\"async\" src=\"data:image\/gif;base64,R0lGODlhEAAJAIAAAP\/\/\/wAAACH5BAEAAAAALAAAAAAQAAkAAAIKhI+py+0Po5yUFQA7\" alt=\"\"\/>   Neste generasjon Reitan  <\/a> <\/p>\n","protected":false},"excerpt":{"rendered":"Uno-X Mobility har i l\u00f8pet av f\u00e5 \u00e5r etablert seg i Norge og Danmark, med l\u00f8sninger for drivstoff,&hellip;\n","protected":false},"author":2,"featured_media":92852,"comment_status":"","ping_status":"","sticky":false,"template":"","format":"standard","meta":{"footnotes":""},"categories":[56],"tags":[60,61,12094,62,30,28,29,12095,70,408],"class_list":{"0":"post-92851","1":"post","2":"type-post","3":"status-publish","4":"format-standard","5":"has-post-thumbnail","7":"category-naeringsliv","8":"tag-business","9":"tag-economy","10":"tag-elton","11":"tag-naeringsliv","12":"tag-no","13":"tag-norge","14":"tag-norway","15":"tag-reitan-as","16":"tag-teknologi","17":"tag-uno-x"},"share_on_mastodon":{"url":"https:\/\/pubeurope.com\/@no\/115587404505523636","error":""},"_links":{"self":[{"href":"https:\/\/www.europesays.com\/no\/wp-json\/wp\/v2\/posts\/92851","targetHints":{"allow":["GET"]}}],"collection":[{"href":"https:\/\/www.europesays.com\/no\/wp-json\/wp\/v2\/posts"}],"about":[{"href":"https:\/\/www.europesays.com\/no\/wp-json\/wp\/v2\/types\/post"}],"author":[{"embeddable":true,"href":"https:\/\/www.europesays.com\/no\/wp-json\/wp\/v2\/users\/2"}],"replies":[{"embeddable":true,"href":"https:\/\/www.europesays.com\/no\/wp-json\/wp\/v2\/comments?post=92851"}],"version-history":[{"count":0,"href":"https:\/\/www.europesays.com\/no\/wp-json\/wp\/v2\/posts\/92851\/revisions"}],"wp:featuredmedia":[{"embeddable":true,"href":"https:\/\/www.europesays.com\/no\/wp-json\/wp\/v2\/media\/92852"}],"wp:attachment":[{"href":"https:\/\/www.europesays.com\/no\/wp-json\/wp\/v2\/media?parent=92851"}],"wp:term":[{"taxonomy":"category","embeddable":true,"href":"https:\/\/www.europesays.com\/no\/wp-json\/wp\/v2\/categories?post=92851"},{"taxonomy":"post_tag","embeddable":true,"href":"https:\/\/www.europesays.com\/no\/wp-json\/wp\/v2\/tags?post=92851"}],"curies":[{"name":"wp","href":"https:\/\/api.w.org\/{rel}","templated":true}]}}