{"id":92861,"date":"2025-11-21T11:24:13","date_gmt":"2025-11-21T11:24:13","guid":{"rendered":"https:\/\/www.europesays.com\/no\/92861\/"},"modified":"2025-11-21T11:24:13","modified_gmt":"2025-11-21T11:24:13","slug":"pia-fra-team-polsa-er-semifinalist-i-fem-kategorier","status":"publish","type":"post","link":"https:\/\/www.europesays.com\/no\/92861\/","title":{"rendered":"Pia fra \u00abTeam P\u00f8lsa\u00bb er semifinalist i fem kategorier"},"content":{"rendered":"\n<p class=\"_lead_o9xde_2 _lead_xtcu6_50 layout-component text-serif-m layout-normal text-serif-l layout-component layout-wide layout-padded _wide_17hqh_1 layout-padded\">Her er alle semifinalistene til  Vixen Awards 2025. VGs lesere stemmer frem Folkets favoritt &#8211; avgi din stemme her.<\/p>\n<p><img alt=\"Pia (15) p\u00e5 r\u00f8d l\u00f8per tidligere denne h\u00f8sten. Foto: Gabriel Aas Sk\u00e5levik \/ VG\" class=\"_image_qp4xg_65 layout-component layout-wide\" data-fullscreen- data-track-element-type=\"Article image fullscreen\" data-track-name=\"ImageFullscreen\" fetchpriority=\"high\" decoding=\"sync\" loading=\"eager\" height=\"4000\" itemprop=\"image\"  src=\"https:\/\/www.europesays.com\/no\/wp-content\/uploads\/2025\/11\/ba483303-9a23-49c4-99c1-4ed2b192ba39\"  style=\"object-position:52.125% 37.3375%\" width=\"6000\"\/>Pia (15) p\u00e5 r\u00f8d l\u00f8per tidligere denne h\u00f8sten. Foto: Gabriel Aas Sk\u00e5levik \/ VG<\/p>\n<ul aria-hidden=\"true\" class=\"_images_18f0k_111\">\n<li><a class=\"_link_18f0k_116\" href=\"https:\/\/www.vg.no\/forfatter\/hannah-solstad-klepp\" style=\"z-index:1\" title=\"Hannah Solstad Klepp\" rel=\"nofollow noopener\" target=\"_blank\"><img alt=\"Bilde av Hannah Solstad Klepp\" class=\"_image_18f0k_93\" fetchpriority=\"low\" loading=\"lazy\" decoding=\"async\" itemprop=\"image\"  src=\"https:\/\/www.europesays.com\/no\/wp-content\/uploads\/2025\/11\/1763724252_487_f811f9c1-64f7-4c50-9133-b5735831a650\"  width=\"480\"\/><\/a><\/li>\n<\/ul>\n<p> Oppdatert fredag 21. november kl. 11:42     <\/p>\n<p class=\"_paragraph_o9xde_4 _paragraph_xtcu6_10 layout-component text-serif-m layout-normal text-serif-m layout-padded\">Hvert \u00e5r samles en rekke offentlige personer fra hele Norge for \u00e5 k\u00e5re \u00e5rets beste influencere i ulike kategorier. Akkurat som sist, holdes <a href=\"https:\/\/www.vg.no\/tag\/vixen-awards?utm_source=vg-article&amp;utm_medium=auto-tagger&amp;utm_campaign=8plQLr\" class=\"_link_o9xde_39\" rel=\"nofollow noopener\" target=\"_blank\">Vixen Awards<\/a> p\u00e5 Radisson Blu Plaza Hotel i Oslo sentrum. Prisutdelingen g\u00e5r av stabelen 23. januar 2026.<\/p>\n<p class=\"_paragraph_o9xde_4 _paragraph_xtcu6_10 layout-component text-serif-m layout-normal text-serif-m layout-padded\">Semifinalistene er blitt nominert av sine egne f\u00f8lgere, og s\u00e5 har en jury valgt ut de 15 beste. Det var hele 34.000 nominasjoner fra publikum i \u00e5r.<\/p>\n<p class=\"_paragraph_o9xde_4 _paragraph_xtcu6_10 layout-component text-serif-m layout-normal text-serif-m layout-padded\"><strong class=\"_strong_o9xde_25\">Folkets favoritt k\u00e5res av VGs lesere og er en ren publikumspris. Stem p\u00e5 din favoritt litt lenger ned i saken.<\/strong><\/p>\n<p class=\"_paragraph_o9xde_4 _paragraph_xtcu6_10 layout-component text-serif-m layout-normal text-serif-m layout-padded\">I de aller fleste kategorier, kan publikum stemme \u00e9n gang per influencer. Avstemningene i de andre kategoriene foreg\u00e5r p\u00e5 <a href=\"https:\/\/www.vixen.no\/semifinalister?mc_cid=c246ba2db6\" class=\"_link_o9xde_39\" rel=\"nofollow noopener\" target=\"_blank\">Vixens nettside<\/a>. Alle semifinaleavstemningene p\u00e5g\u00e5r til s\u00f8ndag 30. november.<\/p>\n<p class=\"_paragraph_o9xde_4 _paragraph_xtcu6_10 layout-component text-serif-m layout-normal text-serif-m layout-padded\">Publikums stemmer teller 40 prosent mot juryens 60 prosent. I kategoriene \u00abSterke mening\u00bb, \u00abB\u00e6rekraft\u00bb og \u00abBusiness\u00bb er det juryen som velger ut finalister og vinnere.<\/p>\n<p class=\"_paragraph_o9xde_4 _paragraph_xtcu6_10 layout-component text-serif-m layout-normal text-serif-m layout-padded\">Camilla Kim Kielland leder juryen for andre \u00e5r p\u00e5 rad. <\/p>\n<p><img decoding=\"async\" alt=\"Bilde av Camilla Kim Kielland\" class=\"_image_ygndg_42\" height=\"53\" itemprop=\"image\" loading=\"lazy\"  src=\"https:\/\/www.europesays.com\/no\/wp-content\/uploads\/2025\/11\/c9d83ddc-3a7d-42a6-89e9-c69ad03e92cf\"  width=\"40\"\/><strong class=\"_name_ygndg_51 title-serif-xs\">Camilla Kim Kielland<\/strong><\/p>\n<p class=\"_paragraph_o9xde_4 text-sans-m _description_ygndg_56\">Jurygeneral, Vixen Awards<\/p>\n<p class=\"_paragraph_o9xde_4 _paragraph_xtcu6_10 layout-component text-serif-m layout-normal text-serif-m layout-padded\">\u2013 Det er en meget sterk liste med b\u00e5de gjengangere og etablerte influencere. Samtidig er det g\u00f8y \u00e5 se at vi ogs\u00e5 har mange f\u00f8rstegangsreisende p\u00e5 \u00e5rets liste. Jeg kan love at konkurransen har v\u00e6rt t\u00f8ff, s\u00e5 det er bare \u00e5 gratulere alle som har kommet s\u00e5 langt, sier Kielland.<\/p>\n<p class=\"_paragraph_o9xde_4 _paragraph_xtcu6_10 layout-component text-serif-m layout-normal text-serif-m layout-padded\">32 jurymedlemmer med ulike bakgrunner har vurdert kandidatene etter en omfattende liste med kriterier, b\u00e5de kategoribaserte, verdibaserte og engasjementsbaserte, skriver Vixen i en pressemelding.<\/p>\n<p class=\"_paragraph_o9xde_4 _paragraph_xtcu6_10 layout-component text-serif-m layout-normal text-serif-m layout-padded\"><strong class=\"_strong_o9xde_25\">VG sender utdelingen i januar eksklusivt med livesending og rapportering gjennom hele kvelden.<\/strong><\/p>\n<p> Fem nominasjoner til Pia<\/p>\n<p class=\"_paragraph_o9xde_4 _paragraph_xtcu6_10 layout-component text-serif-m layout-normal text-serif-m layout-padded\">En av influencerne som utmerker seg blant \u00e5rets semifinalister, er Pia Hasund Verberg (15) som er nominert i fem kategorier. Pia ble kjent for \u00abhele\u00bb Norge da hun sammen med Mikkel (15), Sunniva (14), Trygve (13), Syver (13) og Peder (15) var med i <a href=\"https:\/\/www.vg.no\/i\/1MpreX\" data-track-element-type=\"Link\" data-track-id=\"link:1MpreX\" class=\"_link_o9xde_39\" rel=\"nofollow noopener\" target=\"_blank\">f\u00f8rste sesong av \u00abTeam P\u00f8lsa\u00bb<\/a> p\u00e5 NRK. <\/p>\n<p><img alt=\"Team P\u00f8lsa under Ski VM 2025.  Foto: Bj\u00f8rn S. Delebekk \/ VG\" class=\"_image_qp4xg_65 layout-component layout-normal\" data-fullscreen- data-track-element-type=\"Article image fullscreen\" data-track-name=\"ImageFullscreen\" decoding=\"async\" loading=\"lazy\" height=\"3592\" itemprop=\"image\"  src=\"https:\/\/www.europesays.com\/no\/wp-content\/uploads\/2025\/11\/3f15ed5c-4eb8-482b-992e-d854214636aa\"  style=\"object-position:0% 0%\" width=\"5392\"\/>Team P\u00f8lsa under Ski VM 2025.  Foto: Bj\u00f8rn S. Delebekk \/ VG<\/p>\n<p class=\"_paragraph_o9xde_4 _paragraph_xtcu6_10 layout-component text-serif-m layout-normal text-serif-m layout-padded\">I programmet fulgte \u00d8ystein \u00abP\u00f8lsa\u00bb Pettersen en gruppe ungdommer med ulike funksjonsnedsettelser, og trente dem m\u00e5lrettet med \u00e9n stor dr\u00f8m i sikte: \u00c5 g\u00e5 langrenn under VM 2025 p\u00e5 Gran\u00e5sen i Trondheim.<\/p>\n<p class=\"_paragraph_o9xde_4 _paragraph_xtcu6_10 layout-component text-serif-m layout-normal text-serif-m layout-padded\">Pia Hasund Verberg er blant annet en av semifinalistene til Folkets favoritt som stemmes frem av VGs lesere. Stem p\u00e5 din favoritt her:<\/p>\n<p> Folkets favoritt<\/p>\n<p class=\"_paragraph_o9xde_4 _paragraph_xtcu6_10 layout-component text-serif-m layout-normal text-serif-m layout-padded\"><strong class=\"_strong_o9xde_25\">Her er alle semifinalistene til Vixen Awards 2025:<\/strong><\/p>\n<p> \u00c5rets influencer: Mote      <\/p>\n<ul class=\"_list_46ozw_24\">\n<li class=\"_nominee_46ozw_28 label-medium\">  Anniken J\u00f8rgensen \u2013 @annijor <\/li>\n<li class=\"_nominee_46ozw_28 label-medium\">  Brede Bremnes \u2013 @bredebremnes <\/li>\n<li class=\"_nominee_46ozw_28 label-medium\">  Emma St\u00e4llmark \u2013 @emmstell <\/li>\n<li class=\"_nominee_46ozw_28 label-medium\">  Gine Margrethe Qvale \u2013 @ginemargrethe <\/li>\n<li class=\"_nominee_46ozw_28 label-medium\">  Ida Broen \u2013 @idabroen <\/li>\n<li class=\"_nominee_46ozw_28 label-medium\">  Idunn Vollan \u2013 @idunnvollan <\/li>\n<li class=\"_nominee_46ozw_28 label-medium\">  Ingrid Elida Westad \u2013 @ingridelidaw <\/li>\n<li class=\"_nominee_46ozw_28 label-medium\">  Jonas Bahri \u2013 @jonasbahri <\/li>\n<li class=\"_nominee_46ozw_28 label-medium\">  Kawi S. \u2013 @kawi_.s <\/li>\n<li class=\"_nominee_46ozw_28 label-medium\">  Marianne Theodorsen \u2013 @marianne_theodorsen <\/li>\n<li class=\"_nominee_46ozw_28 label-medium\">  Nina Sandbech \u2013 @ninasandbech <\/li>\n<li class=\"_nominee_46ozw_28 label-medium\">  Nora Fossland Gartland \u2013 @noragartland <\/li>\n<li class=\"_nominee_46ozw_28 label-medium\">  Sofie Vollan \u2013 @sofievollan <\/li>\n<li class=\"_nominee_46ozw_28 label-medium\">  Tale Torjussen \u2013 @tale_torjussen <\/li>\n<li class=\"_nominee_46ozw_28 label-medium\">  Tuva Sandok \u2013 @tuvasandok <\/li>\n<\/ul>\n<p>   \u00c5rets influencer: Beauty      <\/p>\n<ul class=\"_list_46ozw_24\">\n<li class=\"_nominee_46ozw_28 label-medium\">  Andrea Lynne \u2013 @andrea__lynne <\/li>\n<li class=\"_nominee_46ozw_28 label-medium\">  Celina Gretland \u2013 @celinagretland <\/li>\n<li class=\"_nominee_46ozw_28 label-medium\">  Daniel Jensen \u2013 @danieljensen_ <\/li>\n<li class=\"_nominee_46ozw_28 label-medium\">  Emilie T\u00f8mmerberg \u2013 @emilietommerberg <\/li>\n<li class=\"_nominee_46ozw_28 label-medium\">  Emma Ellingsen \u2013 @emmaellingsenn <\/li>\n<li class=\"_nominee_46ozw_28 label-medium\">  Frida Vatnar Lie \u2013 @fridavatnarlie <\/li>\n<li class=\"_nominee_46ozw_28 label-medium\">  Lene Dahl \u2013 @glowwithlene <\/li>\n<li class=\"_nominee_46ozw_28 label-medium\">  Ida Gl\u00f8theim Rambraut \u2013 @idaglotheim <\/li>\n<li class=\"_nominee_46ozw_28 label-medium\">  Isabella Schack \u2013 @isabellaschack <\/li>\n<li class=\"_nominee_46ozw_28 label-medium\">  Jeanette Elise Hildebrandt \u2013 @jealise <\/li>\n<li class=\"_nominee_46ozw_28 label-medium\">  Julie Fiala \u2013 @julie_fiala <\/li>\n<li class=\"_nominee_46ozw_28 label-medium\">  Leah Behn \u2013 @leah.behn <\/li>\n<li class=\"_nominee_46ozw_28 label-medium\">  Mikela Beck \u2013 @mikela.beck <\/li>\n<li class=\"_nominee_46ozw_28 label-medium\">  Victoria Emilie L\u00f8ken \u2013 @victoria_emilie <\/li>\n<li class=\"_nominee_46ozw_28 label-medium\">  Victoria Sharp \u2013 @victoriasharp_ <\/li>\n<\/ul>\n<p>   \u00c5rets influencer: Mat      <\/p>\n<ul class=\"_list_46ozw_24\">\n<li class=\"_nominee_46ozw_28 label-medium\">  Anniken B\u00e6vre \u2013 @annikenbavre <\/li>\n<li class=\"_nominee_46ozw_28 label-medium\">  August og Martin \u2013 @augustogmartin <\/li>\n<li class=\"_nominee_46ozw_28 label-medium\">  Emilie Voe Nereng \u2013 @emilienutrition <\/li>\n<li class=\"_nominee_46ozw_28 label-medium\">  Fysenpaa \u2013 @fysenpaa <\/li>\n<li class=\"_nominee_46ozw_28 label-medium\">  Helle \u00d8rbeck \u2013 @helleorbeck <\/li>\n<li class=\"_nominee_46ozw_28 label-medium\">  Ida Gran Jansen \u2013 @idagranjansen <\/li>\n<li class=\"_nominee_46ozw_28 label-medium\">  Jan Henrik Syvertsen \u2013 @gladkokken <\/li>\n<li class=\"_nominee_46ozw_28 label-medium\">  Karina og Mari \u2013 @matklubbentrondheim <\/li>\n<li class=\"_nominee_46ozw_28 label-medium\">  Kristoffer Kaayne Kaalsaas \u2013 @kaaynelagermat <\/li>\n<li class=\"_nominee_46ozw_28 label-medium\">  Kristoffer Tvilde \u2013 @krisslovesfood <\/li>\n<li class=\"_nominee_46ozw_28 label-medium\">  Linda Stuhaug \u2013 @lindastuhaug <\/li>\n<li class=\"_nominee_46ozw_28 label-medium\">  Mathea Bj\u00f8rndalen \u2013 @matheaeb <\/li>\n<li class=\"_nominee_46ozw_28 label-medium\">  Ole Sirnes \u2013 @alireza99764 <\/li>\n<li class=\"_nominee_46ozw_28 label-medium\">  Sultnegutter \u2013 @sultnegutter <\/li>\n<li class=\"_nominee_46ozw_28 label-medium\">  Warunee Bolstad \u2013 @namfonfoods <\/li>\n<\/ul>\n<p>   \u00c5rets influencer: Interi\u00f8r, bolig og uterom      <\/p>\n<ul class=\"_list_46ozw_24\">\n<li class=\"_nominee_46ozw_28 label-medium\">  Birthe Koldal \u2013 @villakildal <\/li>\n<li class=\"_nominee_46ozw_28 label-medium\">  Camilla Bakken \u2013 @camilllaBakken <\/li>\n<li class=\"_nominee_46ozw_28 label-medium\">  Daria Klovholt \u2013 @dariaklovholt <\/li>\n<li class=\"_nominee_46ozw_28 label-medium\">  Espen Skarphagen \u2013 @skarpihagen.no <\/li>\n<li class=\"_nominee_46ozw_28 label-medium\">  Tonje \u2013 @hagenbakhuset <\/li>\n<li class=\"_nominee_46ozw_28 label-medium\">  Ida Dragland \u2013 @ida_dragland <\/li>\n<li class=\"_nominee_46ozw_28 label-medium\">  Interi\u00f8rr\u00e5det \u2013 @interior_raadet <\/li>\n<li class=\"_nominee_46ozw_28 label-medium\">  Kine Vinje \u2013 @kinevinje <\/li>\n<li class=\"_nominee_46ozw_28 label-medium\">  Kristin Lindhjem \u2013 @studiolindhjem <\/li>\n<li class=\"_nominee_46ozw_28 label-medium\">  Lena Hoftvedt \u2013 @lenas_cottage_home_garden <\/li>\n<li class=\"_nominee_46ozw_28 label-medium\">  Maren Baxter \u2013 @marenbaxter <\/li>\n<li class=\"_nominee_46ozw_28 label-medium\">  Marianne Hage Kinder \u2013 @mariannehagakinder_ <\/li>\n<li class=\"_nominee_46ozw_28 label-medium\">  Monica Fjeld \u2013 @monicafjeld.interior <\/li>\n<li class=\"_nominee_46ozw_28 label-medium\">  Renate Lorentzen \u2013 @casachicks <\/li>\n<li class=\"_nominee_46ozw_28 label-medium\">  Solveig Westerberg \u2013 @slois_bohemian <\/li>\n<\/ul>\n<p>   \u00c5rets influencer: Sport og trening      <\/p>\n<ul class=\"_list_46ozw_24\">\n<li class=\"_nominee_46ozw_28 label-medium\">  Andreas Stokkeland \u2013 @maksprestasjon <\/li>\n<li class=\"_nominee_46ozw_28 label-medium\">  Camilla Lorentzen \u2013 @camillalor <\/li>\n<li class=\"_nominee_46ozw_28 label-medium\">  Emil Gukild \u2013 @emilgukild <\/li>\n<li class=\"_nominee_46ozw_28 label-medium\">  Helene Celine Sj\u00f8berg \u2013 @heleneceline <\/li>\n<li class=\"_nominee_46ozw_28 label-medium\">  Ina Mikalsen \u2013 @inamoor <\/li>\n<li class=\"_nominee_46ozw_28 label-medium\">  Iver Anton Kronstad \u2013 @iveranton <\/li>\n<li class=\"_nominee_46ozw_28 label-medium\">  J\u00f8rgine Vasstrand \u2013 @funkygine <\/li>\n<li class=\"_nominee_46ozw_28 label-medium\">  Kasper Kvello \u2013 @styrketreneren <\/li>\n<li class=\"_nominee_46ozw_28 label-medium\">  Magnus Midtb\u00f8 \u2013 @magmidt <\/li>\n<li class=\"_nominee_46ozw_28 label-medium\">  Malin Killie-grenasberg \u2013 @malinshelsereise <\/li>\n<li class=\"_nominee_46ozw_28 label-medium\">  Mia Wals\u00f8e Lehn \u2013 @miawalsoee <\/li>\n<li class=\"_nominee_46ozw_28 label-medium\">  Pia Seeberg \u2013 @piaseeberg <\/li>\n<li class=\"_nominee_46ozw_28 label-medium\">  Synne Martine Myhre \u2013 @synneruns <\/li>\n<li class=\"_nominee_46ozw_28 label-medium\">  Camilla Aastorp Andersen \u2013 @treningsfrue <\/li>\n<li class=\"_nominee_46ozw_28 label-medium\">  Yana Strese \u2013 @running.yana <\/li>\n<\/ul>\n<p>   \u00c5rets influencer: Reise og friluftsliv      <\/p>\n<ul class=\"_list_46ozw_24\">\n<li class=\"_nominee_46ozw_28 label-medium\">  Anna T. Takle \u2013 @annatakle <\/li>\n<li class=\"_nominee_46ozw_28 label-medium\">  Elias og Kajsa \u2013 @eliasandkajsa <\/li>\n<li class=\"_nominee_46ozw_28 label-medium\">  Fredrik Strenmark- @dreamtravelvoyages <\/li>\n<li class=\"_nominee_46ozw_28 label-medium\">  Helene Myhre \u2013 @helenemoo <\/li>\n<li class=\"_nominee_46ozw_28 label-medium\">  Helene og Jonas Svendsen Rajesan \u2013 @norwegiantravelcouple <\/li>\n<li class=\"_nominee_46ozw_28 label-medium\">  Johan Haugsrud \u2013 @explorewithjohan <\/li>\n<li class=\"_nominee_46ozw_28 label-medium\">  Johanne S. Refseth \u2013 @psykolog.med.sovepose <\/li>\n<li class=\"_nominee_46ozw_28 label-medium\">  Kajsa Bentesdatter Sande \u2013 @Kajsasande <\/li>\n<li class=\"_nominee_46ozw_28 label-medium\">  Karen Kyllesl\u00f8 \u2013 @friluftsjenta <\/li>\n<li class=\"_nominee_46ozw_28 label-medium\">  Lars Grymyr \u2013 @larsgrymyr <\/li>\n<li class=\"_nominee_46ozw_28 label-medium\">  Lene Marie G\u00e5sbakk \u2013 @gossegoss <\/li>\n<li class=\"_nominee_46ozw_28 label-medium\">  Mette Alstad \u2013 @mette.sanker <\/li>\n<li class=\"_nominee_46ozw_28 label-medium\">  Runa Aasheim \u2013 @runaaasheim <\/li>\n<li class=\"_nominee_46ozw_28 label-medium\">  Thomas Jarolics \u2013 @thomas.jarolics <\/li>\n<\/ul>\n<p>   \u00c5rets influencer: Livsstil      <\/p>\n<ul class=\"_list_46ozw_24\">\n<li class=\"_nominee_46ozw_28 label-medium\">  Amalie Kristoffersen \u2013 @amalkris <\/li>\n<li class=\"_nominee_46ozw_28 label-medium\">  Betina Claesson \u2013 @betina.claesson <\/li>\n<li class=\"_nominee_46ozw_28 label-medium\">  Emilie Voe Nereng \u2013 @emilienutrition <\/li>\n<li class=\"_nominee_46ozw_28 label-medium\">  Hanna-Martine Sl\u00e5ttland Baller \u2013 @hannamartinee <\/li>\n<li class=\"_nominee_46ozw_28 label-medium\">  Helle Staff \u2013 @helle_nordby <\/li>\n<li class=\"_nominee_46ozw_28 label-medium\">  Iver Anton Kronstad \u2013 @iveranton <\/li>\n<li class=\"_nominee_46ozw_28 label-medium\">  Jenny Huse \u2013 @jennyhuse1 <\/li>\n<li class=\"_nominee_46ozw_28 label-medium\">  Karoline Kr\u00f8vel \u2013 @karokul <\/li>\n<li class=\"_nominee_46ozw_28 label-medium\">  Kasper Kvello \u2013 @styrketreneren <\/li>\n<li class=\"_nominee_46ozw_28 label-medium\">  Kristin Gjelsvik \u2013 @kristingjelsvik <\/li>\n<li class=\"_nominee_46ozw_28 label-medium\">  Kristjana Vera Mjallard\u00f6ttir \u2013 @kristjanavera <\/li>\n<li class=\"_nominee_46ozw_28 label-medium\">  Mads Clemmetsen \u2013 @madspuseropp <\/li>\n<li class=\"_nominee_46ozw_28 label-medium\">  Maren Erdvik \u2013 @marenerdvik <\/li>\n<li class=\"_nominee_46ozw_28 label-medium\">  Pia Hasund Vareberg \u2013 @pia_hasund_vareberg <\/li>\n<\/ul>\n<p>   \u00c5rets influencer: Underholdning      <\/p>\n<ul class=\"_list_46ozw_24\">\n<li class=\"_nominee_46ozw_28 label-medium\">  Emil Alex \u2013 @emilalex <\/li>\n<li class=\"_nominee_46ozw_28 label-medium\">  Handicrapcrew \u2013 @handicrapcrew <\/li>\n<li class=\"_nominee_46ozw_28 label-medium\">  Henrik Schatvet \u2013 @henrikschatvet <\/li>\n<li class=\"_nominee_46ozw_28 label-medium\">  H\u00e5kon Stokke \u2013 @h\u00e5konstokke <\/li>\n<li class=\"_nominee_46ozw_28 label-medium\">  Javad el Bakali \u2013 @utlending.memes <\/li>\n<li class=\"_nominee_46ozw_28 label-medium\">  Johanne Massey \u2013 @johannemasseyy <\/li>\n<li class=\"_nominee_46ozw_28 label-medium\">  J\u00f8rgen Holst-Larsen \u2013 @jorgen.hl <\/li>\n<li class=\"_nominee_46ozw_28 label-medium\">  Kjetil Krogstad \u2013 @kjetil.krogstad <\/li>\n<li class=\"_nominee_46ozw_28 label-medium\">  Lars Henriksen \u2013 @larshenriksen <\/li>\n<li class=\"_nominee_46ozw_28 label-medium\">  Marlene Elfrid Ingebrigtsen \u2013 @maleneing <\/li>\n<li class=\"_nominee_46ozw_28 label-medium\">  Oliver Bergset \u2013 @oliverbergset <\/li>\n<li class=\"_nominee_46ozw_28 label-medium\">  Ruben Elias \u2013 @rubenwelias <\/li>\n<li class=\"_nominee_46ozw_28 label-medium\">  Tigergutt \u2013 @tigergutt.101 <\/li>\n<li class=\"_nominee_46ozw_28 label-medium\">  Trygve Bennetsen \u2013 @trygvebennetsen <\/li>\n<\/ul>\n<p>   \u00c5rets influencer: Kunnskap      <\/p>\n<ul class=\"_list_46ozw_24\">\n<li class=\"_nominee_46ozw_28 label-medium\">  Alexander H. Sandtorv \u2013 @dr_sandtorv <\/li>\n<li class=\"_nominee_46ozw_28 label-medium\">  Andreas W\u00e4hl \u2013 @andreas__wahl <\/li>\n<li class=\"_nominee_46ozw_28 label-medium\">  Fredrik Fornes \u2013 @fredrikfornes <\/li>\n<li class=\"_nominee_46ozw_28 label-medium\">  Gard Lilledal Andersen \u2013 @geologard <\/li>\n<li class=\"_nominee_46ozw_28 label-medium\">  Hanne-Lene Dahlgren \u2013 @hannelenedahlgren <\/li>\n<li class=\"_nominee_46ozw_28 label-medium\">  Ingvild Tennfjord \u2013 @ingvildtennfjord <\/li>\n<li class=\"_nominee_46ozw_28 label-medium\">  Kornelia Minsaas \u2013 @kminsaas <\/li>\n<li class=\"_nominee_46ozw_28 label-medium\">  Magne P. Flemmen \u2013 @mpflemmen <\/li>\n<li class=\"_nominee_46ozw_28 label-medium\">  Malin Garnes \u2013 @jussnakk <\/li>\n<li class=\"_nominee_46ozw_28 label-medium\">  Maria Abrahamsen \u2013 @psyktdeg <\/li>\n<li class=\"_nominee_46ozw_28 label-medium\">  Martin Berggren Nilsen \u2013 @soppfotografen <\/li>\n<li class=\"_nominee_46ozw_28 label-medium\">  Mette Alstad \u2013 @mette.sanker <\/li>\n<li class=\"_nominee_46ozw_28 label-medium\">  Nora Steenberg \u2013 @historikersteenberg <\/li>\n<li class=\"_nominee_46ozw_28 label-medium\">  Thea Engvik \u2013 @theasmaker <\/li>\n<li class=\"_nominee_46ozw_28 label-medium\">  Tor-H\u00e5kon Gabriel H\u00e5vardsen \u2013 @booksbyth <\/li>\n<\/ul>\n<p>   \u00c5rets influencer: Helse      <\/p>\n<ul class=\"_list_46ozw_24\">\n<li class=\"_nominee_46ozw_28 label-medium\">  Anastasia Skotnikova \u2013 @anastasiaskotnikova <\/li>\n<li class=\"_nominee_46ozw_28 label-medium\">  Camilla Lorentzen \u2013 @camillalor <\/li>\n<li class=\"_nominee_46ozw_28 label-medium\">  Celine Michelsen \u2013 @celine_michelsen <\/li>\n<li class=\"_nominee_46ozw_28 label-medium\">  Eystein Hellstr\u00f8m Hoddevik \u2013 @dr.eystein <\/li>\n<li class=\"_nominee_46ozw_28 label-medium\">  Fredrik Fornes \u2013 @fredrikfornes <\/li>\n<li class=\"_nominee_46ozw_28 label-medium\">  Frida Grande \u2013 @fridamariegrande <\/li>\n<li class=\"_nominee_46ozw_28 label-medium\">  Handicrapcrew \u2013 @handicrapcrew <\/li>\n<li class=\"_nominee_46ozw_28 label-medium\">  Hanne-Lene Dahlgren \u2013 @hannelenedahlgren <\/li>\n<li class=\"_nominee_46ozw_28 label-medium\">  Luna Anette \u2013 @lunaanette <\/li>\n<li class=\"_nominee_46ozw_28 label-medium\">  Maria Abrahamsen \u2013 @psyktdeg <\/li>\n<li class=\"_nominee_46ozw_28 label-medium\">  Nohman Ishaq \u2013 @dr.nohmanishaq <\/li>\n<li class=\"_nominee_46ozw_28 label-medium\">  Nutritac \u2013 @nutritac <\/li>\n<li class=\"_nominee_46ozw_28 label-medium\">  Pia Hasund Vareberg \u2013 @pia_hasund_vareberg <\/li>\n<li class=\"_nominee_46ozw_28 label-medium\">  Wasim Zahid \u2013 @wasimzahid <\/li>\n<li class=\"_nominee_46ozw_28 label-medium\">  Wiktoria Banasiak \u2013 @wikibanan <\/li>\n<\/ul>\n<p>   \u00c5rets stjerneskudd      <\/p>\n<ul class=\"_list_46ozw_24\">\n<li class=\"_nominee_46ozw_28 label-medium\">  Amalie Kristoffersen \u2013 @amalkris <\/li>\n<li class=\"_nominee_46ozw_28 label-medium\">  Handicrapcrew \u2013 @handicrapcrew <\/li>\n<li class=\"_nominee_46ozw_28 label-medium\">  H\u00e5kon Stokke \u2013 @hakonstokke <\/li>\n<li class=\"_nominee_46ozw_28 label-medium\">  Ida Arensen \u2013 @idaliksom <\/li>\n<li class=\"_nominee_46ozw_28 label-medium\">  Julie Thorsen \u2013 @ektejulie <\/li>\n<li class=\"_nominee_46ozw_28 label-medium\">  Lea Steen Kl\u00e6boe \u2013 @leaasteen <\/li>\n<li class=\"_nominee_46ozw_28 label-medium\">  Lukas Aasb\u00f8 \u2013 @lukasaasbo <\/li>\n<li class=\"_nominee_46ozw_28 label-medium\">  Mathea Bj\u00f8rndalen \u2013 @matheaeb <\/li>\n<li class=\"_nominee_46ozw_28 label-medium\">  Mikkel Munthe \u2013 @mikkelmunthe <\/li>\n<li class=\"_nominee_46ozw_28 label-medium\">  Nora Anette Baller \u2013 @noraballler <\/li>\n<li class=\"_nominee_46ozw_28 label-medium\">  Pia Hasund Vareberg \u2013 @pia_hasund_vareberg <\/li>\n<li class=\"_nominee_46ozw_28 label-medium\">  Rakel Berntzen \u2013 @rakel_berntzen <\/li>\n<li class=\"_nominee_46ozw_28 label-medium\">  Ruben Elias \u2013 @rubenwelias <\/li>\n<li class=\"_nominee_46ozw_28 label-medium\">  Temuvikaren \u2013 @temuvikaren <\/li>\n<li class=\"_nominee_46ozw_28 label-medium\">  Theo Dahl \u2013 @theodahl <\/li>\n<\/ul>\n<p>   \u00c5rets influencer      <\/p>\n<ul class=\"_list_46ozw_24\">\n<li class=\"_nominee_46ozw_28 label-medium\">  Emilie Voe Nereng \u2013 @emilienutrition <\/li>\n<li class=\"_nominee_46ozw_28 label-medium\">  Handicrapcrew \u2013 @handicrapcrew <\/li>\n<li class=\"_nominee_46ozw_28 label-medium\">  Hanna-Martine Sl\u00e5ttland Baller \u2013 @hannamartinee <\/li>\n<li class=\"_nominee_46ozw_28 label-medium\">  Hanne Lene Dahlgren \u2013 @hannelenedahlgren <\/li>\n<li class=\"_nominee_46ozw_28 label-medium\">  Helle Staff \u2013 @helle_nordby <\/li>\n<li class=\"_nominee_46ozw_28 label-medium\">  Kasper Kvello \u2013 @styrketreneren <\/li>\n<li class=\"_nominee_46ozw_28 label-medium\">  Kristin Helland \u2013 @voksenstruggles <\/li>\n<li class=\"_nominee_46ozw_28 label-medium\">  Mads Clemmetsen \u2013 @madspusseropp <\/li>\n<li class=\"_nominee_46ozw_28 label-medium\">  Malene Elfrid Ingebrigtsen \u2013 @maleneing <\/li>\n<li class=\"_nominee_46ozw_28 label-medium\">  Mathea Bj\u00f8rndalen \u2013 @matheaeb <\/li>\n<li class=\"_nominee_46ozw_28 label-medium\">  Oliver Bergset \u2013 @oliverbergset <\/li>\n<li class=\"_nominee_46ozw_28 label-medium\">  Selene Fjellvang Lie \u2013 @selenelie <\/li>\n<li class=\"_nominee_46ozw_28 label-medium\">  Tale Torjussen \u2013 @tale_torjussen <\/li>\n<li class=\"_nominee_46ozw_28 label-medium\">  Trygve Bennetsen \u2013 @trygvebennetsen <\/li>\n<li class=\"_nominee_46ozw_28 label-medium\">  \u00d8yunn Krogh \u2013 @oyunnkrogh <\/li>\n<\/ul>\n<p>   \u00c5rets influencer: B\u00e6rekraft      <\/p>\n<ul class=\"_list_46ozw_24\">\n<li class=\"_nominee_46ozw_28 label-medium\">  Alexander Sandtorv \u2013 @dr_sandtorv <\/li>\n<li class=\"_nominee_46ozw_28 label-medium\">  Anja Pisano-Riise \u2013 @riiseanja <\/li>\n<li class=\"_nominee_46ozw_28 label-medium\">  Dordi Boksasp Lerum \u2013 @dordi_lerum <\/li>\n<li class=\"_nominee_46ozw_28 label-medium\">  Fr\u00f8ya Skjold Sjurs\u00e6ther \u2013 @froyasjursaether <\/li>\n<li class=\"_nominee_46ozw_28 label-medium\">  F\u00e6brik \u2013 @jointhefaebrik <\/li>\n<li class=\"_nominee_46ozw_28 label-medium\">  Hanne-Lene Dahlren \u2013 @hannelenedahlgren <\/li>\n<li class=\"_nominee_46ozw_28 label-medium\">  Ingrid Vik Lysne \u2013 @ingridviklysne <\/li>\n<li class=\"_nominee_46ozw_28 label-medium\">  Jenny Skavlan \u2013 @jennyskavlan <\/li>\n<li class=\"_nominee_46ozw_28 label-medium\">  Karen Elene Thorsen \u2013 @fattig.student <\/li>\n<li class=\"_nominee_46ozw_28 label-medium\">  Kimiya Sajjadi \u2013 @kimiyasajjadi <\/li>\n<li class=\"_nominee_46ozw_28 label-medium\">  Kornelia Minsaas \u2013 @kminsaas <\/li>\n<li class=\"_nominee_46ozw_28 label-medium\">  Kristoffer Tvilde \u2013 @krisslovesfood <\/li>\n<li class=\"_nominee_46ozw_28 label-medium\">  Lise Wolden \u2013 @lisewolden <\/li>\n<li class=\"_nominee_46ozw_28 label-medium\">  Selene Fjellvang Lie \u2013 @selenelie <\/li>\n<li class=\"_nominee_46ozw_28 label-medium\">  Torjus Under Bredvold \u2013 @hattekokken <\/li>\n<\/ul>\n<p>   \u00c5rets influencer: Sterke mening      <\/p>\n<ul class=\"_list_46ozw_24\">\n<li class=\"_nominee_46ozw_28 label-medium\">  Anine Olsen \u2013 @4nineolsen <\/li>\n<li class=\"_nominee_46ozw_28 label-medium\">  Danby Choi \u2013 @danbychoi <\/li>\n<li class=\"_nominee_46ozw_28 label-medium\">  Elias Omberg \u2013 @eliasomberg <\/li>\n<li class=\"_nominee_46ozw_28 label-medium\">  Erika Norwich \u2013 @erikanorwich <\/li>\n<li class=\"_nominee_46ozw_28 label-medium\">  Fredrik Fornes \u2013 @fredrikfornes <\/li>\n<li class=\"_nominee_46ozw_28 label-medium\">  Frida Marie Grande \u2013 @fridamariegrande <\/li>\n<li class=\"_nominee_46ozw_28 label-medium\">  Gutta \u2013 @gutta <\/li>\n<li class=\"_nominee_46ozw_28 label-medium\">  Hanne-Lene Dahlgren \u2013 @hannelenedahlgren <\/li>\n<li class=\"_nominee_46ozw_28 label-medium\">  Henrik Troy \u2013 @henriktroy <\/li>\n<li class=\"_nominee_46ozw_28 label-medium\">  Ingeborg Senneset \u2013 @ingeborgsenneset <\/li>\n<li class=\"_nominee_46ozw_28 label-medium\">  Iselin Guttormsen \u2013 @iselinguttormsen <\/li>\n<li class=\"_nominee_46ozw_28 label-medium\">  Kimiya Sajjadi \u2013 @kimiyasajjadi <\/li>\n<li class=\"_nominee_46ozw_28 label-medium\">  Kristin Gjelsvik \u2013 @kristingjelsvik <\/li>\n<li class=\"_nominee_46ozw_28 label-medium\">  Passar Qadir \u2013 @passarqadir <\/li>\n<li class=\"_nominee_46ozw_28 label-medium\">  Synn\u00f8ve D\u00f8rum \u2013 @synnovedorum <\/li>\n<\/ul>\n<p>   \u00c5rets influencer: Business      <\/p>\n<ul class=\"_list_46ozw_24\">\n<li class=\"_nominee_46ozw_28 label-medium\">  Ane Farstad \u2013 @anefarstad <\/li>\n<li class=\"_nominee_46ozw_28 label-medium\">  Anniken J\u00f8rgensen \u2013 @annijor <\/li>\n<li class=\"_nominee_46ozw_28 label-medium\">  Camilla Lorentzen \u2013 @camillalor <\/li>\n<li class=\"_nominee_46ozw_28 label-medium\">  Camilla Pihl \u2013 @camillapihl <\/li>\n<li class=\"_nominee_46ozw_28 label-medium\">  Emilie Voe Nereng \u2013 @emilienutrition <\/li>\n<li class=\"_nominee_46ozw_28 label-medium\">  Fredrik Fornes \u2013 @fredrikfornes <\/li>\n<li class=\"_nominee_46ozw_28 label-medium\">  F\u00e6brik \u2013 @jointhefaebrik <\/li>\n<li class=\"_nominee_46ozw_28 label-medium\">  Helene Myhre \u2013 @helenemoo <\/li>\n<li class=\"_nominee_46ozw_28 label-medium\">  Isabel Raad \u2013 @isabelsraad <\/li>\n<li class=\"_nominee_46ozw_28 label-medium\">  J\u00f8rgine Vasstrand \u2013 @funkygine <\/li>\n<li class=\"_nominee_46ozw_28 label-medium\">  Leah Behn \u2013 @leah.behn <\/li>\n<li class=\"_nominee_46ozw_28 label-medium\">  Marit R\u00f8ttingsnes Westlie \u2013 @maritrwestlie <\/li>\n<li class=\"_nominee_46ozw_28 label-medium\">  Mikela Beck \u2013 @miklea.beck <\/li>\n<li class=\"_nominee_46ozw_28 label-medium\">  Sara Emilie Tandberg \u2013 @saraaemiliee <\/li>\n<li class=\"_nominee_46ozw_28 label-medium\">  Sophie Elise Isachsen \u2013 @sophieelise <\/li>\n<\/ul>\n<p>   \u00c5rets forbilde:      <\/p>\n<ul class=\"_list_46ozw_24\">\n<li class=\"_nominee_46ozw_28 label-medium\">  Gard \u00d8ksendal \u2013 @mankegard <\/li>\n<li class=\"_nominee_46ozw_28 label-medium\">  Handicrapcrew \u2013 @handicrapcrew <\/li>\n<li class=\"_nominee_46ozw_28 label-medium\">  Hanna-Martine Baller \u2013 @hannamartinee <\/li>\n<li class=\"_nominee_46ozw_28 label-medium\">  Kasper Kvello \u2013 @styrketreneren <\/li>\n<li class=\"_nominee_46ozw_28 label-medium\">  Line Victoria Huseby-S\u00f8rensen \u2013 @linevictoriahusby <\/li>\n<li class=\"_nominee_46ozw_28 label-medium\">  Maren Erdvik \u2013 @marenerdvik <\/li>\n<li class=\"_nominee_46ozw_28 label-medium\">  Maria E. T\u00f8r\u00f8 Sivertsen \u2013 @lifewith_addison <\/li>\n<li class=\"_nominee_46ozw_28 label-medium\">  Martine Halvorsen \u2013 @martine.halvs <\/li>\n<li class=\"_nominee_46ozw_28 label-medium\">  Oliver Bergset \u2013 @oliverbergset <\/li>\n<li class=\"_nominee_46ozw_28 label-medium\">  Pia Hasund Vareberg \u2013 @pia_hasun_vareberg <\/li>\n<li class=\"_nominee_46ozw_28 label-medium\">  Selene Fjellvang Lie \u2013 @selenelie <\/li>\n<\/ul>\n","protected":false},"excerpt":{"rendered":"Her er alle semifinalistene til Vixen Awards 2025. VGs lesere stemmer frem Folkets favoritt &#8211; avgi din stemme&hellip;\n","protected":false},"author":2,"featured_media":92862,"comment_status":"","ping_status":"","sticky":false,"template":"","format":"standard","meta":{"footnotes":""},"categories":[10],"tags":[20,21,24,25,15,22,23,13,30,28,29,14,16,26,27,12090],"class_list":{"0":"post-92861","1":"post","2":"type-post","3":"status-publish","4":"format-standard","5":"has-post-thumbnail","7":"category-norge","8":"tag-breaking-news","9":"tag-breakingnews","10":"tag-featured-news","11":"tag-featurednews","12":"tag-headlines","13":"tag-latest-news","14":"tag-latestnews","15":"tag-news","16":"tag-no","17":"tag-norge","18":"tag-norway","19":"tag-nyheter","20":"tag-overskrifter","21":"tag-top-stories","22":"tag-topstories","23":"tag-vixen-awards"},"share_on_mastodon":{"url":"https:\/\/pubeurope.com\/@no\/115587440222395556","error":""},"_links":{"self":[{"href":"https:\/\/www.europesays.com\/no\/wp-json\/wp\/v2\/posts\/92861","targetHints":{"allow":["GET"]}}],"collection":[{"href":"https:\/\/www.europesays.com\/no\/wp-json\/wp\/v2\/posts"}],"about":[{"href":"https:\/\/www.europesays.com\/no\/wp-json\/wp\/v2\/types\/post"}],"author":[{"embeddable":true,"href":"https:\/\/www.europesays.com\/no\/wp-json\/wp\/v2\/users\/2"}],"replies":[{"embeddable":true,"href":"https:\/\/www.europesays.com\/no\/wp-json\/wp\/v2\/comments?post=92861"}],"version-history":[{"count":0,"href":"https:\/\/www.europesays.com\/no\/wp-json\/wp\/v2\/posts\/92861\/revisions"}],"wp:featuredmedia":[{"embeddable":true,"href":"https:\/\/www.europesays.com\/no\/wp-json\/wp\/v2\/media\/92862"}],"wp:attachment":[{"href":"https:\/\/www.europesays.com\/no\/wp-json\/wp\/v2\/media?parent=92861"}],"wp:term":[{"taxonomy":"category","embeddable":true,"href":"https:\/\/www.europesays.com\/no\/wp-json\/wp\/v2\/categories?post=92861"},{"taxonomy":"post_tag","embeddable":true,"href":"https:\/\/www.europesays.com\/no\/wp-json\/wp\/v2\/tags?post=92861"}],"curies":[{"name":"wp","href":"https:\/\/api.w.org\/{rel}","templated":true}]}}