{"id":92871,"date":"2025-11-21T11:32:15","date_gmt":"2025-11-21T11:32:15","guid":{"rendered":"https:\/\/www.europesays.com\/no\/92871\/"},"modified":"2025-11-21T11:32:15","modified_gmt":"2025-11-21T11:32:15","slug":"politikk-froya-skjold-sjursaether-froya-skjold-sjursaether-mdg-valgte-kollektiv-pa-grunerlokka-over-stortingets-pendlerboliger","status":"publish","type":"post","link":"https:\/\/www.europesays.com\/no\/92871\/","title":{"rendered":"Politikk, Fr\u00f8ya Skjold Sjurs\u00e6ther | Fr\u00f8ya Skjold Sjurs\u00e6ther (MDG) valgte kollektiv p\u00e5 Gr\u00fcnerl\u00f8kka over Stortingets pendlerboliger"},"content":{"rendered":"\n<p>I en byg\u00e5rd p\u00e5 Gr\u00fcnerl\u00f8kka har den 19 \u00e5r gamle stortingsrepresentanten funnet seg til rette sammen med to venner fra Bergen.<\/p>\n<p>Selv om hun er litt bekymret for at romkameratene begynner \u00e5 bli lei av at pressen dukker opp i leiligheten, er hun ikke vond \u00e5 be n\u00e5r lokalavisen inviterer seg selv hjem til henne.<\/p>\n<p>    Vil du se neste video?<\/p>\n<p>    <a href=\"https:\/\/www.ba.no\/oppsig-s3e2-malinka\/v\/5-8-3217831\" class=\"recommend-poster\" data-adp-clicklabel=\"video-recommend\" data-adp-clickvalue=\"poster\" rel=\"nofollow noopener\" target=\"_blank\"><br \/>\n      <img decoding=\"async\" width=\"200\" height=\"200\" loading=\"lazy\" src=\"https:\/\/www.europesays.com\/no\/wp-content\/uploads\/2025\/11\/sander+systad.jpg\" alt=\"\" class=\"brick-c-cFOWSL\" style=\"--brick-image-ratio: 200 \/ 200;\"\/><\/p>\n<p>Oppsig S3E2: Malinka11:55<\/p>\n<p>    <\/a><\/p>\n<p>Det f\u00f8rste som m\u00f8ter oss, til bergenserens store fortvilelse, er et bilde av nynorskens far Ivar Aasen med djevelhorn.<\/p>\n<p>\u2013 Dette er ikke min. Jeg elsker nynorsk, forsikrer hun, og p\u00e5peker at det er resten av kollektivet som har st\u00e5tt for veggdekorasjonene. <\/p>\n<p>   <img decoding=\"async\" width=\"6048\" height=\"4024\" fetchpriority=\"low\"  loading=\"lazy\"  src=\"https:\/\/www.europesays.com\/no\/wp-content\/uploads\/2025\/11\/836.jpg\" alt=\"Vi fulgte Fr\u00f8ya Skjold Sjurs\u00e6ther en dag fra kollektivet p\u00e5 Gr\u00fcnerl\u00f8kka til frokostm\u00f8te,Stortinget, podkastinnspilling og benkem\u00f8te med Bergen N\u00e6ringsr\u00e5d\" class=\"brick-c-cFOWSL\" style=\"--brick-image-ratio: 6048 \/ 4024;\"\/><\/p>\n<p>Det siste \u00e5ret har livet til Sjurs\u00e6ther tatt en helt annen retning enn hennes jevnaldrende.<\/p>\n<p>Russetid og avsluttende eksamener ble byttet ut med valgkamp. Istedenfor \u00e5 studere eller dra p\u00e5 folkeh\u00f8yskole, har hun endt opp i milj\u00f8- og energikomiteen p\u00e5 Stortinget og markerte nylig starten av perioden med middag p\u00e5 slottet.<\/p>\n<p><b>\u2013 Etter middagen fikk jeg og et par andre snakke med kongen. Da jeg sa til kongen at jeg ikke hadde fullf\u00f8rt videreg\u00e5ende, lo han skikkelig godt. Han synes det var litt spr\u00f8tt, tror jeg. <\/b><\/p>\n<p>Vil unng\u00e5 \u00e5 r\u00e5tne med eldre<\/p>\n<p>Men tiden i kollektiv med venner ville hun ikke v\u00e6re foruten.<\/p>\n<p>Uten boligutgifter i Bergen, kvalifiserer hun heller ikke til pendlerbolig, slik 115 av de 169 innvalgte representantene har.<\/p>\n<p>S\u00e5 istedenfor \u00e5 betale for bolig i Bergen og bo p\u00e5 statens regning i Oslo, valgte hun kollektiv med venner.<\/p>\n<p><b>\u2013 Da f\u00e5r jeg m\u00f8tt litt folk p\u00e5 min egen alder, og unng\u00e5r kanskje \u00e5 r\u00e5tne p\u00e5 Stortinget sammen med politikere som er mye eldre enn meg, sier hun og legger til: <\/b><\/p>\n<p>\u2013 Jeg f\u00f8ler meg ikke alltid s\u00e5 voksen, selv om jeg har en ganske voksen jobb.<\/p>\n<p>   <img decoding=\"async\" width=\"6048\" height=\"4024\" fetchpriority=\"low\"  loading=\"lazy\"  src=\"https:\/\/www.europesays.com\/no\/wp-content\/uploads\/2025\/11\/838.jpg\" alt=\"Vi fulgte Fr\u00f8ya Skjold Sjurs\u00e6ther en dag fra kollektivet p\u00e5 Gr\u00fcnerl\u00f8kka til frokostm\u00f8te,Stortinget, podkastinnspilling og benkem\u00f8te med Bergen N\u00e6ringsr\u00e5d\" class=\"brick-c-cFOWSL\" style=\"--brick-image-ratio: 6048 \/ 4024;\"\/><\/p>\n<p>      Fr\u00f8ya Skjold Sjurs\u00e6ther (MDG) kom inn i politikken gjennom klimastreikene. N\u00e5 f\u00e5r hun tatt kampen fra energi- og milj\u00f8komiteen.<br \/>\n      Foto: Anna Maud Hersvik\n    <\/p>\n<p>Den \u00abvoksne jobben\u00bb gir en \u00e5rsl\u00f8nn p\u00e5 rundt 1,2 millioner. Til tross for den h\u00f8ye startl\u00f8nnen, mener ikke Sjurs\u00e6ther at hun har andre vaner enn vennene som f\u00e5r l\u00e5n og stipend av L\u00e5nekassen.<\/p>\n<p><b>\u2013 Det er ingen spesiell grunn til at jeg skal leve et enormt luksusliv n\u00e5r jeg bor med folk som har student\u00f8konomi.<\/b><\/p>\n<p>\u2013 Men da jeg var i podkasten til Lars Glomnes i Aftenposten tipset han om at jeg kanskje skulle betale for vaskehjelp i kollektivet, og det lurer jeg p\u00e5 om kan v\u00e6re min gave med stortingsl\u00f8nn.<\/p>\n<p>   <img decoding=\"async\" width=\"5495\" height=\"3656\" fetchpriority=\"low\"  loading=\"lazy\"  src=\"https:\/\/www.europesays.com\/no\/wp-content\/uploads\/2025\/11\/835.jpg\" alt=\"Vi fulgte Fr\u00f8ya Skjold Sjurs\u00e6ther en dag fra kollektivet p\u00e5 Gr\u00fcnerl\u00f8kka til frokostm\u00f8te,Stortinget, podkastinnspilling og benkem\u00f8te med Bergen N\u00e6ringsr\u00e5d\" class=\"brick-c-cFOWSL\" style=\"--brick-image-ratio: 5495 \/ 3656;\"\/><\/p>\n<p>      Opp trappene til fjerde etasje har kollektivet fraktet brukte m\u00f8bler, planter og romkameratenes kunst<br \/>\n      Foto: Anna Maud Hersvik\n    <\/p>\n<p>  Bedt om \u00e5 stramme opp stilen<\/p>\n<p>Pengene som er til gode har forel\u00f8pig g\u00e5tt til boligsparing, i tillegg til oppgradering av garderoben, forteller Sjurs\u00e6ther.<\/p>\n<p>\u2013 Du har alts\u00e5 byttet stil? <\/p>\n<p>\u2013 Ja, det er en ganske streng kleskode inne i salen. Vi fikk tydelig beskjed om at vi m\u00e5tte kle oss ordentlig.<\/p>\n<p>\u2013 Hvordan er det for en MDG-er \u00e5 m\u00e5tte flytte hit og m\u00e5tte oppgradere garderoben sin?<\/p>\n<p>\u2013 Det var veldig tungt faktisk, svarer politikeren og p\u00e5peker hvorfor:<\/p>\n<p>\u2013 Det var vanskelig \u00e5 finne brukte kl\u00e6r som passer til stortingsjobben.<\/p>\n<p>   <img decoding=\"async\" width=\"6048\" height=\"4024\" fetchpriority=\"low\"  loading=\"lazy\"  src=\"https:\/\/www.europesays.com\/no\/wp-content\/uploads\/2025\/11\/841.jpg\" alt=\"Vi fulgte Fr\u00f8ya Skjold Sjurs\u00e6ther en dag fra kollektivet p\u00e5 Gr\u00fcnerl\u00f8kka til frokostm\u00f8te,Stortinget, podkastinnspilling og benkem\u00f8te med Bergen N\u00e6ringsr\u00e5d\" class=\"brick-c-cFOWSL\" style=\"--brick-image-ratio: 6048 \/ 4024;\"\/><\/p>\n<p>  Fikk tommel opp fra venninner<\/p>\n<p>Det har v\u00e6rt mye oppmerksomhet rundt bergenseren som er den yngste stortingsrepresentanten noensinne.<\/p>\n<p>Sjurs\u00e6ther har utnyttet muligheten til \u00e5 markere seg, og tirsdagen BA m\u00f8ter henne er intet unntak.<\/p>\n<p>   <img decoding=\"async\" width=\"5526\" height=\"3677\" fetchpriority=\"low\"  loading=\"lazy\"  src=\"https:\/\/www.europesays.com\/no\/wp-content\/uploads\/2025\/11\/842.jpg\" alt=\"Vi fulgte Fr\u00f8ya Skjold Sjurs\u00e6ther en dag fra kollektivet p\u00e5 Gr\u00fcnerl\u00f8kka til frokostm\u00f8te,Stortinget, podkastinnspilling og benkem\u00f8te med Bergen N\u00e6ringsr\u00e5d\" class=\"brick-c-cFOWSL\" style=\"--brick-image-ratio: 5526 \/ 3677;\"\/><\/p>\n<p>      Sjurs\u00e6ther p\u00e5 vei til en over 12 timer lang arbeidsdag.<br \/>\n      Foto: Anna Maud Hersvik\n    <\/p>\n<p>F\u00f8r dagen starter p\u00e5 Stortinget har hun funnet tid til \u00e5 delta i et frokostm\u00f8te om fremtiden for olje og gass.<\/p>\n<p>\u2013 Jeg tror ikke at det er mitt publikum i dag, men det g\u00e5r sikkert fint.<\/p>\n<p>   <img decoding=\"async\" width=\"6048\" height=\"4024\" fetchpriority=\"low\"  loading=\"lazy\"  src=\"https:\/\/www.europesays.com\/no\/wp-content\/uploads\/2025\/11\/847.jpg\" alt=\"Vi fulgte Fr\u00f8ya Skjold Sjurs\u00e6ther en dag fra kollektivet p\u00e5 Gr\u00fcnerl\u00f8kka til frokostm\u00f8te,Stortinget, podkastinnspilling og benkem\u00f8te med Bergen N\u00e6ringsr\u00e5d\" class=\"brick-c-cFOWSL\" style=\"--brick-image-ratio: 6048 \/ 4024;\"\/><\/p>\n<p>      P\u00e5 frokostm\u00f8tet debatterte MDG-politikeren foran bransjen hun vil avvikle. \u2013 Jeg trives godt med \u00e5 ha litt uenigheter.<br \/>\n      Foto: Anna Maud Hersvik\n    <\/p>\n<p><b>Noen timer senere snakker hun til et helt annet publikum i podkasten til en av Norges st\u00f8rste influensere, Hanna Martine Baller.<\/b><\/p>\n<p>\u2013 Hvorfor takket du ja til \u00e5 bruke tid p\u00e5 akkurat denne podkasten?<\/p>\n<p>\u2013 Jeg synes podkasten virker veldig bra. Av podkaster h\u00f8rer jeg stort sett p\u00e5 Politisk kvarter og Dagsnytt 18, men denne podkasten ga venninnene mine tommel opp til.<\/p>\n<p>Hun tror at folk er lei av \u00e5 kun h\u00f8re p\u00e5 politikere i \u00abstive settinger\u00bb.<\/p>\n<p>   <img decoding=\"async\" width=\"5846\" height=\"3890\" fetchpriority=\"low\"  loading=\"lazy\"  src=\"https:\/\/www.europesays.com\/no\/wp-content\/uploads\/2025\/11\/863.jpg\" alt=\"Vi fulgte Fr\u00f8ya Skjold Sjurs\u00e6ther en dag fra kollektivet p\u00e5 Gr\u00fcnerl\u00f8kka til frokostm\u00f8te,Stortinget, podkastinnspilling og benkem\u00f8te med Bergen N\u00e6ringsr\u00e5d\" class=\"brick-c-cFOWSL\" style=\"--brick-image-ratio: 5846 \/ 3890;\"\/><\/p>\n<p>      Fra innspillingen av podkasten Hanna og de heldige.<br \/>\n      Foto: Anna Maud Hersvik\n    <\/p>\n<p>\u2013 Det er helt naturlig at st\u00f8rre deler av den politiske debatten foreg\u00e5r i for eksempel podkaststudio.<\/p>\n<p>Tidligere har Unge H\u00f8yre-leder Ola Svenneby deltatt i samme podkast. Sjurs\u00e6ther liker at flere influensere har lyst til \u00e5 snakke om politikk.<\/p>\n<p>\u2013 Og at du f\u00e5r mer lavterskel-samtaler, enn det du f\u00e5r i tradisjonelle medier.<\/p>\n<p>Dette gj\u00f8r Fr\u00f8ya flau<\/p>\n<p>For \u00f8yeblikket var Sjurs\u00e6ther politikeren som sto h\u00f8yest p\u00e5 influenseren sin \u00f8nskeliste over gjester.<\/p>\n<p>\u2013 Hvorfor det?<\/p>\n<p>\u2013 Fordi hun er et veldig interessant menneske som jeg har fulgt med p\u00e5 lenge. Jeg ville selvf\u00f8lgelig h\u00f8re om livet p\u00e5 Stortinget, og grave i privatlivet hennes, svarer influenseren.<\/p>\n<p>   <img decoding=\"async\" width=\"6048\" height=\"4024\" fetchpriority=\"low\"  loading=\"lazy\"  src=\"https:\/\/www.europesays.com\/no\/wp-content\/uploads\/2025\/11\/865.jpg\" alt=\"Vi fulgte Fr\u00f8ya Skjold Sjurs\u00e6ther en dag fra kollektivet p\u00e5 Gr\u00fcnerl\u00f8kka til frokostm\u00f8te,Stortinget, podkastinnspilling og benkem\u00f8te med Bergen N\u00e6ringsr\u00e5d\" class=\"brick-c-cFOWSL\" style=\"--brick-image-ratio: 6048 \/ 4024;\"\/><\/p>\n<p>      Hanna Martine Baller og Fr\u00f8ya Sjurs\u00e6ther.<br \/>\n      Foto: Anna Maud Hersvik\n    <\/p>\n<p>Programmet er stramt. Etter \u00e5 f\u00f8rst ha dratt med BA p\u00e5 buss og trikk, m\u00e5 Sjurs\u00e6ther bite i det sure eplet og haste tilbake til Stortinget i en taxi.<\/p>\n<p>\u2013 Tar du ofte taxi?<\/p>\n<p>\u2013 Jeg tar faktisk nesten aldri taxi. Men noen ganger glipper jeg.<\/p>\n<p>\u2013 Ja, n\u00e5 har du jo skrytt mye av kollektivsystemet i Oslo.<\/p>\n<p>\u2013 Ja, det er egentlig litt pinlig at jeg lar dere v\u00e6re med p\u00e5 det.<\/p>\n<p>   <img decoding=\"async\" width=\"6048\" height=\"4024\" fetchpriority=\"low\"  loading=\"lazy\"  src=\"https:\/\/www.europesays.com\/no\/wp-content\/uploads\/2025\/11\/866.jpg\" alt=\"Vi fulgte Fr\u00f8ya Skjold Sjurs\u00e6ther en dag fra kollektivet p\u00e5 Gr\u00fcnerl\u00f8kka til frokostm\u00f8te,Stortinget, podkastinnspilling og benkem\u00f8te med Bergen N\u00e6ringsr\u00e5d\" class=\"brick-c-cFOWSL\" style=\"--brick-image-ratio: 6048 \/ 4024;\"\/><\/p>\n<p>\u2013 Men s\u00e5nn som n\u00e5 n\u00e5r det er hektisk og mye som skjer, s\u00e5 hender det at man ikke klarer \u00e5 leve helt opp til MDG-stereotypien.<\/p>\n<p>\u2013 Ogs\u00e5 er det viktig \u00e5 presisere at vi ikke vil forby noen \u00e5 kj\u00f8re bil eller ta taxi n\u00e5r det trengs, heller gj\u00f8re det enklere \u00e5 ta mer milj\u00f8vennlige valg. Men s\u00e5 vil ikke tilbudet alltid strekke til, s\u00e5nn som n\u00e5.<\/p>\n<p>   <img decoding=\"async\" width=\"6048\" height=\"4024\" fetchpriority=\"low\"  loading=\"lazy\"  src=\"https:\/\/www.europesays.com\/no\/wp-content\/uploads\/2025\/11\/EH6_1964.jpg\" alt=\"\" class=\"brick-c-cFOWSL\" style=\"--brick-image-ratio: 6048 \/ 4024;\"\/><\/p>\n<p>      D\u00e5rlig tid! Komit\u00e9m\u00f8te kaller.<br \/>\n      Foto: Anna Maud Hersvik\n    <\/p>\n<p>  \u2013 Fest?<\/p>\n<p>Senere avsluttes dagen i enda et nytt selskap, sammen med Bergen N\u00e6ringsr\u00e5d og resten av representantene fra Hordaland.<\/p>\n<p><b>\u2013 Er du klar for fest i dag? sp\u00f8r Helge Andr\u00e9 Nj\u00e5stad (Frp) idet Sjurs\u00e6ther passerer ham i gangen. <\/b><\/p>\n<p>\u2013 Fest i dag? undrer Sjurs\u00e6ther.<\/p>\n<p>   <img decoding=\"async\" width=\"6048\" height=\"4024\" fetchpriority=\"low\"  loading=\"lazy\"  src=\"https:\/\/www.europesays.com\/no\/wp-content\/uploads\/2025\/11\/853.jpg\" alt=\".\" class=\"brick-c-cFOWSL\" style=\"--brick-image-ratio: 6048 \/ 4024;\"\/><\/p>\n<p>      Fest?<br \/>\n      Foto: Anna Maud Hersvik\n    <\/p>\n<p>\u2013 Ja, med Bergen N\u00e6ringsr\u00e5d, forklarer Nj\u00e5stad.<\/p>\n<p>Sjurs\u00e6ther er ikke helt overbevist. Hun har notert m\u00f8te og middag i kalenderen.<\/p>\n<p>\u2013 Fest?<\/p>\n<p>\u2013 Ja, ja, ja.<\/p>\n<p>Festen han snakker om er en middag n\u00e6ringsr\u00e5det arrangerer i Oslo, etter \u00e5 ha gitt en rekke krav til politikerne fra Hordaland inn i budsjettforhandlingene.<\/p>\n<p>En annen Frp-er fra Bergen har ogs\u00e5 gitt henne klar beskjed om at dette m\u00e5 prioriteres.<\/p>\n<p>\u2013 Jeg pr\u00f8ver bare \u00e5 minne henne p\u00e5 at vi f\u00f8rst og fremst er valgt inn fra v\u00e5rt distrikt, sier Martin Virkesdal Jonsterhaug (Frp).<\/p>\n<p>\u2013 Han trenger ikke \u00e5 minne meg p\u00e5 det. Det vet jeg godt alts\u00e5, avbryter Sjurs\u00e6ther.<\/p>\n<p><b>\u2013 Men det er jo klart, hun har jo blitt superkjendis n\u00e5, gliser Jonsterhaug.<\/b><\/p>\n<p>   <img decoding=\"async\" width=\"6048\" height=\"4024\" fetchpriority=\"low\"  loading=\"lazy\"  src=\"https:\/\/www.europesays.com\/no\/wp-content\/uploads\/2025\/11\/854.jpg\" alt=\"Vi fulgte Fr\u00f8ya Skjold Sjurs\u00e6ther en dag fra kollektivet p\u00e5 Gr\u00fcnerl\u00f8kka til frokostm\u00f8te,Stortinget, podkastinnspilling og benkem\u00f8te med Bergen N\u00e6ringsr\u00e5d\" class=\"brick-c-cFOWSL\" style=\"--brick-image-ratio: 6048 \/ 4024;\"\/><\/p>\n<p>      Klokken ringer, og Martin Virkesdal Jonsterhaug (Frp) og Fr\u00f8ya Skjold Sjurs\u00e6ther (MDG) haster mot stortingssalen.<br \/>\n      Foto: Anna Maud Hersvik\n    <\/p>\n","protected":false},"excerpt":{"rendered":"I en byg\u00e5rd p\u00e5 Gr\u00fcnerl\u00f8kka har den 19 \u00e5r gamle stortingsrepresentanten funnet seg til rette sammen med to&hellip;\n","protected":false},"author":2,"featured_media":92872,"comment_status":"","ping_status":"","sticky":false,"template":"","format":"standard","meta":{"footnotes":""},"categories":[5],"tags":[36,20,21,24,25,4874,15,19,22,23,17,18,777,13,30,28,29,14,16,41,333,1510,26,27],"class_list":{"0":"post-92871","1":"post","2":"type-post","3":"status-publish","4":"format-standard","5":"has-post-thumbnail","7":"category-overskrifter","8":"tag-art","9":"tag-breaking-news","10":"tag-breakingnews","11":"tag-featured-news","12":"tag-featurednews","13":"tag-froya-skjold-sjursaether","14":"tag-headlines","15":"tag-hovedoppslag","16":"tag-latest-news","17":"tag-latestnews","18":"tag-main-news","19":"tag-mainnews","20":"tag-mdg","21":"tag-news","22":"tag-no","23":"tag-norge","24":"tag-norway","25":"tag-nyheter","26":"tag-overskrifter","27":"tag-politikk","28":"tag-stortinget","29":"tag-story","30":"tag-top-stories","31":"tag-topstories"},"share_on_mastodon":{"url":"https:\/\/pubeurope.com\/@no\/115587471856697865","error":""},"_links":{"self":[{"href":"https:\/\/www.europesays.com\/no\/wp-json\/wp\/v2\/posts\/92871","targetHints":{"allow":["GET"]}}],"collection":[{"href":"https:\/\/www.europesays.com\/no\/wp-json\/wp\/v2\/posts"}],"about":[{"href":"https:\/\/www.europesays.com\/no\/wp-json\/wp\/v2\/types\/post"}],"author":[{"embeddable":true,"href":"https:\/\/www.europesays.com\/no\/wp-json\/wp\/v2\/users\/2"}],"replies":[{"embeddable":true,"href":"https:\/\/www.europesays.com\/no\/wp-json\/wp\/v2\/comments?post=92871"}],"version-history":[{"count":0,"href":"https:\/\/www.europesays.com\/no\/wp-json\/wp\/v2\/posts\/92871\/revisions"}],"wp:featuredmedia":[{"embeddable":true,"href":"https:\/\/www.europesays.com\/no\/wp-json\/wp\/v2\/media\/92872"}],"wp:attachment":[{"href":"https:\/\/www.europesays.com\/no\/wp-json\/wp\/v2\/media?parent=92871"}],"wp:term":[{"taxonomy":"category","embeddable":true,"href":"https:\/\/www.europesays.com\/no\/wp-json\/wp\/v2\/categories?post=92871"},{"taxonomy":"post_tag","embeddable":true,"href":"https:\/\/www.europesays.com\/no\/wp-json\/wp\/v2\/tags?post=92871"}],"curies":[{"name":"wp","href":"https:\/\/api.w.org\/{rel}","templated":true}]}}