{"id":92879,"date":"2025-11-21T11:41:16","date_gmt":"2025-11-21T11:41:16","guid":{"rendered":"https:\/\/www.europesays.com\/no\/92879\/"},"modified":"2025-11-21T11:41:16","modified_gmt":"2025-11-21T11:41:16","slug":"sport-fotball-mourinho-uttalte-seg-om-schjelderup-saken","status":"publish","type":"post","link":"https:\/\/www.europesays.com\/no\/92879\/","title":{"rendered":"Sport, Fotball | Mourinho uttalte seg om Schjelderup-saken"},"content":{"rendered":"\n<p>(<a href=\"https:\/\/www.an.no\/mourinho-uttalte-seg-om-schjelderup-saken\/s\/nettavisen.no\" rel=\"Follow nofollow noopener\" target=\"_blank\">Nettavisen<\/a>\ud83d\ude42 Denne uken ble landslagsspiller Andreas Schjelderup d\u00f8mt til 14 dagers betinget fengsel i Danmark for \u00e5 ha delt en video med seksuelt innhold av personer under 18 \u00e5r.<\/p>\n<p>\u2013 Han gjorde en feil<\/p>\n<p>Torsdag ettermiddag kommenterte Benfica-trener Jos\u00e9 Mourinho for f\u00f8rste gang dommen mot nordmannen.<\/p>\n<p>\u2013 Schjelderup gjorde en feil. Han gikk til retten, og han ble d\u00f8mt. Det er ikke en domfellelse som hindrer ham i \u00e5 ut\u00f8ve yrket sitt, sier Mourinho p\u00e5 en pressekonferanse dagen f\u00f8r m\u00f8tet med Atletico CP i cupen.<\/p>\n<p>Mourinho h\u00e5per n\u00e5 at Schjelderup har l\u00e6rt av sine feil.<\/p>\n<p>\u2013 Og for noen som har gjort en feil, som har akseptert at de gjorde en feil, som har akseptert domfellelsen fullstendig, er det et viktig skritt for dem \u00e5 f\u00f8le at de ikke kan glemme hva de gjorde. Og domfellelsen sikrer at de ikke glemmer. De m\u00e5 fortsette med livene sine, v\u00e6re mindre naive enn tidligere, l\u00e6re av en negativ opplevelse som preger og alltid vil prege dem. Du m\u00e5 fortsette \u00e5 vokse som person, sier Mourinho, if\u00f8lge <a href=\"https:\/\/www.record.pt\/futebol\/futebol-nacional\/liga-betclic\/benfica\/detalhe\/em-direto-siga-a-conferencia-de-jose-mourinho-de-antevisao-ao-jogo-com-o-atletico?ref=Benfica_DestaquesPrincipais\" rel=\"Follow nofollow noopener\" target=\"_blank\">Record<\/a>.<\/p>\n<p>Nettavisen var onsdag i kontakt med Benfica gjennom presseavdelingen til klubben. De opplyste om at de ikke \u00f8nsket \u00e5 kommentere dommen.<\/p>\n<p>  <a href=\"https:\/\/www.an.no\/5-4-2281498\" class=\"related-teaser has-image default-story-teaser article--c-eRUmMG article--c-eRUmMG-jKCPdD-design-default\" rel=\"nofollow noopener\" target=\"_blank\"><\/p>\n<p>    <img decoding=\"async\" loading=\"lazy\"  src=\"https:\/\/www.europesays.com\/no\/wp-content\/uploads\/2025\/11\/1763725276_345_cueres_scp-mangler_navn_IPxhfk8ChLA.jpg\" alt=\"\" class=\"brick-c-cFOWSL\" style=\"\"\/><\/p>\n<p>\n            Les ogs\u00e5<\/p>\n<p>              M\u00f8tte i retten \u2013 fikk betinget dom\n        <\/p>\n<p>  <\/a><br \/>\n  Fikk spilletid av Solbakken<\/p>\n<p>Schjelderups forsvarer Anders Nemeth ba om en betinget dom for sin klient. Han \u00f8nsker ikke \u00e5 kommentere om de vurderer \u00e5 anke, opplyste han til Nettavisen og andre medier onsdag. Schjelderup selv snakket ikke med pressen etter at dommen falt.<\/p>\n<p>Det var satt av 45 minutter til tilst\u00e5elsessaken i K\u00f8benhavn onsdag.<\/p>\n<p>Det var forrige helg at Schjelderup tok til sosiale medier og slapp nyheten om at han venter \u00e5 bli d\u00f8mt for et lovbrudd i n\u00e6r fremtid. I danske medier kom det raskt fram at bakgrunnen var at han hadde delt en videofilm p\u00e5 27 sekunder med seksuelt innhold av barn.<\/p>\n<p>Like etterp\u00e5 fulgte viktige landskamper mot Estland og Italia, som til slutt gjorde at Norge sikret VM-billett. Schjelderup var en del av troppen og fikk ogs\u00e5 spilletid i hjemmem\u00f8tet mot Estland.<\/p>\n","protected":false},"excerpt":{"rendered":"(Nettavisen\ud83d\ude42 Denne uken ble landslagsspiller Andreas Schjelderup d\u00f8mt til 14 dagers betinget fengsel i Danmark for \u00e5 ha&hellip;\n","protected":false},"author":2,"featured_media":92101,"comment_status":"","ping_status":"","sticky":false,"template":"","format":"standard","meta":{"footnotes":""},"categories":[59],"tags":[4761,36,92,30,28,29,83,82,1510],"class_list":{"0":"post-92879","1":"post","2":"type-post","3":"status-publish","4":"format-standard","5":"has-post-thumbnail","7":"category-sport","8":"tag-andreas-schjelderup","9":"tag-art","10":"tag-fotball","11":"tag-no","12":"tag-norge","13":"tag-norway","14":"tag-sport","15":"tag-sports","16":"tag-story"},"share_on_mastodon":{"url":"https:\/\/pubeurope.com\/@no\/115587506845881778","error":""},"_links":{"self":[{"href":"https:\/\/www.europesays.com\/no\/wp-json\/wp\/v2\/posts\/92879","targetHints":{"allow":["GET"]}}],"collection":[{"href":"https:\/\/www.europesays.com\/no\/wp-json\/wp\/v2\/posts"}],"about":[{"href":"https:\/\/www.europesays.com\/no\/wp-json\/wp\/v2\/types\/post"}],"author":[{"embeddable":true,"href":"https:\/\/www.europesays.com\/no\/wp-json\/wp\/v2\/users\/2"}],"replies":[{"embeddable":true,"href":"https:\/\/www.europesays.com\/no\/wp-json\/wp\/v2\/comments?post=92879"}],"version-history":[{"count":0,"href":"https:\/\/www.europesays.com\/no\/wp-json\/wp\/v2\/posts\/92879\/revisions"}],"wp:featuredmedia":[{"embeddable":true,"href":"https:\/\/www.europesays.com\/no\/wp-json\/wp\/v2\/media\/92101"}],"wp:attachment":[{"href":"https:\/\/www.europesays.com\/no\/wp-json\/wp\/v2\/media?parent=92879"}],"wp:term":[{"taxonomy":"category","embeddable":true,"href":"https:\/\/www.europesays.com\/no\/wp-json\/wp\/v2\/categories?post=92879"},{"taxonomy":"post_tag","embeddable":true,"href":"https:\/\/www.europesays.com\/no\/wp-json\/wp\/v2\/tags?post=92879"}],"curies":[{"name":"wp","href":"https:\/\/api.w.org\/{rel}","templated":true}]}}