{"id":92880,"date":"2025-11-21T11:46:13","date_gmt":"2025-11-21T11:46:13","guid":{"rendered":"https:\/\/www.europesays.com\/no\/92880\/"},"modified":"2025-11-21T11:46:13","modified_gmt":"2025-11-21T11:46:13","slug":"nyheter-vaer-gult-farevarsel-i-bergen-kan-bli-skikkelig-glatt","status":"publish","type":"post","link":"https:\/\/www.europesays.com\/no\/92880\/","title":{"rendered":"Nyheter, V\u00e6r | Gult farevarsel i Bergen: \u2013 Kan bli skikkelig glatt"},"content":{"rendered":"\n<p>De siste dagene har sn\u00f8en f\u00e5tt ligge i fred p\u00e5 byfjellene, med minusgrader og sol.<\/p>\n<p>N\u00e5 er det slutt, if\u00f8lge meteorologen. I helgen er det ventet et stort v\u00e6romslag i Bergen \u2013 med plussgrader og regn. <\/p>\n<p>\u2013 Vi merker allerede n\u00e5 at temperaturen stiger, sier Alexander Skeltved, meteorolog ved Vervarslinga p\u00e5 Vestlandet.<\/p>\n<p>M\u00e5lestasjonen p\u00e5 Florida har akkurat bikket null, sier han klokken 1100 fredag. Og varmere skal det bli.<\/p>\n<p>Bakgrunnen er et lavtrykk fra s\u00f8rvest, som f\u00f8rer mild luft innover Bergen.<\/p>\n<p>Kan bli glatt<\/p>\n<p>For byens trafikanter er dette d\u00e5rlig nytt. I overgangen fra kulde til varme, er det nemlig ogs\u00e5 ventet nedb\u00f8r. <\/p>\n<p>Til \u00e5 begynne med kan den komme som sludd eller sn\u00f8 fredag, f\u00f8r den g\u00e5r over til regn, if\u00f8lge meteorologen. <\/p>\n<p>\u2013 Og n\u00e5r du f\u00e5r regn p\u00e5 en frossen bakke, er det potensial for is og skikkelig glatte veier. Dette m\u00e5 folk se opp for.<\/p>\n<p>Meteorologisk institutt har sendt ut gult farevarsel for is. For Bergen gjelder det fra fredag ettermiddag til tidlig l\u00f8rdag morgen.<\/p>\n<p>\u2013 I syvtiden l\u00f8rdag er nok faren over for Bergens del. I indre str\u00f8k kan det fortsatt v\u00e6re glatt en stund til.<\/p>\n<p>Muligheter for fint v\u00e6r<\/p>\n<p>S\u00f8ndag er det ogs\u00e5 ventet nedb\u00f8r. Men p\u00e5 mandag og tirsdag snur det igjen. <\/p>\n<p>\u2013 Da er det muligheter for noks\u00e5 fint v\u00e6r. <\/p>\n<p>Resten av uken er det ventet nedb\u00f8r. Om dette kommer som sn\u00f8 eller regn, er forel\u00f8pig uvisst. <\/p>\n<p>\u2013 Det er litt avhengig av lavtrykkene. <\/p>\n","protected":false},"excerpt":{"rendered":"De siste dagene har sn\u00f8en f\u00e5tt ligge i fred p\u00e5 byfjellene, med minusgrader og sol. N\u00e5 er det&hellip;\n","protected":false},"author":2,"featured_media":92881,"comment_status":"","ping_status":"","sticky":false,"template":"","format":"standard","meta":{"footnotes":""},"categories":[10],"tags":[36,444,20,21,24,25,15,22,23,5248,13,30,28,29,14,16,1510,26,27,553,12096],"class_list":{"0":"post-92880","1":"post","2":"type-post","3":"status-publish","4":"format-standard","5":"has-post-thumbnail","7":"category-norge","8":"tag-art","9":"tag-bergen","10":"tag-breaking-news","11":"tag-breakingnews","12":"tag-featured-news","13":"tag-featurednews","14":"tag-headlines","15":"tag-latest-news","16":"tag-latestnews","17":"tag-meterologene","18":"tag-news","19":"tag-no","20":"tag-norge","21":"tag-norway","22":"tag-nyheter","23":"tag-overskrifter","24":"tag-story","25":"tag-top-stories","26":"tag-topstories","27":"tag-vaer","28":"tag-vervarslinga-pa-vestlandet"},"share_on_mastodon":{"url":"https:\/\/pubeurope.com\/@no\/115587526578329334","error":""},"_links":{"self":[{"href":"https:\/\/www.europesays.com\/no\/wp-json\/wp\/v2\/posts\/92880","targetHints":{"allow":["GET"]}}],"collection":[{"href":"https:\/\/www.europesays.com\/no\/wp-json\/wp\/v2\/posts"}],"about":[{"href":"https:\/\/www.europesays.com\/no\/wp-json\/wp\/v2\/types\/post"}],"author":[{"embeddable":true,"href":"https:\/\/www.europesays.com\/no\/wp-json\/wp\/v2\/users\/2"}],"replies":[{"embeddable":true,"href":"https:\/\/www.europesays.com\/no\/wp-json\/wp\/v2\/comments?post=92880"}],"version-history":[{"count":0,"href":"https:\/\/www.europesays.com\/no\/wp-json\/wp\/v2\/posts\/92880\/revisions"}],"wp:featuredmedia":[{"embeddable":true,"href":"https:\/\/www.europesays.com\/no\/wp-json\/wp\/v2\/media\/92881"}],"wp:attachment":[{"href":"https:\/\/www.europesays.com\/no\/wp-json\/wp\/v2\/media?parent=92880"}],"wp:term":[{"taxonomy":"category","embeddable":true,"href":"https:\/\/www.europesays.com\/no\/wp-json\/wp\/v2\/categories?post=92880"},{"taxonomy":"post_tag","embeddable":true,"href":"https:\/\/www.europesays.com\/no\/wp-json\/wp\/v2\/tags?post=92880"}],"curies":[{"name":"wp","href":"https:\/\/api.w.org\/{rel}","templated":true}]}}