{"id":92895,"date":"2025-11-21T12:00:08","date_gmt":"2025-11-21T12:00:08","guid":{"rendered":"https:\/\/www.europesays.com\/no\/92895\/"},"modified":"2025-11-21T12:00:08","modified_gmt":"2025-11-21T12:00:08","slug":"haugalandet-vaeret-vaeret-i-ettermiddag-skjer-det-noe","status":"publish","type":"post","link":"https:\/\/www.europesays.com\/no\/92895\/","title":{"rendered":"Haugalandet, V\u00e6ret | V\u00e6ret: I ettermiddag skjer det noe"},"content":{"rendered":"\n<p><b>V\u00c6RET: <\/b>Denne uken har vinteren kommet til v\u00e5rt omr\u00e5de, men som meteorolog Susana Reuder meldte i starten av uken skjer det noe i l\u00f8pet av fredag.<\/p>\n<p><b>\u2013 V\u00e6ret kommer til \u00e5 snu. Da f\u00e5r vi et lavtrykk fra vest som tar med seg litt mildere luftmasser. Det vil bli litt mer skyet og vind fra s\u00f8r, meldte Reuder.<\/b><\/p>\n<p>I et ferskt varsel melder Meteorologisk institutt at det fredag kveld ventes mye is p\u00e5 grunn av overgang til mildv\u00e6r og regn som fryser p\u00e5 kald bakke. Nedb\u00f8r kan enkelte steder starte som sn\u00f8 eller sludd. I Haugesund har det begynt \u00e5 sn\u00f8 i 12.30-tiden.<\/p>\n<p><b>\u2013 Det kan v\u00e6re lokalt vanskelige kj\u00f8reforhold. Transporttjenester kan ogs\u00e5 bli p\u00e5virket. Beregn ekstra tid til transport og kj\u00f8ring. Bruk riktige dekk og kj\u00f8r etter forholdene, heter det i farevarselet som er sendt ut. <\/b><\/p>\n<p>\u00c5rsaken er at veibanen kan lokalt bli dekket av v\u00e5t is.<\/p>\n<p><b>\u2013 Tilpass farten og kj\u00f8r etter forholdene. Vurder bruk av brodder eller piggsko, er anbefalingen fra Meteorologisk institutt.<\/b><\/p>\n<p>Instituttet melder at det er fare for h\u00e5lkef\u00f8re.<\/p>\n<p><b>\u2013 V\u00e6r oppmerksom p\u00e5 at isen kan v\u00e6re vanskelig \u00e5 se. <\/b><\/p>\n<p>I varselet er faren st\u00f8rst fredag klokka 17.00. Varselet gjelder fram til og med l\u00f8rdag. Resten av helgen ligger an til \u00e5 bli mild og v\u00e5t.<\/p>\n","protected":false},"excerpt":{"rendered":"V\u00c6RET: Denne uken har vinteren kommet til v\u00e5rt omr\u00e5de, men som meteorolog Susana Reuder meldte i starten av&hellip;\n","protected":false},"author":2,"featured_media":92896,"comment_status":"","ping_status":"","sticky":false,"template":"","format":"standard","meta":{"footnotes":""},"categories":[10],"tags":[36,20,21,24,25,9167,15,22,23,1202,13,30,28,29,14,16,1510,26,27,387],"class_list":{"0":"post-92895","1":"post","2":"type-post","3":"status-publish","4":"format-standard","5":"has-post-thumbnail","7":"category-norge","8":"tag-art","9":"tag-breaking-news","10":"tag-breakingnews","11":"tag-featured-news","12":"tag-featurednews","13":"tag-haugalandet","14":"tag-headlines","15":"tag-latest-news","16":"tag-latestnews","17":"tag-meteorologisk-institutt","18":"tag-news","19":"tag-no","20":"tag-norge","21":"tag-norway","22":"tag-nyheter","23":"tag-overskrifter","24":"tag-story","25":"tag-top-stories","26":"tag-topstories","27":"tag-vaeret"},"share_on_mastodon":{"url":"https:\/\/pubeurope.com\/@no\/115587581521366066","error":""},"_links":{"self":[{"href":"https:\/\/www.europesays.com\/no\/wp-json\/wp\/v2\/posts\/92895","targetHints":{"allow":["GET"]}}],"collection":[{"href":"https:\/\/www.europesays.com\/no\/wp-json\/wp\/v2\/posts"}],"about":[{"href":"https:\/\/www.europesays.com\/no\/wp-json\/wp\/v2\/types\/post"}],"author":[{"embeddable":true,"href":"https:\/\/www.europesays.com\/no\/wp-json\/wp\/v2\/users\/2"}],"replies":[{"embeddable":true,"href":"https:\/\/www.europesays.com\/no\/wp-json\/wp\/v2\/comments?post=92895"}],"version-history":[{"count":0,"href":"https:\/\/www.europesays.com\/no\/wp-json\/wp\/v2\/posts\/92895\/revisions"}],"wp:featuredmedia":[{"embeddable":true,"href":"https:\/\/www.europesays.com\/no\/wp-json\/wp\/v2\/media\/92896"}],"wp:attachment":[{"href":"https:\/\/www.europesays.com\/no\/wp-json\/wp\/v2\/media?parent=92895"}],"wp:term":[{"taxonomy":"category","embeddable":true,"href":"https:\/\/www.europesays.com\/no\/wp-json\/wp\/v2\/categories?post=92895"},{"taxonomy":"post_tag","embeddable":true,"href":"https:\/\/www.europesays.com\/no\/wp-json\/wp\/v2\/tags?post=92895"}],"curies":[{"name":"wp","href":"https:\/\/api.w.org\/{rel}","templated":true}]}}