{"id":92931,"date":"2025-11-21T12:36:12","date_gmt":"2025-11-21T12:36:12","guid":{"rendered":"https:\/\/www.europesays.com\/no\/92931\/"},"modified":"2025-11-21T12:36:12","modified_gmt":"2025-11-21T12:36:12","slug":"vaervarsel-vaeret-snur-etter-kuldebolge","status":"publish","type":"post","link":"https:\/\/www.europesays.com\/no\/92931\/","title":{"rendered":"V\u00e6rvarsel: V\u00e6ret snur etter kuldeb\u00f8lge"},"content":{"rendered":"\n<p class=\"_lead_o9xde_2 _lead_xtcu6_50 layout-component text-serif-m layout-normal text-serif-l layout-component layout-wide layout-padded _wide_17hqh_1 layout-padded\">&#8230; men i Nord-Norge blir det kj\u00f8lig en stund til, if\u00f8lge meteorologen.<\/p>\n<p><img alt=\"Nordavind og klarv\u00e6r har s\u00f8rget for kj\u00f8lige dager i hele landet. Foto: \u00d8rn E. Borgen \/ NTB\" class=\"_image_qp4xg_65 layout-component layout-wide\" data-fullscreen- data-track-element-type=\"Article image fullscreen\" data-track-name=\"ImageFullscreen\" fetchpriority=\"high\" decoding=\"sync\" loading=\"eager\" height=\"4000\" itemprop=\"image\"  src=\"https:\/\/www.europesays.com\/no\/wp-content\/uploads\/2025\/11\/cb639d17-96f7-43a4-ae9c-0a850152d8c4\"  style=\"object-position:0% 0%\" width=\"6000\"\/>Nordavind og klarv\u00e6r har s\u00f8rget for kj\u00f8lige dager i hele landet. Foto: \u00d8rn E. Borgen \/ NTB<\/p>\n<ul aria-hidden=\"true\" class=\"_images_18f0k_111\">\n<li><a class=\"_link_18f0k_116\" href=\"https:\/\/www.vg.no\/forfatter\/kristina-kinne\" style=\"z-index:1\" title=\"Kristina Kinne\" rel=\"nofollow noopener\" target=\"_blank\"><img alt=\"Bilde av Kristina Kinne\" class=\"_image_18f0k_93\" fetchpriority=\"low\" loading=\"lazy\" decoding=\"async\" itemprop=\"image\"  src=\"https:\/\/www.europesays.com\/no\/wp-content\/uploads\/2025\/11\/0d72fa05-a426-45fc-b338-22db82e0e5cb\"  width=\"480\"\/><\/a><\/li>\n<\/ul>\n<p> Oppdatert fredag 21. november kl. 12:50    <\/p>\n<ul class=\"_list_o9xde_3 _list_64s2r_85 _unordered_o9xde_106 text-sans-m\">\n<li class=\"_item_o9xde_30\">Kulde fra nord har f\u00f8rt til lave temperaturer over hele Norge, kaldest er det i Karasjok med minus 27 grader fredag.<\/li>\n<li class=\"_item_o9xde_30\">\u00d8stlandet har ogs\u00e5 opplevd ekstra kalde forhold, med 15 kuldegrader i Flisa og Nesbyen.<\/li>\n<li class=\"_item_o9xde_30\">Lavtrykk med varmere luft er p\u00e5 vei s\u00f8rfra, men f\u00f8rer ogs\u00e5 med seg fare for glatt f\u00f8re.<\/li>\n<\/ul>\n<p>Vis mer <\/p>\n<p class=\"_paragraph_o9xde_4 _paragraph_xtcu6_10 layout-component text-serif-m layout-normal text-serif-m layout-padded\">Om du har f\u00f8lt deg ekstra frossen de siste dagene, er det noe sannhet i det, forklarer statsmeteorolog H\u00e5vard Torset.<\/p>\n<p class=\"_paragraph_o9xde_4 _paragraph_xtcu6_10 layout-component text-serif-m layout-normal text-serif-m layout-padded\">\u2013 Det er s\u00e5 enkelt som at kald vind fra nordomr\u00e5dene har trukket ned over hele landet.<\/p>\n<p class=\"_paragraph_o9xde_4 _paragraph_xtcu6_10 layout-component text-serif-m layout-normal text-serif-m layout-padded\">\u2013 I kombinasjon med klarv\u00e6r kan det da bli ordentlig kaldt i Norge, sier han.<\/p>\n<p class=\"_paragraph_o9xde_4 _paragraph_xtcu6_10 layout-component text-serif-m layout-normal text-serif-m layout-padded\"><strong class=\"_strong_o9xde_25\">Aller kaldest er det i Finnmark, der ble det m\u00e5lt 28 kuldegrader i Kautokeino fredag.<\/strong><\/p>\n<p class=\"_paragraph_o9xde_4 _paragraph_xtcu6_10 layout-component text-serif-m layout-normal text-serif-m layout-padded\">\u2013 Det er ogs\u00e5 ekstra kj\u00f8lig noen steder p\u00e5 \u00d8stlandet, for eksempel er det m\u00e5lt 15 kuldegrader p\u00e5 Flisa og i Nesbyen.<\/p>\n<p class=\"_paragraph_o9xde_4 _paragraph_xtcu6_10 layout-component text-serif-m layout-normal text-serif-m layout-padded\">\u2013 Er dette unormalt for denne tiden av \u00e5ret?<\/p>\n<p class=\"_paragraph_o9xde_4 _paragraph_xtcu6_10 layout-component text-serif-m layout-normal text-serif-m layout-padded\">\u2013 I november skifter temperaturen fort. Det startet mildt, og s\u00e5 ble det plutselig mye kj\u00f8ligere. Da merker man det godt, men s\u00e5nt skjer n\u00e5r man er i slutten av november, sier statsmeteorologen.<\/p>\n<p><img alt=\"Det har v\u00e6rt kj\u00f8lig i hele landet, men det er i ferd med \u00e5 snu  Foto: Skjermdump fra Yr.no\" class=\"_image_qp4xg_65 layout-component layout-normal\" data-fullscreen- data-track-element-type=\"Article image fullscreen\" data-track-name=\"ImageFullscreen\" decoding=\"async\" loading=\"lazy\" height=\"874\" itemprop=\"image\"  src=\"https:\/\/www.europesays.com\/no\/wp-content\/uploads\/2025\/11\/d9bc52ad-76ab-4b59-9ba2-44b041b8f5ff\"  style=\"object-position:0% 0%\" width=\"1058\"\/>Det har v\u00e6rt kj\u00f8lig i hele landet, men det er i ferd med \u00e5 snu  Foto: Skjermdump fra Yr.noAdvarer om glatta<\/p>\n<p class=\"_paragraph_o9xde_4 _paragraph_xtcu6_10 layout-component text-serif-m layout-normal text-serif-m layout-padded\">For de av dere som har f\u00e5tt nok av nordavinden, kommer statsmeteorologen med gode nyheter:<\/p>\n<p class=\"_paragraph_o9xde_4 _paragraph_xtcu6_10 layout-component text-serif-m layout-normal text-serif-m layout-padded\">\u2013 Spesielt s\u00f8r i landet blir det mildere n\u00e5, sier Torset.<\/p>\n<p class=\"_paragraph_o9xde_4 _paragraph_xtcu6_10 layout-component text-serif-m layout-normal text-serif-m layout-padded\"><strong class=\"_strong_o9xde_25\">Han forklarer at et lavtrykk er p\u00e5 vei som drar med seg varmere luft og etter hvert en del regn. <\/strong><\/p>\n<p><img alt=\"V\u00e6romslaget kan f\u00f8re til glatte forhold enkelte steder, bildet viser en lignende situasjon i 2024.  Foto: Tore Kristiansen \/ VG\" class=\"_image_qp4xg_65 layout-component layout-normal\" data-fullscreen- data-track-element-type=\"Article image fullscreen\" data-track-name=\"ImageFullscreen\" decoding=\"async\" loading=\"lazy\" height=\"4000\" itemprop=\"image\"  src=\"https:\/\/www.europesays.com\/no\/wp-content\/uploads\/2025\/11\/3c040645-8521-449d-a9c2-b9a36f23ec42\"  style=\"object-position:0% 0%\" width=\"6000\"\/>V\u00e6romslaget kan f\u00f8re til glatte forhold enkelte steder, bildet viser en lignende situasjon i 2024.  Foto: Tore Kristiansen \/ VG<\/p>\n<p class=\"_paragraph_o9xde_4 _paragraph_xtcu6_10 layout-component text-serif-m layout-normal text-serif-m layout-padded\">\u2013 Da blir det varmere, men det betyr ogs\u00e5 at det kan bli ordentlig glatt noen steder der det har falt sn\u00f8.<\/p>\n<p class=\"_paragraph_o9xde_4 _paragraph_xtcu6_10 layout-component text-serif-m layout-normal text-serif-m layout-padded\">Fredag er det sendt ut gult farevarsel for glatt f\u00f8re flere steder p\u00e5 Nordvestlandet og indre deler av \u00d8stlandet.<\/p>\n<p class=\"_paragraph_o9xde_4 _paragraph_xtcu6_10 layout-component text-serif-m layout-normal text-serif-m layout-padded\">\u2013 Hva med Nord-Norge?<\/p>\n<p class=\"_paragraph_o9xde_4 _paragraph_xtcu6_10 layout-component text-serif-m layout-normal text-serif-m layout-padded\">\u2013 Der holder det seg stabilt kaldt en periode til, forsikrer Torset.<\/p>\n","protected":false},"excerpt":{"rendered":"&#8230; men i Nord-Norge blir det kj\u00f8lig en stund til, if\u00f8lge meteorologen. Nordavind og klarv\u00e6r har s\u00f8rget for&hellip;\n","protected":false},"author":2,"featured_media":92932,"comment_status":"","ping_status":"","sticky":false,"template":"","format":"standard","meta":{"footnotes":""},"categories":[10],"tags":[20,21,24,25,15,8981,22,23,1202,13,30,28,29,14,16,26,27,553],"class_list":{"0":"post-92931","1":"post","2":"type-post","3":"status-publish","4":"format-standard","5":"has-post-thumbnail","7":"category-norge","8":"tag-breaking-news","9":"tag-breakingnews","10":"tag-featured-news","11":"tag-featurednews","12":"tag-headlines","13":"tag-kulde","14":"tag-latest-news","15":"tag-latestnews","16":"tag-meteorologisk-institutt","17":"tag-news","18":"tag-no","19":"tag-norge","20":"tag-norway","21":"tag-nyheter","22":"tag-overskrifter","23":"tag-top-stories","24":"tag-topstories","25":"tag-vaer"},"share_on_mastodon":{"url":"https:\/\/pubeurope.com\/@no\/115587723169186504","error":""},"_links":{"self":[{"href":"https:\/\/www.europesays.com\/no\/wp-json\/wp\/v2\/posts\/92931","targetHints":{"allow":["GET"]}}],"collection":[{"href":"https:\/\/www.europesays.com\/no\/wp-json\/wp\/v2\/posts"}],"about":[{"href":"https:\/\/www.europesays.com\/no\/wp-json\/wp\/v2\/types\/post"}],"author":[{"embeddable":true,"href":"https:\/\/www.europesays.com\/no\/wp-json\/wp\/v2\/users\/2"}],"replies":[{"embeddable":true,"href":"https:\/\/www.europesays.com\/no\/wp-json\/wp\/v2\/comments?post=92931"}],"version-history":[{"count":0,"href":"https:\/\/www.europesays.com\/no\/wp-json\/wp\/v2\/posts\/92931\/revisions"}],"wp:featuredmedia":[{"embeddable":true,"href":"https:\/\/www.europesays.com\/no\/wp-json\/wp\/v2\/media\/92932"}],"wp:attachment":[{"href":"https:\/\/www.europesays.com\/no\/wp-json\/wp\/v2\/media?parent=92931"}],"wp:term":[{"taxonomy":"category","embeddable":true,"href":"https:\/\/www.europesays.com\/no\/wp-json\/wp\/v2\/categories?post=92931"},{"taxonomy":"post_tag","embeddable":true,"href":"https:\/\/www.europesays.com\/no\/wp-json\/wp\/v2\/tags?post=92931"}],"curies":[{"name":"wp","href":"https:\/\/api.w.org\/{rel}","templated":true}]}}