{"id":92943,"date":"2025-11-21T12:58:13","date_gmt":"2025-11-21T12:58:13","guid":{"rendered":"https:\/\/www.europesays.com\/no\/92943\/"},"modified":"2025-11-21T12:58:13","modified_gmt":"2025-11-21T12:58:13","slug":"35-aring-domt-for-drapet-pa-linea-20-anker-dommen","status":"publish","type":"post","link":"https:\/\/www.europesays.com\/no\/92943\/","title":{"rendered":"35-\u00e5ring d\u00f8mt for drapet p\u00e5 Linea (20) \u2013 anker dommen"},"content":{"rendered":"\n<p class=\"_lead_o9xde_2 _lead_xtcu6_50 layout-component text-serif-m layout-normal text-serif-l layout-component layout-wide layout-padded _wide_17hqh_1 layout-padded\">I tingretten ble han d\u00f8mt til 12 \u00e5rs fengsel for drapet. <\/p>\n<p><img alt=\"Linea Bj\u00f8rnnes Foto: Privat\" class=\"_image_qp4xg_65 layout-component layout-wide\" data-fullscreen- data-track-element-type=\"Article image fullscreen\" data-track-name=\"ImageFullscreen\" fetchpriority=\"high\" decoding=\"sync\" loading=\"eager\" height=\"1576\" itemprop=\"image\"  src=\"https:\/\/www.europesays.com\/no\/wp-content\/uploads\/2025\/11\/7e70c46f-d7d0-45f5-9a80-6f46f31620d3\"  style=\"object-position:0% 0%\" width=\"1582\"\/>Linea Bj\u00f8rnnes Foto: Privat Oppdatert fredag 21. november kl. 13:43     <\/p>\n<p class=\"_paragraph_o9xde_4 _paragraph_xtcu6_10 layout-component text-serif-m layout-normal text-serif-m layout-padded\">\u2014 Han mener at han ikke har hatt forsett om \u00e5 drepe, og da blir det riktig \u00e5 anke, sier hans forsvarer Kjell Myrland til VG. <\/p>\n<p class=\"_paragraph_o9xde_4 _paragraph_xtcu6_10 layout-component text-serif-m layout-normal text-serif-m layout-padded\">I retten nektet mannen straffskyld. Forsvareren la ned p\u00e5stand om at han skulle anses p\u00e5 mildest mulig m\u00e5te. <\/p>\n<p><img alt=\"Den drapstiltalte mannen i Tr\u00f8ndelag tingrett. Han har selv sagt ja \u00e5 bli fotografert anonymt.   Foto: Emma Fondenes \u00d8vreb\u00f8 \/ VG\" class=\"_image_qp4xg_65 layout-component layout-normal\" data-fullscreen- data-track-element-type=\"Article image fullscreen\" data-track-name=\"ImageFullscreen\" decoding=\"async\" loading=\"lazy\" height=\"4500\" itemprop=\"image\"  src=\"https:\/\/www.europesays.com\/no\/wp-content\/uploads\/2025\/11\/44dc8de5-6e5c-4dd5-9161-926e647be708\"  style=\"object-position:0% 0%\" width=\"5919\"\/>Den drapstiltalte mannen i Tr\u00f8ndelag tingrett. Han har selv sagt ja \u00e5 bli fotografert anonymt.   Foto: Emma Fondenes \u00d8vreb\u00f8 \/ VG<\/p>\n<p class=\"_paragraph_o9xde_4 _paragraph_xtcu6_10 layout-component text-serif-m layout-normal text-serif-m layout-padded\">I retten ble mannen ogs\u00e5 d\u00f8mt til \u00e5 betale oppreisningserstatning til Lineas mor, Therese Bj\u00f8rnnes, og far, Kim Rosvoldaune, med 391.000 kroner, og erstatning for p\u00e5f\u00f8rt inntektstap til moren med 50.000 kroner.<\/p>\n<p class=\"_paragraph_o9xde_4 _paragraph_xtcu6_10 layout-component text-serif-m layout-normal text-serif-m layout-padded\">Linea ble funnet livl\u00f8s i sitt hjem p\u00e5 Hegra i Stj\u00f8rdal 17. desember i fjor. <\/p>\n<p class=\"_paragraph_o9xde_4 _paragraph_xtcu6_10 layout-component text-serif-m layout-normal text-serif-m layout-padded\">Mannen har tidligere v\u00e6rt siktet for trusler, vold, frihetsber\u00f8velse og alvorlig, gjentatt mishandling av Linea. Han har hatt<a href=\"https:\/\/www.vg.no\/nyheter\/i\/8q7X7G\/stjoerdal-mann-siktet-for-drap-har-tidligere-hatt-besoeksforbud-mot-avdoede\" data-track-element-type=\"Link\" data-track-id=\"link:8q7X7G\" class=\"_link_o9xde_39\" rel=\"nofollow noopener\" target=\"_blank\">\u00a0flere bes\u00f8ksforbud mot henne\u00a0<\/a>\u2013 ogs\u00e5 da de bodde i samme blokk.<\/p>\n<p class=\"_paragraph_o9xde_4 _paragraph_xtcu6_10 layout-component text-serif-m layout-normal text-serif-m layout-padded\">Straffesakene ble henlagt p\u00e5 grunn av tvil om tilregnelighet. <\/p>\n<p>    <img decoding=\"async\" alt=\"Tips oss illustrasjon\" src=\"https:\/\/www.europesays.com\/no\/wp-content\/uploads\/2025\/10\/pssst-small.webp.webp\"\/>    <\/p>\n<p class=\"title-serif-s\">Har du tips?<\/p>\n<p class=\"text-sans-m\">Send oss informasjon, bilder eller video.<\/p>\n<p>  <a href=\"https:\/\/www.vg.no\/tips-oss\" rel=\"nofollow noopener\" target=\"_blank\"> Tips oss <\/a>      <\/p>\n","protected":false},"excerpt":{"rendered":"I tingretten ble han d\u00f8mt til 12 \u00e5rs fengsel for drapet. Linea Bj\u00f8rnnes Foto: Privat Oppdatert fredag 21.&hellip;\n","protected":false},"author":2,"featured_media":92944,"comment_status":"","ping_status":"","sticky":false,"template":"","format":"standard","meta":{"footnotes":""},"categories":[10],"tags":[31,20,21,24,25,15,22,23,13,30,28,29,14,16,26,27],"class_list":{"0":"post-92943","1":"post","2":"type-post","3":"status-publish","4":"format-standard","5":"has-post-thumbnail","7":"category-norge","8":"tag-breaking","9":"tag-breaking-news","10":"tag-breakingnews","11":"tag-featured-news","12":"tag-featurednews","13":"tag-headlines","14":"tag-latest-news","15":"tag-latestnews","16":"tag-news","17":"tag-no","18":"tag-norge","19":"tag-norway","20":"tag-nyheter","21":"tag-overskrifter","22":"tag-top-stories","23":"tag-topstories"},"share_on_mastodon":{"url":"https:\/\/pubeurope.com\/@no\/115587809737337961","error":""},"_links":{"self":[{"href":"https:\/\/www.europesays.com\/no\/wp-json\/wp\/v2\/posts\/92943","targetHints":{"allow":["GET"]}}],"collection":[{"href":"https:\/\/www.europesays.com\/no\/wp-json\/wp\/v2\/posts"}],"about":[{"href":"https:\/\/www.europesays.com\/no\/wp-json\/wp\/v2\/types\/post"}],"author":[{"embeddable":true,"href":"https:\/\/www.europesays.com\/no\/wp-json\/wp\/v2\/users\/2"}],"replies":[{"embeddable":true,"href":"https:\/\/www.europesays.com\/no\/wp-json\/wp\/v2\/comments?post=92943"}],"version-history":[{"count":0,"href":"https:\/\/www.europesays.com\/no\/wp-json\/wp\/v2\/posts\/92943\/revisions"}],"wp:featuredmedia":[{"embeddable":true,"href":"https:\/\/www.europesays.com\/no\/wp-json\/wp\/v2\/media\/92944"}],"wp:attachment":[{"href":"https:\/\/www.europesays.com\/no\/wp-json\/wp\/v2\/media?parent=92943"}],"wp:term":[{"taxonomy":"category","embeddable":true,"href":"https:\/\/www.europesays.com\/no\/wp-json\/wp\/v2\/categories?post=92943"},{"taxonomy":"post_tag","embeddable":true,"href":"https:\/\/www.europesays.com\/no\/wp-json\/wp\/v2\/tags?post=92943"}],"curies":[{"name":"wp","href":"https:\/\/api.w.org\/{rel}","templated":true}]}}